{"id":622593,"date":"2025-12-26T03:15:08","date_gmt":"2025-12-26T03:15:08","guid":{"rendered":"https:\/\/www.europesays.com\/fr\/622593\/"},"modified":"2025-12-26T03:15:08","modified_gmt":"2025-12-26T03:15:08","slug":"paris-renoue-avec-la-victoire-lasvel-au-bout-de-la-nuit","status":"publish","type":"post","link":"https:\/\/www.europesays.com\/fr\/622593\/","title":{"rendered":"Paris renoue avec la victoire, l&rsquo;Asvel au bout de la nuit"},"content":{"rendered":"<p>\n    Le club de la capitale a domin\u00e9 l\u2019\u00c9toile Rouge Belgrade (102-92) mardi soir, tandis que Villeurbanne s\u2019est impos\u00e9 face \u00e0 l\u2019Efes Istanbul apr\u00e8s deux prolongations (103-99).<\/p>\n<p class=\"fig-paragraph\">Le Paris Basketball, qui restait sur six d\u00e9faites en Euroligue, s&rsquo;est offert un cadeau de No\u00ebl avant l&rsquo;heure en dominant l&rsquo;\u00c9toile rouge de Belgrade (102-92) mardi soir tandis que l&rsquo;Asvel, au bout de la nuit, a arrach\u00e9 une victoire de prestige face \u00e0 l&rsquo;Efes Istanbul (103-99 apr\u00e8s deux prolongations).<\/p>\n<p class=\"fig-paragraph\">Battus sur le fil jeudi dernier sur le parquet du Real Madrid (95-90) apr\u00e8s avoir men\u00e9 une bonne partie de la rencontre, les joueurs de Francesco Tabellini &#8211; dont la derni\u00e8re victoire en Europe remontait au 13 novembre &#8211; ont pris le match par le bon bout. Un \u00abrun\u00bb de 11 points cons\u00e9cutifs \u00e0 cheval sur la fin du premier quart-temps et le d\u00e9but du deuxi\u00e8me leur a donn\u00e9 un premier avantage de 14 points (32-18).<\/p>\n<p>                                            <a class=\"fig-a11y-skip\" href=\"#fig-a11y-skip-main-inarticle\" data-module=\"a11y-skip\" data-context=\"was @visible\"><br \/>\n    Passer la publicit\u00e9<br \/>\n<\/a>            <\/p>\n<p class=\"fig-paragraph\">Mais les Serbes, port\u00e9s par un Chima Moneke en feu (15 pts, 6 rebonds, 4 passes d\u00e9cisives en premi\u00e8re mi-temps), ont progressivement refait leur retard et la mi-temps est intervenue sur une avance minime pour les partenaires de Nadir Hifi (51-46). \u00c0 la reprise, les Parisiens ont plac\u00e9 une nouvelle acc\u00e9l\u00e9ration (8 points \u00e0 2) \u00e0 laquelle les joueurs de Sasa Obradovic ont r\u00e9pondu sans paniquer (59-55 pour Paris \u00e0 5\u201928\u2019\u2019 de la fin du troisi\u00e8me quart-temps).<\/p>\n<p class=\"fig-paragraph\">C&rsquo;est le moment qu&rsquo;ont choisi les joueurs de la capitale pour hausser franchement le ton, finissant en trombe le troisi\u00e8me quart-temps et enflammant le public parisien avec des dunks ravageurs de Jordan Rhoden et Mouhamed Faye. Et le score a enfl\u00e9, passant de 59-55 \u00e0 79-58 et 21 points d&rsquo;avance, plus gros \u00e9cart du match, \u00e0 l&rsquo;amorce du dernier quart-temps. Tandis que Moneke s&rsquo;\u00e9teignait (le Nig\u00e9rian n&rsquo;a inscrit que deux points en deuxi\u00e8me mi-temps), les Parisiens g\u00e9raient sans souci leur fin de match et passaient la barre des 100 points. Paris reste cependant scotch\u00e9 au fond de la classe (16e), avec 6 victoires pour 12 d\u00e9faites.<\/p>\n<p>                                            L&rsquo;Asvel au bout du suspense<\/p>\n<p class=\"fig-paragraph\">L&rsquo;Asvel, encore plus mal en point, tout en bas du classement de l&rsquo;Euroligue, recevait de son c\u00f4t\u00e9 l&rsquo;Efes Istanbul, \u00e0 peine mieux class\u00e9 (18e). Les deux \u00e9quipes ont fait jeu \u00e9gal pendant la totalit\u00e9 du match, l&rsquo;\u00e9cart ne d\u00e9passant jamais les cinq points lors de la premi\u00e8re mi-temps (41-41 \u00e0 la pause), \u00e0 peine plus dans le troisi\u00e8me quart-temps (+8 pour les Turcs \u00e0 54-46).<\/p>\n<p class=\"fig-paragraph\">Dans le money-time, les hommes de Pierric Poupet sont repass\u00e9s en t\u00eate, d&rsquo;abord sur un panier de Thomas Heurtel, qui a franchi \u00e0 l&rsquo;occasion la barre des 2.500 points en Euroligue (69-68 \u00e0 cinq minutes du terme), puis d&rsquo;un tir prim\u00e9 de Glynn Watson Jr (76-75 \u00e0 deux minutes). \u00c0 douze secondes de la sir\u00e8ne, les co\u00e9quipiers de Nando De Colo menaient de trois points (80-77) mais la possession \u00e9tait turque et Nick Weiler-Babb servi par Vincent Poirier arrachait une premi\u00e8re prolongation (80-80).<\/p>\n<p class=\"fig-paragraph\">Les deux \u00e9quipes ont continu\u00e9 \u00e0 se rendre coup pour coup, le pivot villeurbannais Bastien Vautier (28 points) faisant le match avec Vincent Poirier (17 pts) dans la raquette. Dans la seconde prolongation, la main de Shaquille Harrison n&rsquo;a pas trembl\u00e9 sur la ligne des lancers francs, et ses deux points ont offert la victoire \u00e0 l&rsquo;Asvel (103-99). Villeurbanne (5 victoires, 13 d\u00e9faites) et Paris s&rsquo;affronteront le 30 d\u00e9cembre prochain \u00e0 Lyon lors de la 19e et derni\u00e8re journ\u00e9e de la phase aller. Monaco, troisi\u00e8me repr\u00e9sentant fran\u00e7ais en Euroligue, jouera de son c\u00f4t\u00e9 son match de la 18e journ\u00e9e vendredi dans sa salle face au Real Madrid.<\/p>\n","protected":false},"excerpt":{"rendered":"Le club de la capitale a domin\u00e9 l\u2019\u00c9toile Rouge Belgrade (102-92) mardi soir, tandis que Villeurbanne s\u2019est impos\u00e9&hellip;\n","protected":false},"author":2,"featured_media":622594,"comment_status":"","ping_status":"","sticky":false,"template":"","format":"standard","meta":{"footnotes":""},"categories":[1888],"tags":[1111,1928,11,1927,2190,1465,1464,2180,2192,814,64,1777,450,2183,674,1011,27,2191,2193,820,2181,2182,12,1926,626,1925,2189,2186,2184,2185,25,1980,2188,2187],"class_list":{"0":"post-622593","1":"post","2":"type-post","3":"status-publish","4":"format-standard","5":"has-post-thumbnail","7":"category-paris","8":"tag-actu","9":"tag-actu-paris","10":"tag-actualites","11":"tag-actualites-paris","12":"tag-asvel","13":"tag-basket","14":"tag-basketball","15":"tag-championnats-deurope","16":"tag-cholet","17":"tag-direct","18":"tag-equipe-de-france","19":"tag-eu","20":"tag-euro","21":"tag-euroligue","22":"tag-europe","23":"tag-fr","24":"tag-france","25":"tag-le-mans","26":"tag-limoges","27":"tag-live","28":"tag-mondial","29":"tag-nba","30":"tag-news","31":"tag-news-paris","32":"tag-paris","33":"tag-paris-news","34":"tag-photos","35":"tag-play-offs","36":"tag-pro-a","37":"tag-pro-b","38":"tag-republique-francaise","39":"tag-resultats","40":"tag-statistiques","41":"tag-stats"},"share_on_mastodon":{"url":"https:\/\/pubeurope.com\/@fr\/115783697915616354","error":""},"_links":{"self":[{"href":"https:\/\/www.europesays.com\/fr\/wp-json\/wp\/v2\/posts\/622593","targetHints":{"allow":["GET"]}}],"collection":[{"href":"https:\/\/www.europesays.com\/fr\/wp-json\/wp\/v2\/posts"}],"about":[{"href":"https:\/\/www.europesays.com\/fr\/wp-json\/wp\/v2\/types\/post"}],"author":[{"embeddable":true,"href":"https:\/\/www.europesays.com\/fr\/wp-json\/wp\/v2\/users\/2"}],"replies":[{"embeddable":true,"href":"https:\/\/www.europesays.com\/fr\/wp-json\/wp\/v2\/comments?post=622593"}],"version-history":[{"count":0,"href":"https:\/\/www.europesays.com\/fr\/wp-json\/wp\/v2\/posts\/622593\/revisions"}],"wp:featuredmedia":[{"embeddable":true,"href":"https:\/\/www.europesays.com\/fr\/wp-json\/wp\/v2\/media\/622594"}],"wp:attachment":[{"href":"https:\/\/www.europesays.com\/fr\/wp-json\/wp\/v2\/media?parent=622593"}],"wp:term":[{"taxonomy":"category","embeddable":true,"href":"https:\/\/www.europesays.com\/fr\/wp-json\/wp\/v2\/categories?post=622593"},{"taxonomy":"post_tag","embeddable":true,"href":"https:\/\/www.europesays.com\/fr\/wp-json\/wp\/v2\/tags?post=622593"}],"curies":[{"name":"wp","href":"https:\/\/api.w.org\/{rel}","templated":true}]}}