{"id":622595,"date":"2025-12-26T03:17:20","date_gmt":"2025-12-26T03:17:20","guid":{"rendered":"https:\/\/www.europesays.com\/fr\/622595\/"},"modified":"2025-12-26T03:17:20","modified_gmt":"2025-12-26T03:17:20","slug":"paris-interpellation-dun-homme-soupconne-davoir-escroque-32-pretres-pour-plus-de-230-000-euros","status":"publish","type":"post","link":"https:\/\/www.europesays.com\/fr\/622595\/","title":{"rendered":"Paris : interpellation d&rsquo;un homme soup\u00e7onn\u00e9 d&rsquo;avoir escroqu\u00e9 32 pr\u00eatres pour plus de 230 000 euros"},"content":{"rendered":"<p>                                            Faits divers\n                                                                            <\/p>\n<p>\n                                            Un habitant de Sarcelles a \u00e9t\u00e9 interpell\u00e9 \u00e0 la mi-d\u00e9cembre puis mis en examen \u00e0 Paris, soup\u00e7onn\u00e9 d&rsquo;avoir escroqu\u00e9 pendant plusieurs ann\u00e9es des pr\u00eatres \u00e2g\u00e9s du dioc\u00e8se. En exploitant leur charit\u00e9 lors de f\u00eates religieuses, il aurait caus\u00e9 un pr\u00e9judice estim\u00e9 \u00e0 plus de 230 000 euros.                                        <\/p>\n<p>                                                Publi\u00e9 le 25 d\u00e9cembre 2025 \u00e0 13h50                                                                                            <\/p>\n<p>                                            <img loading=\"lazy\" width=\"1024\" height=\"683\" src=\"https:\/\/www.europesays.com\/fr\/wp-content\/uploads\/2025\/12\/anna-hecker-7BKG2g4pM7M-unsplash-1.jpg\" class=\"attachment-post-thumbnail size-post-thumbnail wp-post-image\" alt=\"Pendant pr\u00e8s de cinq ans, 32 pr\u00eatres de la capitale auraient \u00e9t\u00e9 victimes du m\u00eame homme. \u00a9 Photo Anna Hecker\/UNSPLASH\" decoding=\"async\"  \/><\/p>\n<p>                                            Pendant pr\u00e8s de cinq ans, 32 pr\u00eatres de la capitale auraient \u00e9t\u00e9 victimes du m\u00eame homme. \u00a9 Photo Anna Hecker\/UNSPLASH<\/p>\n<p class=\"p1\">Derri\u00e8re un discours empreint de pi\u00e9t\u00e9 se dissimulait <a href=\"https:\/\/www.valeursactuelles.com\/societe\/arnaques-en-ligne-les-formations-de-trading-nouveau-fleau-criminel\" target=\"_blank\" rel=\"noopener\">une escroquerie<\/a> m\u00e9thodique. <a href=\"https:\/\/www.valeursactuelles.com\/societe\/info-va-la-prefecture-de-police-sinquiete-de-larrivee-dagriculteurs-en-ile-de-france-et-du-soutien-de-policiers-a-la-mobilisation\" target=\"_blank\" rel=\"noopener\">\u00c0 Paris<\/a>, la police a interpell\u00e9 un homme soup\u00e7onn\u00e9 d\u2019avoir abus\u00e9 de la g\u00e9n\u00e9rosit\u00e9 de dizaines de <a href=\"https:\/\/www.valeursactuelles.com\/clubvaleurs\/societe\/qui-sont-les-pretres-de-france-lobservatoire-francais-du-catholicisme-devoile-un-portrait-inedit-du-sacerdoce\" target=\"_blank\" rel=\"noopener\">pr\u00eatres retrait\u00e9s du dioc\u00e8se<\/a>. Pendant pr\u00e8s de cinq ans, ce septuag\u00e9naire domicili\u00e9 \u00e0 Sarcelles aurait soutir\u00e9 de l\u2019argent \u00e0 32 eccl\u00e9siastiques pour un pr\u00e9judice total de plus de 230 000 euros, selon <a href=\"https:\/\/www.leparisien.fr\/faits-divers\/paris-evariste-le-malchanceux-soupconne-davoir-escroque-32-pretres-pour-plus-de-230-000-euros-25-12-2025-QVMOQGXJ2JHNVGZT22PAVPJX64.php\" target=\"_blank\" rel=\"nofollow noopener\">Le Parisien<\/a> qui rapporte l\u2019information le 25 d\u00e9cembre. L\u2019affaire a \u00e9clat\u00e9 apr\u00e8s un signalement du dioc\u00e8se de Paris et a donn\u00e9 lieu \u00e0 une enqu\u00eate judiciaire approfondie.<\/p>\n<p><a href=\"https:\/\/www.valeursactuelles.com\/societe\/chaine-numero-23-lhomme-daffaires-pascal-houzelot-mis-en-examen-pour-trafic-dinfluence-escroquerie-et-abus-de-confiance\" class=\"h-flex h-align-items-center h-border-tb h-ptb-15\" target=\"_blank\" rel=\"noopener\">A\u00a0LIRE\u00a0Cha\u00eene Num\u00e9ro 23 : l\u2019homme d\u2019affaires Pascal Houzelot mis en examen pour trafic d\u2019influence, escroquerie et abus de confiance<\/a><\/p>\n<p class=\"p1\">L\u2019homme \u2013 d\u00e9j\u00e0 connu de la police pour des faits de harc\u00e8lement et d\u2019abus de faiblesse \u2013 et son \u00e9pouse ont \u00e9t\u00e9 plac\u00e9s en garde \u00e0 vue il y a une dizaine de jours dans les locaux de la police judiciaire du XVII\u1d49 arrondissement de Paris. \u00c0 l\u2019issue de leur audition, le couple a \u00e9t\u00e9 d\u00e9f\u00e9r\u00e9. Ils sont poursuivis pour \u00ab escroquerie au pr\u00e9judice de personnes vuln\u00e9rables \u00bb et \u00ab recel de biens provenant d\u2019une escroquerie aggrav\u00e9e \u00bb pour des faits qui se seraient d\u00e9roul\u00e9s entre 2019 et 2025. Plac\u00e9s sous contr\u00f4le judiciaire, ils ont interdiction d\u2019entrer en contact avec les victimes. Leur proc\u00e8s est annonc\u00e9 pour juin prochain.<\/p>\n<p>Susciter la compassion<\/p>\n<p class=\"p1\">L\u2019enqu\u00eate r\u00e9v\u00e8le un mode op\u00e9ratoire fond\u00e9 sur la manipulation \u00e9motionnelle. Selon les policiers, l\u2019homme entretenait une correspondance avec plusieurs pr\u00eatres \u00e2g\u00e9s, allant jusqu\u2019\u00e0 envoyer plusieurs lettres par semaine. Les courriers d\u00e9crivaient des situations personnelles dramatiques, maladies, dettes, menaces d\u2019expulsion, souvent adress\u00e9s \u00e0 des p\u00e9riodes cl\u00e9s du calendrier religieux, comme No\u00ebl, pour susciter davantage d\u2019\u00e9lan de charit\u00e9.<\/p>\n<p><a href=\"https:\/\/www.valeursactuelles.com\/faits-divers\/paris-six-individus-mis-en-examen-apres-une-vaste-escroquerie-de-faux-retours-de-colis\" class=\"h-flex h-align-items-center h-border-tb h-ptb-15\" target=\"_blank\" rel=\"noopener\">A\u00a0LIRE\u00a0Paris : six individus mis en examen apr\u00e8s une vaste escroquerie de faux retours de colis<\/a><\/p>\n<p class=\"p1\">Pour instaurer un lien de confiance, il se renseignait sur ses cibles \u00ab pour donner l\u2019impression de les conna\u00eetre \u00bb, indique un enqu\u00eateur. Une tactique d\u2019autant plus efficace que les victimes, souvent \u00e2g\u00e9es, ne se souvenaient pas toujours de leurs anciens contacts. En cas d\u2019absence de r\u00e9ponse, l\u2019homme multipliait les sollicitations : appels r\u00e9p\u00e9t\u00e9s et m\u00eame visites \u00e0 domicile.<\/p>\n<p><a href=\"https:\/\/www.valeursactuelles.com\/faits-divers\/patrimoine-des-escrocs-mettront-plus-de-600-ans-a-dedommager-un-chateau-dans-les-yvelines\" class=\"h-flex h-align-items-center h-border-tb h-ptb-15\" target=\"_blank\" rel=\"noopener\">A\u00a0LIRE\u00a0Patrimoine : des escrocs mettront plus de 600 ans \u00e0 d\u00e9dommager un ch\u00e2teau dans les Yvelines<\/a>Le r\u00f4le cl\u00e9 de l\u2019\u00e9pouse<\/p>\n<p class=\"p1\">Les investigations ont \u00e9galement mis en \u00e9vidence un harc\u00e8lement m\u00e9thodique. L\u2019homme utilisait des moyens rudimentaires, allant jusqu\u2019\u00e0 se rendre dans un commerce de quartier muni d\u2019un ordinateur en libre acc\u00e8s pour poursuivre ses d\u00e9marches. Son \u00e9pouse jouait un r\u00f4le central dans le dispositif : la majorit\u00e9 des fonds transitaient sur ses comptes bancaires. Les enqu\u00eateurs estiment que le couple aurait pu vivre plusieurs ann\u00e9es gr\u00e2ce \u00e0 ces dons obtenus frauduleusement.<\/p>\n","protected":false},"excerpt":{"rendered":"Faits divers Un habitant de Sarcelles a \u00e9t\u00e9 interpell\u00e9 \u00e0 la mi-d\u00e9cembre puis mis en examen \u00e0 Paris,&hellip;\n","protected":false},"author":2,"featured_media":622596,"comment_status":"","ping_status":"","sticky":false,"template":"","format":"standard","meta":{"footnotes":""},"categories":[1888],"tags":[11,12336,3513,1777,674,1011,27,1006,12,626,5969,25],"class_list":{"0":"post-622595","1":"post","2":"type-post","3":"status-publish","4":"format-standard","5":"has-post-thumbnail","7":"category-paris","8":"tag-actualites","9":"tag-eglise","10":"tag-escroquerie","11":"tag-eu","12":"tag-europe","13":"tag-fr","14":"tag-france","15":"tag-fraude","16":"tag-news","17":"tag-paris","18":"tag-pretre","19":"tag-republique-francaise"},"share_on_mastodon":{"url":"https:\/\/pubeurope.com\/@fr\/115783706595168968","error":""},"_links":{"self":[{"href":"https:\/\/www.europesays.com\/fr\/wp-json\/wp\/v2\/posts\/622595","targetHints":{"allow":["GET"]}}],"collection":[{"href":"https:\/\/www.europesays.com\/fr\/wp-json\/wp\/v2\/posts"}],"about":[{"href":"https:\/\/www.europesays.com\/fr\/wp-json\/wp\/v2\/types\/post"}],"author":[{"embeddable":true,"href":"https:\/\/www.europesays.com\/fr\/wp-json\/wp\/v2\/users\/2"}],"replies":[{"embeddable":true,"href":"https:\/\/www.europesays.com\/fr\/wp-json\/wp\/v2\/comments?post=622595"}],"version-history":[{"count":0,"href":"https:\/\/www.europesays.com\/fr\/wp-json\/wp\/v2\/posts\/622595\/revisions"}],"wp:featuredmedia":[{"embeddable":true,"href":"https:\/\/www.europesays.com\/fr\/wp-json\/wp\/v2\/media\/622596"}],"wp:attachment":[{"href":"https:\/\/www.europesays.com\/fr\/wp-json\/wp\/v2\/media?parent=622595"}],"wp:term":[{"taxonomy":"category","embeddable":true,"href":"https:\/\/www.europesays.com\/fr\/wp-json\/wp\/v2\/categories?post=622595"},{"taxonomy":"post_tag","embeddable":true,"href":"https:\/\/www.europesays.com\/fr\/wp-json\/wp\/v2\/tags?post=622595"}],"curies":[{"name":"wp","href":"https:\/\/api.w.org\/{rel}","templated":true}]}}