{"id":622597,"date":"2025-12-26T03:18:18","date_gmt":"2025-12-26T03:18:18","guid":{"rendered":"https:\/\/www.europesays.com\/fr\/622597\/"},"modified":"2025-12-26T03:18:18","modified_gmt":"2025-12-26T03:18:18","slug":"la-comedie-musicale-portee-a-son-sommet","status":"publish","type":"post","link":"https:\/\/www.europesays.com\/fr\/622597\/","title":{"rendered":"la com\u00e9die musicale port\u00e9e \u00e0 son sommet"},"content":{"rendered":"<p>      <img fetchpriority=\"high\" decoding=\"async\" class=\"mx-auto\" src=\"data:image\/svg+xml,%3Csvg%20xmlns%3D%27http%3A%2F%2Fwww.w3.org%2F2000%2Fsvg%27%20fill%3D%22%23e4e4e4%22%20viewBox%3D%270%200%20510%20340%27%20width%3D%22510%22%20height%3D%22340%22%3E%3Cpath%20d%3D%27M0%200h510v340H0z%27%2F%3E%3C%2Fsvg%3E\"  loading=\"eager\" width=\"510\" height=\"340\" data-oncrawl-image-size=\"510x340\" alt=\"Gene Kelly dans \u00ab\u00a0Un Am\u00e9ricain \u00e0 Paris\u00a0\u00bb de Vincente Minnelli\"\/>      <\/p>\n<p class=\"latino-100m text-grey-600\">\n            Gene Kelly dans \u00ab\u00a0Un Am\u00e9ricain \u00e0 Paris\u00a0\u00bb de Vincente Minnelli\u00a0WARNER        <\/p>\n<p>        Lire\u00a0plus\u00a0tard      <\/p>\n<p><a aria-label=\"Nous suivre sur Google News\" href=\"https:\/\/news.google.com\/publications\/CAAqBwgKMJe4nQkw3dFs?hl=fr&amp;gl=FR&amp;ceid=FR%3Afr\" target=\"_blank\" data-piano=\"Page_Article,Sous_date_publi,Nous_suivre_sur_google_news,1er_clic,action\" class=\"btn btn--small btn--tertiary btn--icon-only\" rel=\"noopener\"><\/p>\n<p>      Google Actualit\u00e9s<br \/>\n  <\/a><\/p>\n<p>  Partager<\/p>\n<p>        Facebook<\/p>\n<p>        Bluesky<\/p>\n<p>        E-mail<\/p>\n<p>        Copier le lien<\/p>\n<p>      Envoyer<\/p>\n<p>      S\u2019abonner    <\/p>\n<p class=\"node__paragraphe antonia-750r text-grey-800 pb-24 pb-md-32\">\nMais que fait Georges Gu\u00e9tary dans cette merveille\u00a0? Au d\u00e9part, c\u2019est Maurice Chevalier qui devait tenir le r\u00f4le du pote de Gene Kelly, mais notre Momo national refusa de jouer le r\u00f4le du s\u00e9ducteur d\u00e9pit\u00e9. On se rabattit sur Yves Montand, mais celui-ci \u00e9tait vaguement communiste (c\u2019\u00e9tait l\u2019\u00e9poque maccarthyste). Il restait donc Gu\u00e9tary\u2026 Bref, l\u2019ambition de Vincente Minnelli et de Gene Kelly \u00e9tait de produire la plus belle com\u00e9die musicale jamais film\u00e9e.<\/p>\n<p class=\"node__paragraphe antonia-750r text-grey-800 pb-24 pb-md-32\">\nFin 1950, ils rach\u00e8tent les droits de la musique de George Gershwin et se mettent au travail\u00a0: ils con\u00e7oivent un ballet de dix-sept minutes qui s\u2019inspirera des tableaux de Dufy, Renoir, Utrillo, Toulouse-Lautrec. C\u2019est du jamais-vu. Puis ils se mettent en qu\u00eate d\u2019une actrice. Gene Kelly rep\u00e8re Odile Versois et Leslie Caron. Celle-ci est retenue. Mais elle parle mal anglais, se sent mal \u00e0 Hollywood, s\u2019\u00e9chine \u00e0 travailler les chor\u00e9graphies de Kelly\u2026<\/p>\n<p>Post\u00e9rit\u00e9<\/p>\n<p class=\"node__paragraphe antonia-750r text-grey-800 pb-24 pb-md-32\">\nLes dix num\u00e9ros musicaux vont cependant passer \u00e0 la post\u00e9rit\u00e9\u00a0: \u00ab\u00a0I Got Rhythm\u00a0\u00bb (vieux standard de jazz des ann\u00e9es 1930), \u00ab\u00a0\u2019S Wonderful\u00a0\u00bb (cr\u00e9\u00e9 par Adele Astaire, la s\u0153ur de Fred, en 1928), \u00ab\u00a0Love Is Here to Stay\u00a0\u00bb (la derni\u00e8re chanson de Gershwin avant sa mort, en 1937)\u2026 Pendant le tournage, Nina Foch tombe malade. En son absence, Minnelli et Kelly ont le temps de fignoler le ballet final\u00a0: huit semaines de r\u00e9p\u00e9titions, puis Minnelli quitte le tournage pour travailler sur son film suivant, \u00ab\u00a0Allons donc, papa\u00a0! \u00bb, avec Spencer Tracy, Elizabeth Taylor et Joan Bennett. Six semaines plus tard, il revient pour finir \u00ab\u00a0Un\u00a0Am\u00e9ricain \u00e0 Paris\u00a0\u00bb.<\/p>\n<p class=\"node__paragraphe antonia-750r text-grey-800 pb-24 pb-md-32\">\nLes financiers, \u00e0 New York, jugent le film trop long, insistent pour couper les dix-sept derni\u00e8res minutes. Minnelli proteste. Kelly rage. Arthur Freed, le producteur, tape du poing sur la table. Il rappelle que, lors du tournage du \u00ab\u00a0Magicien d\u2019Oz\u00a0\u00bb, les m\u00eames imb\u00e9ciles avaient voulu couper \u00ab\u00a0Over the Rainbow\u00a0\u00bb, la chanson devenue un triomphe international. Finalement, les New-Yorkais c\u00e9deront. Ouf.<\/p>\n<p>\n\u25d7 Jeudi 25\u00a0d\u00e9cembre \u00e0 20h50\u00a0sur Cin\u00e9+ Classic. Com\u00e9die musicale am\u00e9ricaine de Vincente Minnelli (1952). Avec Gene Kelly, Leslie Caron. 1h53. (Disponible \u00e0 la demande sur myCANAL).<\/p>\n<p class=\"authors latino-600m text-grey-800\">\n<p>  Par\u00a0<br \/>\nFran\u00e7ois Forestier<\/p>\n","protected":false},"excerpt":{"rendered":"Gene Kelly dans \u00ab\u00a0Un Am\u00e9ricain \u00e0 Paris\u00a0\u00bb de Vincente Minnelli\u00a0WARNER Lire\u00a0plus\u00a0tard Google Actualit\u00e9s Partager Facebook Bluesky E-mail Copier&hellip;\n","protected":false},"author":2,"featured_media":622598,"comment_status":"","ping_status":"","sticky":false,"template":"","format":"standard","meta":{"footnotes":""},"categories":[1888],"tags":[17,11,7204,4228,1777,674,1011,27,3724,30859,12,626,14833,25,2764,11928],"class_list":{"0":"post-622597","1":"post","2":"type-post","3":"status-publish","4":"format-standard","5":"has-post-thumbnail","7":"category-paris","8":"tag-17","9":"tag-actualites","10":"tag-americain","11":"tag-comedie","12":"tag-eu","13":"tag-europe","14":"tag-fr","15":"tag-france","16":"tag-musicale","17":"tag-mycanal","18":"tag-news","19":"tag-paris","20":"tag-portee","21":"tag-republique-francaise","22":"tag-sommet","23":"tag-teleobs"},"share_on_mastodon":{"url":"https:\/\/pubeurope.com\/@fr\/115783709765011714","error":""},"_links":{"self":[{"href":"https:\/\/www.europesays.com\/fr\/wp-json\/wp\/v2\/posts\/622597","targetHints":{"allow":["GET"]}}],"collection":[{"href":"https:\/\/www.europesays.com\/fr\/wp-json\/wp\/v2\/posts"}],"about":[{"href":"https:\/\/www.europesays.com\/fr\/wp-json\/wp\/v2\/types\/post"}],"author":[{"embeddable":true,"href":"https:\/\/www.europesays.com\/fr\/wp-json\/wp\/v2\/users\/2"}],"replies":[{"embeddable":true,"href":"https:\/\/www.europesays.com\/fr\/wp-json\/wp\/v2\/comments?post=622597"}],"version-history":[{"count":0,"href":"https:\/\/www.europesays.com\/fr\/wp-json\/wp\/v2\/posts\/622597\/revisions"}],"wp:featuredmedia":[{"embeddable":true,"href":"https:\/\/www.europesays.com\/fr\/wp-json\/wp\/v2\/media\/622598"}],"wp:attachment":[{"href":"https:\/\/www.europesays.com\/fr\/wp-json\/wp\/v2\/media?parent=622597"}],"wp:term":[{"taxonomy":"category","embeddable":true,"href":"https:\/\/www.europesays.com\/fr\/wp-json\/wp\/v2\/categories?post=622597"},{"taxonomy":"post_tag","embeddable":true,"href":"https:\/\/www.europesays.com\/fr\/wp-json\/wp\/v2\/tags?post=622597"}],"curies":[{"name":"wp","href":"https:\/\/api.w.org\/{rel}","templated":true}]}}