{"id":622599,"date":"2025-12-26T03:19:20","date_gmt":"2025-12-26T03:19:20","guid":{"rendered":"https:\/\/www.europesays.com\/fr\/622599\/"},"modified":"2025-12-26T03:19:20","modified_gmt":"2025-12-26T03:19:20","slug":"un-espoir-de-liberation-apres-18-mois-en-russie","status":"publish","type":"post","link":"https:\/\/www.europesays.com\/fr\/622599\/","title":{"rendered":"un espoir de lib\u00e9ration apr\u00e8s 18 mois en Russie"},"content":{"rendered":"<p>      lire plus tard<\/p>\n<p id=\"dialog__title\" class=\"dialog__title\">Pour sauvegarder cet article, connectez-vous ou cr\u00e9ez un compte franceinfo<\/p>\n<p class=\"dialog__description\">Sans paiement. Sans abonnement.<\/p>\n<p>        Fermer la fen\u00eatre d\u2019activation des notifications France Info<\/p>\n<p>      cr\u00e9er votre compte<\/p>\n<p>      se connecter<\/p>\n<p>      :<\/p>\n<p>        Fermer la fen\u00eatre de pr\u00e9sentation<\/p>\n<p>    Publi\u00e9 le 25\/12\/2025 20:34<\/p>\n<p>        Temps de lecture : 2min &#8211; vid\u00e9o : 2min<\/p>\n<p>    <img decoding=\"async\" class=\"francetv-player-wrapper__image\" alt=\"Laurent Vinatier : un espoir de lib\u00e9ration apr\u00e8s 18 mois en Russie\"  width=\"432\" height=\"243\" src=\"https:\/\/www.europesays.com\/fr\/wp-content\/uploads\/2025\/12\/nhnhnhgng-694d90df52e5a185994022.jpg\" fetchpriority=\"high\"\/><\/p>\n<p>              Laurent Vinatier : un espoir de lib\u00e9ration apr\u00e8s 18 mois en Russie<br \/>\n                    (France 2)<\/p>\n<p>      2min<\/p>\n<p>\n  Laurent Vinatier, chercheur fran\u00e7ais incarc\u00e9r\u00e9 depuis 18 mois en Russie, pourrait bient\u00f4t \u00eatre lib\u00e9r\u00e9. Apr\u00e8s une annonce de Vladimir Poutine et une proposition du Kremlin \u00e0 la France, ses parents se montrent prudents mais optimistes.\n<\/p>\n<p><strong>Ce texte correspond \u00e0 une partie de la retranscription du reportage ci-dessus. Cliquez sur la vid\u00e9o pour la regarder dans son int\u00e9gralit\u00e9.<\/strong><\/p>\n<p>Sur une vid\u00e9o, on peut voir l\u2019une des rares images du Fran\u00e7ais Laurent Vinatier, incarc\u00e9r\u00e9 depuis 18 mois en Russie. <a href=\"https:\/\/www.franceinfo.fr\/monde\/russie\/vladimir-poutine\/espoir-de-liberation-de-laurent-vinatier-ce-serait-une-sorte-de-miracle-de-noel-reagit-sa-mere-apres-la-proposition-de-la-russie-a-la-france_7702027.htmlhttps:\/\/www.franceinfo.fr\/monde\/russie\/vladimir-poutine\/espoir-de-liberation-de-laurent-vinatier-ce-serait-une-sorte-de-miracle-de-noel-reagit-sa-mere-apres-la-proposition-de-la-russie-a-la-france_7702027.html\" target=\"_blank\" rel=\"noopener\">Le chercheur va-t-il \u00eatre lib\u00e9r\u00e9 ou \u00e9chang\u00e9 ? <\/a>C\u2019est l\u2019espoir de ses parents. \u00ab\u00a0Nous nous autorisons \u00e0 avoir de l\u2019espoir. C\u2019est bien la premi\u00e8re fois\u202f\u00a0\u00bb, confie Brigitte Vinatier, la m\u00e8re de Laurent.<\/p>\n<p>Le premier acte a eu lieu vendredi dernier : Vladimir Poutine a affirm\u00e9 qu\u2019il allait se pencher sur le dossier. Le deuxi\u00e8me acte s\u2019est d\u00e9roul\u00e9 ce 25 d\u00e9cembre, lorsque son porte-parole a annonc\u00e9 avoir fait une offre \u00e0 la France. \u00ab\u00a0Effectivement, il y a bien eu une proposition faite aux Fran\u00e7ais \u00e0 propos de Vinatier. La balle, d\u00e9sormais, est dans le camp de la France\u00a0\u00bb, affirme Dimitri Peskov.<\/p>\n<p>Arr\u00eat\u00e9 en juin 2024 \u00e0 Moscou, Laurent Vinatier purge une peine de trois ans pour ne pas s\u2019\u00eatre enregistr\u00e9 comme agent de l\u2019\u00e9tranger. Employ\u00e9 d\u2019une ONG suisse, il est \u00e9galement sous la menace d\u2019un autre proc\u00e8s, cette fois pour espionnage. Pour ses proches, la fin de cette longue absence pourrait enfin arriver. Brigitte Vinatier ajoute : \u00ab\u00a0Ce qu\u2019a dit M. Poutine, ce que vient de dire M. Peskov, \u00e7a rebat toutes les cartes. Donc l\u00e0 maintenant, nous faisons confiance aux diplomates fran\u00e7ais.\u00a0\u00bb Le p\u00e8re du chercheur se veut optimiste : \u00ab\u00a0On esp\u00e8re le revoir bient\u00f4t, demain peut-\u00eatre.\u00a0\u00bb<\/p>\n<p>La France, de son c\u00f4t\u00e9, reste extr\u00eamement prudente. Les autorit\u00e9s ne font aucun commentaire. Quelles pourraient \u00eatre les conditions de son \u00e9ventuelle lib\u00e9ration\u202f? Peut-\u00eatre un \u00e9change de prisonniers. Alexei Sinitsyn, ex-avocat de Laurent Vinatier, \u00e9voque aussi la possibilit\u00e9 d\u2019une gr\u00e2ce pr\u00e9sidentielle : \u00ab\u00a0Selon moi, la proc\u00e9dure de gr\u00e2ce est clairement la plus rapide. S\u2019il existe un accord au plus haut niveau, elle serait plus facile et plus rapide \u00e0 mettre en \u0153uvre.\u00a0\u00bb<\/p>\n<p>Laurent Vinatier est emprisonn\u00e9 en Russie depuis 566 jours.<\/p>\n","protected":false},"excerpt":{"rendered":"lire plus tard Pour sauvegarder cet article, connectez-vous ou cr\u00e9ez un compte franceinfo Sans paiement. Sans abonnement. Fermer&hellip;\n","protected":false},"author":2,"featured_media":622600,"comment_status":"","ping_status":"","sticky":false,"template":"","format":"standard","meta":{"footnotes":""},"categories":[1591],"tags":[11,1887,12,1885,1886,132],"class_list":{"0":"post-622599","1":"post","2":"type-post","3":"status-publish","4":"format-standard","5":"has-post-thumbnail","7":"category-russie","8":"tag-actualites","9":"tag-federation-de-russie","10":"tag-news","11":"tag-russia","12":"tag-russian-federation","13":"tag-russie"},"share_on_mastodon":{"url":"https:\/\/pubeurope.com\/@fr\/115783714837058515","error":""},"_links":{"self":[{"href":"https:\/\/www.europesays.com\/fr\/wp-json\/wp\/v2\/posts\/622599","targetHints":{"allow":["GET"]}}],"collection":[{"href":"https:\/\/www.europesays.com\/fr\/wp-json\/wp\/v2\/posts"}],"about":[{"href":"https:\/\/www.europesays.com\/fr\/wp-json\/wp\/v2\/types\/post"}],"author":[{"embeddable":true,"href":"https:\/\/www.europesays.com\/fr\/wp-json\/wp\/v2\/users\/2"}],"replies":[{"embeddable":true,"href":"https:\/\/www.europesays.com\/fr\/wp-json\/wp\/v2\/comments?post=622599"}],"version-history":[{"count":0,"href":"https:\/\/www.europesays.com\/fr\/wp-json\/wp\/v2\/posts\/622599\/revisions"}],"wp:featuredmedia":[{"embeddable":true,"href":"https:\/\/www.europesays.com\/fr\/wp-json\/wp\/v2\/media\/622600"}],"wp:attachment":[{"href":"https:\/\/www.europesays.com\/fr\/wp-json\/wp\/v2\/media?parent=622599"}],"wp:term":[{"taxonomy":"category","embeddable":true,"href":"https:\/\/www.europesays.com\/fr\/wp-json\/wp\/v2\/categories?post=622599"},{"taxonomy":"post_tag","embeddable":true,"href":"https:\/\/www.europesays.com\/fr\/wp-json\/wp\/v2\/tags?post=622599"}],"curies":[{"name":"wp","href":"https:\/\/api.w.org\/{rel}","templated":true}]}}