{"id":622611,"date":"2025-12-26T03:26:13","date_gmt":"2025-12-26T03:26:13","guid":{"rendered":"https:\/\/www.europesays.com\/fr\/622611\/"},"modified":"2025-12-26T03:26:13","modified_gmt":"2025-12-26T03:26:13","slug":"defendre-la-souverainete-europeenne","status":"publish","type":"post","link":"https:\/\/www.europesays.com\/fr\/622611\/","title":{"rendered":"D\u00e9fendre la souverainet\u00e9 europ\u00e9enne"},"content":{"rendered":"<p>Par Matthieu Le Gall<\/p>\n<p>C\u2019est un avertissement. \u00ab\u00a0De l\u2019intimidation\u00a0\u00bb, <a target=\"_self\" href=\"https:\/\/www.lanouvellerepublique.fr\/a-la-une\/de-l-intimidation-comment-la-classe-politique-francaise-reagit-elle-aux-sanctions-americaines-a-l-encontre-de-thierry-breton-1766591990\" rel=\"noopener\">comme l\u2019a justement observ\u00e9 Emmanuel Macron<\/a>, \u00e0 propos des <a target=\"_self\" href=\"https:\/\/www.lanouvellerepublique.fr\/a-la-une\/apres-les-sanctions-visant-thierry-breton-des-reactions-indignees-en-france-et-en-europe-1766678004\" rel=\"noopener\">sanctions am\u00e9ricaines visant l\u2019ancien commissaire Thierry Breton<\/a>, ainsi que quatre militants europ\u00e9ens de la lutte contre la d\u00e9sinformation. Pass\u00e9e ma\u00eetresse dans l\u2019art du renversement des valeurs, l\u2019administration Trump voit de la censure l\u00e0 o\u00f9 l\u2019Europe veut, au contraire, prot\u00e9ger la d\u00e9mocratie du poison de la haine et de la division. En s\u2019attaquant au p\u00e8re du Digital services act (DSA), \u00e0 l\u2019architecte de la r\u00e9gulation num\u00e9rique dans l\u2019Union europ\u00e9enne, Washington envoie un message clair aux responsables politiques du continent\u00a0: cessez de vouloir appliquer vos r\u00e8gles \u00e0 nos entreprises, d\u00e9r\u00e9gulez, ouvrez les vannes, trumpisez-vous ou pr\u00e9parez-vous \u00e0 payer le prix de votre ind\u00e9pendance.<\/p>\n<p>D\u2019une violence inou\u00efe, cette attaque s\u2019apparente \u00e0 une nouvelle atteinte \u00e0 la souverainet\u00e9 des Europ\u00e9ens. Apr\u00e8s la guerre hybride men\u00e9e par la Russie, qui reluque d\u00e9sormais les \u00c9tats baltes, et <a target=\"_self\" href=\"https:\/\/www.lanouvellerepublique.fr\/a-la-une\/sauve-par-dieu-panama-groenland-droits-de-douane-ce-qu-il-faut-retenir-du-discours-de-donald-trump-devant-le-congres-1741157612\" rel=\"noopener\">les pr\u00e9tentions am\u00e9ricaines sur le Groenland<\/a> qui menacent sans ambigu\u00eft\u00e9 la souverainet\u00e9 territoriale du Danemark, c\u2019est la souverainet\u00e9 num\u00e9rique des Vingt-Sept qui est \u00e9branl\u00e9e. Pourquoi ne la d\u00e9fendons-nous pas avec plus de vigueur\u00a0? La l\u00e2chet\u00e9, l\u2019asym\u00e9trie de la relation transatlantique, l\u2019inconscience de ceux qui pensent que l\u2019ordre du monde n\u2019a pas chang\u00e9 et nos propres divisions, un peu de tout cela, en v\u00e9rit\u00e9. Mais ne nous y trompons pas\u00a0: avec l\u2019aide de \u00ab\u00a0patriotes\u00a0\u00bb europ\u00e9ens, Washington veut exporter son mod\u00e8le politique. Et nous verrons alors ce qu\u2019il reste de la libert\u00e9 d\u2019expression.<\/p>\n","protected":false},"excerpt":{"rendered":"Par Matthieu Le Gall C\u2019est un avertissement. \u00ab\u00a0De l\u2019intimidation\u00a0\u00bb, comme l\u2019a justement observ\u00e9 Emmanuel Macron, \u00e0 propos des&hellip;\n","protected":false},"author":2,"featured_media":106089,"comment_status":"","ping_status":"","sticky":false,"template":"","format":"standard","meta":{"footnotes":""},"categories":[1586],"tags":[328,11,2518,73,1777,674,1779,1011,27,329,74,12,4125,25,1778,364],"class_list":{"0":"post-622611","1":"post","2":"type-post","3":"status-publish","4":"format-standard","5":"has-post-thumbnail","7":"category-europe","8":"tag-a-la-une","9":"tag-actualites","10":"tag-edito","11":"tag-etats-unis","12":"tag-eu","13":"tag-europe","14":"tag-european-union","15":"tag-fr","16":"tag-france","17":"tag-france-monde","18":"tag-monde","19":"tag-news","20":"tag-numerique","21":"tag-republique-francaise","22":"tag-ue","23":"tag-union-europeenne"},"share_on_mastodon":{"url":"https:\/\/pubeurope.com\/@fr\/115783741199685099","error":""},"_links":{"self":[{"href":"https:\/\/www.europesays.com\/fr\/wp-json\/wp\/v2\/posts\/622611","targetHints":{"allow":["GET"]}}],"collection":[{"href":"https:\/\/www.europesays.com\/fr\/wp-json\/wp\/v2\/posts"}],"about":[{"href":"https:\/\/www.europesays.com\/fr\/wp-json\/wp\/v2\/types\/post"}],"author":[{"embeddable":true,"href":"https:\/\/www.europesays.com\/fr\/wp-json\/wp\/v2\/users\/2"}],"replies":[{"embeddable":true,"href":"https:\/\/www.europesays.com\/fr\/wp-json\/wp\/v2\/comments?post=622611"}],"version-history":[{"count":0,"href":"https:\/\/www.europesays.com\/fr\/wp-json\/wp\/v2\/posts\/622611\/revisions"}],"wp:featuredmedia":[{"embeddable":true,"href":"https:\/\/www.europesays.com\/fr\/wp-json\/wp\/v2\/media\/106089"}],"wp:attachment":[{"href":"https:\/\/www.europesays.com\/fr\/wp-json\/wp\/v2\/media?parent=622611"}],"wp:term":[{"taxonomy":"category","embeddable":true,"href":"https:\/\/www.europesays.com\/fr\/wp-json\/wp\/v2\/categories?post=622611"},{"taxonomy":"post_tag","embeddable":true,"href":"https:\/\/www.europesays.com\/fr\/wp-json\/wp\/v2\/tags?post=622611"}],"curies":[{"name":"wp","href":"https:\/\/api.w.org\/{rel}","templated":true}]}}