{"id":622617,"date":"2025-12-26T03:32:13","date_gmt":"2025-12-26T03:32:13","guid":{"rendered":"https:\/\/www.europesays.com\/fr\/622617\/"},"modified":"2025-12-26T03:32:13","modified_gmt":"2025-12-26T03:32:13","slug":"peut-etre-le-meilleur-10-du-monde-actuellement-sur-un-nuage-jalibert-relance-le-debat-chez-les-bleus","status":"publish","type":"post","link":"https:\/\/www.europesays.com\/fr\/622617\/","title":{"rendered":"\u00abPeut-\u00eatre le meilleur 10 du monde&#8230;\u00bb Actuellement sur un nuage, Jalibert relance le d\u00e9bat chez les Bleus"},"content":{"rendered":"<p>\n    Le demi d\u2019ouverture de l\u2019UBB encha\u00eene les prestations magistrales ces derniers mois. Suffisant pour bousculer la hi\u00e9rarchie en \u00e9quipe de France et passer devant Romain Ntamack\u00a0?<\/p>\n<p class=\"fig-paragraph\">\u00abEncore une masterclass\u00bb, \u00absur une autre plan\u00e8te\u00bb&#8230; Les semaines passent et\u00a0<a href=\"http:\/\/www.lefigaro.fr\/sports\/rugby\/top-14\/ubb-toulon-jalibert-signe-un-coup-de-maitre-bielle-biarrey-au-sommet-le-rct-coule-encore-hors-de-mayol-les-tops-et-flops-du-match-de-top-14-20251221\" data-fig-type=\"NewsFlash\" data-gtm-custom-categorie=\"navigation\" data-gtm-custom-action=\"crossclick\" data-gtm-custom-label=\"Contextuel\" data-gtm-event=\"customEventSPE\" data-fig-domain=\"LEFIGARO\" target=\"_blank\" rel=\"noopener\">Matthieu Jalibert<\/a>, l&rsquo;ouvreur de\u00a0<a href=\"http:\/\/www.lefigaro.fr\/sports\/rugby\/top-14\/top-14-avant-d-aller-a-clermont-les-joueurs-de-l-ubb-ont-droit-a-quatre-jours-pour-profiter-des-fetes-de-noel-20251222\" data-fig-type=\"NewsFlash\" data-gtm-custom-categorie=\"navigation\" data-gtm-custom-action=\"crossclick\" data-gtm-custom-label=\"Contextuel\" data-gtm-event=\"customEventSPE\" data-fig-domain=\"LEFIGARO\" target=\"_blank\" rel=\"noopener\">Bordeaux-B\u00e8gles<\/a>, d\u00e9sormais bien meilleur en d\u00e9fense, ne cesse de r\u00e9galer, au point de rouvrir le d\u00e9bat sur le poste de num\u00e9ro 10 en \u00e9quipe de France avant\u00a0<a href=\"http:\/\/www.lefigaro.fr\/sports\/rugby\/xv-de-france\/xv-de-france-angleterre-all-blacks-springboks-le-calendrier-complet-pour-2026-20251124\" data-fig-type=\"NewsFlash\" data-gtm-custom-categorie=\"navigation\" data-gtm-custom-action=\"crossclick\" data-gtm-custom-label=\"Contextuel\" data-gtm-event=\"customEventSPE\" data-fig-domain=\"LEFIGARO\" target=\"_blank\" rel=\"noopener\">le prochain Tournoi des six nations<\/a>. D\u00e9sign\u00e9 homme du match lors des deux victoires de l&rsquo;UBB cet automne en Champions Cup, et encore d\u00e9tonateur dimanche contre Toulon avec sa 19e passe d\u00e9cisive sur l&rsquo;ann\u00e9e civile en Top 14, Jalibert surfe sur une vague irr\u00e9sistible, anim\u00e9 \u00abd&rsquo;un altruisme, d&rsquo;un leadership et d&rsquo;une envie de donner du carburant \u00e0 toute l&rsquo;\u00e9quipe\u00bb, dit son manager\u00a0<a href=\"http:\/\/www.lefigaro.fr\/sports\/rugby\/coupe-d-europe\/yannick-bru-l-ubb-est-une-start-up-qui-commence-a-avoir-de-l-experience-20250522\" data-fig-type=\"Article\" data-gtm-custom-categorie=\"navigation\" data-gtm-custom-action=\"crossclick\" data-gtm-custom-label=\"Contextuel\" data-gtm-event=\"customEventSPE\" data-fig-domain=\"LEFIGARO\" target=\"_blank\" rel=\"noopener\">Yannick Bru<\/a>.<\/p>\n<p class=\"fig-paragraph\">\u00abPour moi c&rsquo;est un des meilleurs 10 du monde, peut-\u00eatre le meilleur, avec sa capacit\u00e9 \u00e0 attaquer l&rsquo;espace, sa vitesse pas vraiment normale pour un 10, sa longueur de pied\u00bb, r\u00e9sume\u00a0<a href=\"http:\/\/www.lefigaro.fr\/sports\/rugby\/6-nations\/six-nations-noel-mcnamara-un-pont-entre-l-irlande-et-la-france-20250306\" data-fig-type=\"Article\" data-gtm-custom-categorie=\"navigation\" data-gtm-custom-action=\"crossclick\" data-gtm-custom-label=\"Contextuel\" data-gtm-event=\"customEventSPE\" data-fig-domain=\"LEFIGARO\" target=\"_blank\" rel=\"noopener\">Noel McNamara<\/a>, l&rsquo;entra\u00eeneur de l&rsquo;attaque de l&rsquo;UBB. \u00abIl a cette capacit\u00e9 \u00e0 scanner les d\u00e9fenses et \u00e0 vite prendre la bonne d\u00e9cision. Il a une valise pleine de solutions\u00bb, ajoute-t-il.<\/p>\n<p class=\"fig-body-link\">\n            \u00c0 lire aussi<br \/>\n        <a class=\"fig-body-link__link\" href=\"http:\/\/www.lefigaro.fr\/sports\/rugby\/top-14\/top-14-en-video-le-coup-de-pied-de-mammouth-et-maitrise-de-jalibert-qui-trouve-une-sublime-touche-avec-l-ubb-20251221\" data-fig-type=\"NewsFlash\" data-gtm-custom-categorie=\"navigation\" data-gtm-custom-action=\"crossclick\" data-gtm-custom-label=\"Contextuel\" data-gtm-event=\"customEventSPE\" data-fig-domain=\"LEFIGARO\" target=\"_blank\" rel=\"noopener\"><\/p>\n<p>        Top 14\u00a0: en vid\u00e9o, le coup de pied de mammouth et ma\u00eetris\u00e9 de Jalibert qui trouve une sublime touche avec l\u2019UBB<br \/>\n    <\/a>\n<\/p>\n<p>                                            <a class=\"fig-a11y-skip\" href=\"#fig-a11y-skip-main-inarticle\" data-module=\"a11y-skip\" data-context=\"was @visible\"><br \/>\n    Passer la publicit\u00e9<br \/>\n<\/a>            <\/p>\n<p class=\"fig-paragraph\">\u00c0 sa palette offensive, avec d\u00e9j\u00e0 six essais \u00e0 son compteur cette saison, l&rsquo;ouvreur de 27 ans a aussi rajout\u00e9 de l&rsquo;impact d\u00e9fensif, ce qu&rsquo;on lui a souvent reproch\u00e9 d\u00e8s qu&rsquo;il enfilait le maillot bleu. Une progression due \u00e0 sa collaboration avec\u00a0<a href=\"http:\/\/www.lefigaro.fr\/sports\/rugby\/top-14\/top-14-aurelien-cologni-ancien-entraineur-de-l-equipe-de-france-a-xiii-integre-le-staff-de-l-ubb-20241204\" data-fig-type=\"NewsFlash\" data-gtm-custom-categorie=\"navigation\" data-gtm-custom-action=\"crossclick\" data-gtm-custom-label=\"Contextuel\" data-gtm-event=\"customEventSPE\" data-fig-domain=\"LEFIGARO\" target=\"_blank\" rel=\"noopener\">Aur\u00e9lien Cologni<\/a>, issu du rugby \u00e0 XIII et charg\u00e9 des ateliers d\u00e9fensifs \u00e0 l&rsquo;UBB depuis plus d&rsquo;un an.<\/p>\n<p class=\"fig-paragraph\">\u00abMatthieu est un tr\u00e8s bon d\u00e9fenseur, il en a tout le bagage, disait ce dernier en septembre. C&rsquo;est juste que \u00e7a dormait en lui.\u00bb \u00abC&rsquo;est surprenant mais c&rsquo;est effectivement la premi\u00e8re chose qu&rsquo;il m&rsquo;a dite\u00bb, confirme Jalibert, qui a pens\u00e9 \u00absoit il est fou, soit il a vu quelque chose en moi que personne n&rsquo;a encore per\u00e7u\u00bb.<\/p>\n<blockquote class=\"fig-quote&#10;    \">\n<p class=\"fig-quote__text\">Je n\u2019ai jamais consid\u00e9r\u00e9 que j\u2019\u00e9tais un joueur qui s\u2019\u00e9chappait<\/p>\n<p>            Matthieu Jalibert\n    <\/p><\/blockquote>\n<p class=\"fig-paragraph\">\u00abJe sais que (la d\u00e9fense) n&rsquo;est pas mon point fort, mais je n&rsquo;ai jamais consid\u00e9r\u00e9 que j&rsquo;\u00e9tais un joueur qui s&rsquo;\u00e9chappait\u00bb, poursuit l&rsquo;ouvreur, qui a travaill\u00e9 sur des situations r\u00e9elles pouvant se reproduire en match. \u00abC&rsquo;est loin d&rsquo;\u00eatre parfait, je vous l&rsquo;accorde, mais en tout cas, je donne mon max pour augmenter mes stats et ma qualit\u00e9 de d\u00e9fense.\u00bb De l\u00e0 \u00e0 remettre en question la hi\u00e9rarchie des ouvreurs tricolores, visiblement fig\u00e9e depuis\u00a0<a href=\"http:\/\/www.lefigaro.fr\/sports\/rugby\/6-nations\/angleterre-france-les-coups-de-coeur-et-coups-de-griffe-de-notre-envoye-special-20250209\" data-fig-type=\"NewsFlash\" data-gtm-custom-categorie=\"navigation\" data-gtm-custom-action=\"crossclick\" data-gtm-custom-label=\"Contextuel\" data-gtm-event=\"customEventSPE\" data-fig-domain=\"LEFIGARO\" target=\"_blank\" rel=\"noopener\">la d\u00e9faite en Angleterre (26-25)<\/a>\u00a0de f\u00e9vrier dernier, \u00e0 l&rsquo;issue de laquelle Jalibert avait \u00e9t\u00e9 cibl\u00e9 par la critique alors que les Bleus menaient encore 18-12 \u00e0 sa sortie du terrain, \u00e0 la 67e minute\u00a0?<\/p>\n<p class=\"fig-paragraph\">Les prestations neutres de l&rsquo;actuel titulaire du poste Romain Ntamack cet automne, coupl\u00e9es \u00e0 celles majuscules de Jalibert en club, auraient pu insinuer un certain doute. Sauf que le r\u00e9cent retour aux affaires du patron Antoine Dupont, apr\u00e8s huit mois d&rsquo;absence sur blessure, ne plaide pas en ce sens. Si sur les 35 s\u00e9lections de Jalibert en Bleu, douze l&rsquo;ont \u00e9t\u00e9 avec Dupont en demi de m\u00eal\u00e9e, beaucoup estiment, et le s\u00e9lectionneur\u00a0<a href=\"http:\/\/www.lefigaro.fr\/sports\/rugby\/coupe-du-monde\/xv-de-france-notre-ambition-c-est-d-etre-champion-du-monde-martele-fabien-galthie-20251203\" data-fig-type=\"NewsFlash\" data-gtm-custom-categorie=\"navigation\" data-gtm-custom-action=\"crossclick\" data-gtm-custom-label=\"Contextuel\" data-gtm-event=\"customEventSPE\" data-fig-domain=\"LEFIGARO\" target=\"_blank\" rel=\"noopener\">Fabien Galthi\u00e9<\/a>\u00a0aussi apparemment, que les deux joueurs, r\u00e9put\u00e9s plus animateurs attaquants que gestionnaires, ne peuvent cohabiter au nom d&rsquo;un certain \u00e9quilibre.<\/p>\n<p>                                            R\u00f4le majeur dans le titre en Champions Cup<\/p>\n<p class=\"fig-paragraph\">Entre Jalibert et l&rsquo;\u00e9quipe de France, qu&rsquo;il a c\u00f4toy\u00e9e la premi\u00e8re fois en f\u00e9vrier 2018, \u00e0 tout juste 19 ans, \u00e7a a toujours \u00e9t\u00e9 \u00abJe t&rsquo;aime moi non plus\u00bb. Quelques coups de g\u00e9nie, des fulgurances pour sauver la patrie \u00e0 Rome en 2023, mais aussi des rendez-vous manqu\u00e9s et des \u00e9tats d&rsquo;\u00e2me m\u00e9diatis\u00e9s l&rsquo;an dernier avec le s\u00e9lectionneur qui l&rsquo;avait d\u00e9class\u00e9 dans la hi\u00e9rarchie des ouvreurs avant le Tournoi 2025.<\/p>\n<p class=\"fig-body-link\">\n            \u00c0 lire aussi<br \/>\n        <a class=\"fig-body-link__link\" href=\"http:\/\/www.lefigaro.fr\/sports\/rugby\/coupe-d-europe\/rugby-champions-cup-le-petit-bijou-de-jalibert-maestro-de-l-ubb-contre-les-scarlets-20251213\" data-fig-type=\"NewsFlash\" data-gtm-custom-categorie=\"navigation\" data-gtm-custom-action=\"crossclick\" data-gtm-custom-label=\"Contextuel\" data-gtm-event=\"customEventSPE\" data-fig-domain=\"LEFIGARO\" target=\"_blank\" rel=\"noopener\"><\/p>\n<p>        Rugby, Champions Cup\u00a0: le petit bijou de Jalibert, maestro de l\u2019UBB contre les Scarlets (vid\u00e9o)<br \/>\n    <\/a>\n<\/p>\n<p>                                            <a class=\"fig-a11y-skip\" href=\"#fig-a11y-skip-main-inarticle_mtf\" data-module=\"a11y-skip\" data-context=\"was @visible\"><br \/>\n    Passer la publicit\u00e9<br \/>\n<\/a>            <\/p>\n<p class=\"fig-paragraph\">\u00abJ&rsquo;ai eu une longue discussion avec (Galthi\u00e9), \u00e7a restera entre nous. Il m&rsquo;a dit qu&rsquo;il ne me sentait pas tr\u00e8s bien, que je pouvais rentrer chez moi. Donc je lui ai dit que je pr\u00e9f\u00e9rais rentrer\u00bb, avait confi\u00e9 Jalibert \u00e0 l&rsquo;\u00e9poque. Depuis, le Bordelo-B\u00e9glais a progress\u00e9 d\u00e9fensivement, \u00e9toff\u00e9 son palmar\u00e8s avec\u00a0<a href=\"http:\/\/www.lefigaro.fr\/sports\/rugby\/coupe-d-europe\/champions-cup-l-ubb-prend-date-une-deuxieme-ligne-de-mammouths-pollock-musele-les-coups-de-coeur-et-coups-de-griffe-de-notre-envoye-special-20250525\" data-fig-type=\"NewsFlash\" data-gtm-custom-categorie=\"navigation\" data-gtm-custom-action=\"crossclick\" data-gtm-custom-label=\"Contextuel\" data-gtm-event=\"customEventSPE\" data-fig-domain=\"LEFIGARO\" target=\"_blank\" rel=\"noopener\">une Champions Cup en y jouant un r\u00f4le majeur<\/a>\u00a0&#8211; deux passes d\u00e9cisives en finale contre Northampton &#8211; et marche sur l&rsquo;eau&#8230;<\/p>\n","protected":false},"excerpt":{"rendered":"Le demi d\u2019ouverture de l\u2019UBB encha\u00eene les prestations magistrales ces derniers mois. Suffisant pour bousculer la hi\u00e9rarchie en&hellip;\n","protected":false},"author":2,"featured_media":622618,"comment_status":"","ping_status":"","sticky":false,"template":"","format":"standard","meta":{"footnotes":""},"categories":[1416],"tags":[1011,27,24802,479,1468,60,4364,7974],"class_list":{"0":"post-622617","1":"post","2":"type-post","3":"status-publish","4":"format-standard","5":"has-post-thumbnail","7":"category-rugby","8":"tag-fr","9":"tag-france","10":"tag-matthieu-jalibert","11":"tag-rugby","12":"tag-rugby-football","13":"tag-sports","14":"tag-ubb","15":"tag-union-bordeaux-begles"},"share_on_mastodon":{"url":"https:\/\/pubeurope.com\/@fr\/115783764792576675","error":""},"_links":{"self":[{"href":"https:\/\/www.europesays.com\/fr\/wp-json\/wp\/v2\/posts\/622617","targetHints":{"allow":["GET"]}}],"collection":[{"href":"https:\/\/www.europesays.com\/fr\/wp-json\/wp\/v2\/posts"}],"about":[{"href":"https:\/\/www.europesays.com\/fr\/wp-json\/wp\/v2\/types\/post"}],"author":[{"embeddable":true,"href":"https:\/\/www.europesays.com\/fr\/wp-json\/wp\/v2\/users\/2"}],"replies":[{"embeddable":true,"href":"https:\/\/www.europesays.com\/fr\/wp-json\/wp\/v2\/comments?post=622617"}],"version-history":[{"count":0,"href":"https:\/\/www.europesays.com\/fr\/wp-json\/wp\/v2\/posts\/622617\/revisions"}],"wp:featuredmedia":[{"embeddable":true,"href":"https:\/\/www.europesays.com\/fr\/wp-json\/wp\/v2\/media\/622618"}],"wp:attachment":[{"href":"https:\/\/www.europesays.com\/fr\/wp-json\/wp\/v2\/media?parent=622617"}],"wp:term":[{"taxonomy":"category","embeddable":true,"href":"https:\/\/www.europesays.com\/fr\/wp-json\/wp\/v2\/categories?post=622617"},{"taxonomy":"post_tag","embeddable":true,"href":"https:\/\/www.europesays.com\/fr\/wp-json\/wp\/v2\/tags?post=622617"}],"curies":[{"name":"wp","href":"https:\/\/api.w.org\/{rel}","templated":true}]}}