{"id":622625,"date":"2025-12-26T03:39:20","date_gmt":"2025-12-26T03:39:20","guid":{"rendered":"https:\/\/www.europesays.com\/fr\/622625\/"},"modified":"2025-12-26T03:39:20","modified_gmt":"2025-12-26T03:39:20","slug":"son-medecin-lui-a-dit","status":"publish","type":"post","link":"https:\/\/www.europesays.com\/fr\/622625\/","title":{"rendered":"\u00ab Son m\u00e9decin lui a dit&#8230;"},"content":{"rendered":"<p class=\"has-text-color has-small-font-size\" style=\"color:#747474\">Par <a href=\"https:\/\/www.parlons-basket.com\/biographie-auteur-elsa-girard-basset\/\" target=\"_blank\" rel=\"noopener\">Elsa Girard-Basset<\/a> |\u00a0Journaliste web<\/p>\n<p><strong><strong><strong>Ic\u00f4ne mondiale de la chanson fran\u00e7aise, Charles Aznavour a marqu\u00e9 des g\u00e9n\u00e9rations par sa voix, ses textes et son \u00e9nergie sc\u00e9nique. Mais derri\u00e8re la l\u00e9gende se cachait un vice qui aurait pu lui co\u00fbter la vie tr\u00e8s t\u00f4t dans ses jeunes ann\u00e9es. Une addiction r\u00e9v\u00e9l\u00e9e seulement par ceux qui l\u2019ont c\u00f4toy\u00e9 de pr\u00e8s, notamment \u00e0 travers une anecdote saisissante.<\/strong><\/strong><\/strong><\/p>\n<p>Figure incontournable de la musique francophone, Charles Aznavour s\u2019est impos\u00e9 comme un monument de la chanson. Avec plus de sept d\u00e9cennies de carri\u00e8re, des tubes intemporels et des tourn\u00e9es jusqu\u2019\u00e0 la fin de sa vie, l\u2019artiste d\u2019origine arm\u00e9nienne a su fasciner par sa long\u00e9vit\u00e9 et son talent. Pourtant, cette long\u00e9vit\u00e9 aurait pu \u00eatre compromise d\u00e8s les ann\u00e9es 1950 par une consommation excessive d\u2019alcool et de tabac.<\/p>\n<p>M\u00eame \u00e0 94 ans, quelques semaines avant sa disparition, Charles Aznavour continuait de se produire sur sc\u00e8ne. Mais sa survie jusqu\u2019\u00e0 un \u00e2ge avanc\u00e9 n\u2019a pas \u00e9t\u00e9 naturelle ni \u00e9vidente. Dans sa jeunesse, l\u2019interpr\u00e8te de \u00ab\u00a0Hier encore\u00a0\u00bb s\u2019exposait \u00e0 un risque mortel, comme le rappelle son ami de longue date G\u00e9rard Davoust. Dans l\u2019ouvrage \u00ab\u00a0Aznavour vu de dos\u00a0\u00bb, il confiait ainsi :<\/p>\n<p>\u00ab Charles m\u2019avait rapport\u00e9 une anecdote survenue dans les ann\u00e9es 1950, lorsqu\u2019il se trouvait au Qu\u00e9bec. Il ne se sentait pas bien, il avait des malaises. Inquiet, il a pris rendez-vous avec un m\u00e9decin. Celui-ci l\u2019ausculte tout en lui posant des questions.<\/p>\n<p>Charles lui a dit boire un peu de tout, mais \u201csurtout du whisky\u201d. Le m\u00e9decin lui a alors propos\u00e9 de choisir une mignonnette parmi une multitude, et a ajout\u00e9 : \u201cProfitez-en bien, d\u00e9gustez-la, parce que, si ce n\u2019est pas la derni\u00e8re que vous buvez, je ne vous donne pas plus de trois mois \u00e0 vivre\u201d. \u00bb<\/p>\n<p>Terrifi\u00e9 par ce pronostic, Charles Aznavour a imm\u00e9diatement arr\u00eat\u00e9 l\u2019alcool, changeant radicalement son mode de vie. Les ann\u00e9es passant, il a repris sa consommation, mais de mani\u00e8re strictement mod\u00e9r\u00e9e et jamais excessive, selon G\u00e9rard Davoust.<\/p>\n<p>Une seule fois, l\u2019exc\u00e8s a eu raison de sa prudence. Au-del\u00e0 de cinquante ans, lors d\u2019une soir\u00e9e de champagne, Charles Aznavour, euphorique, s\u2019est lanc\u00e9 dans une danse russe apprise dans sa jeunesse avec le ma\u00eetre Yeltsoff. R\u00e9sultat : un m\u00e9nisque d\u00e9truit, rappel brutal des limites du corps et des dangers d\u2019une consommation excessive d\u2019alcool !<\/p>\n<p>Cette anecdote illustre combien la vigilance sur sa sant\u00e9 a \u00e9t\u00e9 d\u00e9terminante pour l\u2019artiste. Ce n\u2019est pas un hasard si Charles Aznavour a pu atteindre un \u00e2ge avanc\u00e9 et continuer \u00e0 se produire pendant des d\u00e9cennies. Une le\u00e7on d\u2019extr\u00eame prudence pour quiconque n\u00e9glige les effets de l\u2019alcool et du tabac sur la vie.<\/p>\n","protected":false},"excerpt":{"rendered":"Par Elsa Girard-Basset |\u00a0Journaliste web Ic\u00f4ne mondiale de la chanson fran\u00e7aise, Charles Aznavour a marqu\u00e9 des g\u00e9n\u00e9rations par&hellip;\n","protected":false},"author":2,"featured_media":622626,"comment_status":"","ping_status":"","sticky":false,"template":"","format":"standard","meta":{"footnotes":""},"categories":[1359],"tags":[11775,58,59,1011,27,973],"class_list":{"0":"post-622625","1":"post","2":"type-post","3":"status-publish","4":"format-standard","5":"has-post-thumbnail","7":"category-people","8":"tag-charles-aznavour","9":"tag-divertissement","10":"tag-entertainment","11":"tag-fr","12":"tag-france","13":"tag-people"},"share_on_mastodon":{"url":"https:\/\/pubeurope.com\/@fr\/115783792313078059","error":""},"_links":{"self":[{"href":"https:\/\/www.europesays.com\/fr\/wp-json\/wp\/v2\/posts\/622625","targetHints":{"allow":["GET"]}}],"collection":[{"href":"https:\/\/www.europesays.com\/fr\/wp-json\/wp\/v2\/posts"}],"about":[{"href":"https:\/\/www.europesays.com\/fr\/wp-json\/wp\/v2\/types\/post"}],"author":[{"embeddable":true,"href":"https:\/\/www.europesays.com\/fr\/wp-json\/wp\/v2\/users\/2"}],"replies":[{"embeddable":true,"href":"https:\/\/www.europesays.com\/fr\/wp-json\/wp\/v2\/comments?post=622625"}],"version-history":[{"count":0,"href":"https:\/\/www.europesays.com\/fr\/wp-json\/wp\/v2\/posts\/622625\/revisions"}],"wp:featuredmedia":[{"embeddable":true,"href":"https:\/\/www.europesays.com\/fr\/wp-json\/wp\/v2\/media\/622626"}],"wp:attachment":[{"href":"https:\/\/www.europesays.com\/fr\/wp-json\/wp\/v2\/media?parent=622625"}],"wp:term":[{"taxonomy":"category","embeddable":true,"href":"https:\/\/www.europesays.com\/fr\/wp-json\/wp\/v2\/categories?post=622625"},{"taxonomy":"post_tag","embeddable":true,"href":"https:\/\/www.europesays.com\/fr\/wp-json\/wp\/v2\/tags?post=622625"}],"curies":[{"name":"wp","href":"https:\/\/api.w.org\/{rel}","templated":true}]}}