{"id":622627,"date":"2025-12-26T03:40:24","date_gmt":"2025-12-26T03:40:24","guid":{"rendered":"https:\/\/www.europesays.com\/fr\/622627\/"},"modified":"2025-12-26T03:40:24","modified_gmt":"2025-12-26T03:40:24","slug":"quand-claude-monet-peint-lhiver","status":"publish","type":"post","link":"https:\/\/www.europesays.com\/fr\/622627\/","title":{"rendered":"quand Claude Monet peint l\u2019hiver"},"content":{"rendered":"<p>      lire plus tard<\/p>\n<p id=\"dialog__title\" class=\"dialog__title\">Pour sauvegarder cet article, connectez-vous ou cr\u00e9ez un compte franceinfo<\/p>\n<p class=\"dialog__description\">Sans paiement. Sans abonnement.<\/p>\n<p>        Fermer la fen\u00eatre d\u2019activation des notifications France Info<\/p>\n<p>      cr\u00e9er votre compte<\/p>\n<p>      se connecter<\/p>\n<p>      :<\/p>\n<p>        Fermer la fen\u00eatre de pr\u00e9sentation<\/p>\n<p>    Publi\u00e9 le 25\/12\/2025 22:23<\/p>\n<p>        Temps de lecture : 3min &#8211; vid\u00e9o : 3min<\/p>\n<p>    <img decoding=\"async\" class=\"francetv-player-wrapper__image\" alt=\"Les Gla\u00e7ons : quand Claude Monet peint l\u2019hiver\"  width=\"432\" height=\"243\" src=\"https:\/\/www.europesays.com\/fr\/wp-content\/uploads\/2025\/12\/g-rkg-rekg-kre-694daa7f890a5870358897.jpg\" fetchpriority=\"high\"\/><\/p>\n<p>              Les Gla\u00e7ons : quand Claude Monet peint l\u2019hiver<br \/>\n                    (France 2)<\/p>\n<p>      3min<\/p>\n<p>\n  Loin des \u00e9t\u00e9s ensoleill\u00e9s et des jardins de Giverny, Monet trouve l\u2019inspiration dans l\u2019hiver. \u00c0 V\u00e9theuil, entre glace et Seine gel\u00e9e, il peint Les Gla\u00e7ons, une s\u00e9rie qui marque un tournant dans son \u0153uvre et annonce ses futures explorations des s\u00e9ries et des nymph\u00e9as.\n<\/p>\n<p><strong>Ce texte correspond \u00e0 une partie de la retranscription du reportage ci-dessus. Cliquez sur la vid\u00e9o pour la regarder dans son int\u00e9gralit\u00e9.<\/strong><\/p>\n<p>Quand on \u00e9voque <a href=\"https:\/\/www.franceinfo.fr\/decouverte\/eure-les-jardins-enchanteurs-de-giverny_7382815.html\" data-tooltip-url=\"https:\/\/www.franceinfo.fr\/decouverte\/eure-les-jardins-enchanteurs-de-giverny_7382815.html\" target=\"_blank\" rel=\"noopener\">Monet<\/a>, on pense \u00e0 un pique-nique au soleil, \u00e0 des coquelicots, \u00e0 des plages normandes. Bref, Monet, c&rsquo;est l&rsquo;\u00e9ternel \u00e9t\u00e9. Pourtant, l&rsquo;hiver, avec son cort\u00e8ge de neige, de givre et de verglas, lui a inspir\u00e9 certains de ses plus beaux tableaux, dont Les Gla\u00e7ons, peints pendant l&rsquo;hiver 1880 \u00e0 V\u00e9theuil, dans le Val-d&rsquo;Oise. Une \u0153uvre aujourd&rsquo;hui expos\u00e9e au Mus\u00e9e d&rsquo;Orsay.<\/p>\n<p>Claude Monet, 38 ans, est un jeune artiste fauch\u00e9 comme les bl\u00e9s. Ses toiles se vendent tr\u00e8s mal et, pour continuer \u00e0 peindre, il doit quitter Paris. Son choix va se porter sur V\u00e9theuil, un village en bord de Seine, \u00e0 un coup de pinceau de la capitale. Claire Vincent, propri\u00e9taire de la maison de Claude Monet et guide touristique \u00e0 V\u00e9theuil, raconte : \u00ab\u00a0Claude Monet, quand il arrive \u00e0 V\u00e9theuil, loue une maison qui est sur le bord de la route de la Roche-Guyon. Il prend son mat\u00e9riel, il part \u00e0 l&rsquo;aventure, si je puis dire, parce qu&rsquo;on est entour\u00e9 ici de la Seine, des falaises de craie et des coteaux.\u00a0\u00bb<\/p>\n<p>Ce bonheur est de courte dur\u00e9e. La sant\u00e9 de Camille, sa femme et sa muse, ne cesse de d\u00e9cliner. Elle meurt un an apr\u00e8s leur installation. L&rsquo;hiver p\u00e9n\u00e8tre dans le c\u0153ur de Monet, et il va bient\u00f4t s&rsquo;abattre sur tout le nord du pays. Imaginons les bulletins m\u00e9t\u00e9o de l&rsquo;\u00e9poque : \u00ab\u00a0D\u00e9cembre 1879, un froid polaire, moins 24 degr\u00e9s enregistr\u00e9s \u00e0 Paris. La Seine a m\u00eame gel\u00e9. Aujourd&rsquo;hui, les temp\u00e9ratures sont de nouveau positives, comme vous pouvez le constater. Mais attention, qui dit redoux dit aussi fonte de la Seine qui va charrier pendant plusieurs jours. Ces gros blocs de glace aussi, il est fortement conseill\u00e9 de mettre vos barques et vos bateaux \u00e0 l&rsquo;abri.\u00a0\u00bb<\/p>\n<p>Pour immortaliser ce d\u00e9gel, Monet, au m\u00e9pris du danger, embarque dans son bateau atelier. Claire Vincent pr\u00e9cise : \u00ab\u00a0C&rsquo;est une grosse barque en r\u00e9alit\u00e9. Il a fait apposer sur ce bateau une cabine en bois relativement grande dans laquelle il va pouvoir peindre, manger, dormir, se reposer. Il va naviguer tout simplement entre ces \u00e9normes gla\u00e7ons qui flottent.\u00a0\u00bb<\/p>\n<p>Dans l&rsquo;\u0153uvre de Monet, Les Gla\u00e7ons marquent un tournant. Pour la premi\u00e8re fois, le peintre s&rsquo;autorise une \u0153uvre sans pr\u00e9sence humaine. La seule chose qui l&rsquo;int\u00e9resse d\u00e9sormais, c&rsquo;est l&rsquo;humeur de la nature. Une nature qu&rsquo;il va peindre avec une toute nouvelle technique. Servane Dargnies-de Vitry, conservatrice de peinture au Mus\u00e9e d&rsquo;Orsay, explique : \u00ab\u00a0Il va utiliser une touche horizontale pour l&rsquo;eau, alors qu&rsquo;\u00e0 l&rsquo;inverse, ces gros blocs de glace, on dit gla\u00e7ons, mais ce sont de gros blocs de glace, vont \u00eatre peints avec une touche o\u00f9 on sent vraiment toute la mati\u00e8re.\u00a0\u00bb<\/p>\n<p>Avec Les Gla\u00e7ons, d\u00e9clin\u00e9s 17 fois, Monet inaugure le principe des s\u00e9ries. Il y en aura d&rsquo;autres, fameuses : les Meules, la Cath\u00e9drale de Rouen et les c\u00e9l\u00e8bres Nymph\u00e9as. Des nymph\u00e9as qui flottent sur le bassin de Giverny comme les gla\u00e7ons, 20 ans plus t\u00f4t, sur le lit de la Seine.<\/p>\n","protected":false},"excerpt":{"rendered":"lire plus tard Pour sauvegarder cet article, connectez-vous ou cr\u00e9ez un compte franceinfo Sans paiement. Sans abonnement. Fermer&hellip;\n","protected":false},"author":2,"featured_media":622628,"comment_status":"","ping_status":"","sticky":false,"template":"","format":"standard","meta":{"footnotes":""},"categories":[1358],"tags":[1348,1384,1385,1386,58,59,1011,27],"class_list":{"0":"post-622627","1":"post","2":"type-post","3":"status-publish","4":"format-standard","5":"has-post-thumbnail","7":"category-arts-et-design","8":"tag-arts","9":"tag-arts-and-design","10":"tag-arts-et-design","11":"tag-design","12":"tag-divertissement","13":"tag-entertainment","14":"tag-fr","15":"tag-france"},"share_on_mastodon":{"url":"https:\/\/pubeurope.com\/@fr\/115783797631508985","error":""},"_links":{"self":[{"href":"https:\/\/www.europesays.com\/fr\/wp-json\/wp\/v2\/posts\/622627","targetHints":{"allow":["GET"]}}],"collection":[{"href":"https:\/\/www.europesays.com\/fr\/wp-json\/wp\/v2\/posts"}],"about":[{"href":"https:\/\/www.europesays.com\/fr\/wp-json\/wp\/v2\/types\/post"}],"author":[{"embeddable":true,"href":"https:\/\/www.europesays.com\/fr\/wp-json\/wp\/v2\/users\/2"}],"replies":[{"embeddable":true,"href":"https:\/\/www.europesays.com\/fr\/wp-json\/wp\/v2\/comments?post=622627"}],"version-history":[{"count":0,"href":"https:\/\/www.europesays.com\/fr\/wp-json\/wp\/v2\/posts\/622627\/revisions"}],"wp:featuredmedia":[{"embeddable":true,"href":"https:\/\/www.europesays.com\/fr\/wp-json\/wp\/v2\/media\/622628"}],"wp:attachment":[{"href":"https:\/\/www.europesays.com\/fr\/wp-json\/wp\/v2\/media?parent=622627"}],"wp:term":[{"taxonomy":"category","embeddable":true,"href":"https:\/\/www.europesays.com\/fr\/wp-json\/wp\/v2\/categories?post=622627"},{"taxonomy":"post_tag","embeddable":true,"href":"https:\/\/www.europesays.com\/fr\/wp-json\/wp\/v2\/tags?post=622627"}],"curies":[{"name":"wp","href":"https:\/\/api.w.org\/{rel}","templated":true}]}}