{"id":622629,"date":"2025-12-26T03:43:22","date_gmt":"2025-12-26T03:43:22","guid":{"rendered":"https:\/\/www.europesays.com\/fr\/622629\/"},"modified":"2025-12-26T03:43:22","modified_gmt":"2025-12-26T03:43:22","slug":"demain-nous-appartient-en-avance-pedro-a-t-il-menti-sur-son-identite-est-il-le-pere-dorso-le-resume-de-lepisode-2105-du-vendredi-26-decembre-2025","status":"publish","type":"post","link":"https:\/\/www.europesays.com\/fr\/622629\/","title":{"rendered":"Demain nous appartient en avance : Pedro a-t-il menti sur son identit\u00e9 ? Est-il le p\u00e8re d&rsquo;Orso ? Le r\u00e9sum\u00e9 de l&rsquo;\u00e9pisode 2105 du vendredi 26 d\u00e9cembre 2025"},"content":{"rendered":"<p><b>Jeudi 25 d\u00e9cembre 2025\u00a0dans l&rsquo;\u00e9pisode 2105 de\u00a0<\/b><b>Demain nous appartient\u00a0<\/b><b>diffus\u00e9 \u00e0 19h10 sur TF1 <\/b><a href=\"https:\/\/www.programme-tv.net\/news\/series-tv\/394168-a-peine-arrive-dans-nouveau-jour-m6-cet-acteur-rejoint-deja-un-feuilleton-phare-de-tf1\/\" data-api-deeplink=\"teleloisirs:\/\/news\/394168\" target=\"_blank\" rel=\"noopener\">qui s&rsquo;appr\u00eate \u00e0 prochainement accueillir un acteur du feuilleton Nouveau jour<\/a>\u2026 William raconte comment il a \u00e9t\u00e9 suivi par un myst\u00e9rieux individu la veille au soir. Sofia lui montre une photo d&rsquo;Esteban pour qu&rsquo;il d\u00e9termine s&rsquo;il s&rsquo;agissait de lui. Malheureusement William est incapable de l&rsquo;identifier. Mais Sofia, paniqu\u00e9e, en est s\u00fbre : le p\u00e8re d&rsquo;Orso est bien \u00e0 S\u00e8te et il va tout faire pour r\u00e9cup\u00e9rer son fils.<\/p>\n<p>Demain nous appartient en avance\u00a0: Orso est hospitalis\u00e9<\/p>\n<p>Au Spoon, Aurore raconte \u00e0 Sara la situation concernant Sofia, Orso et la famille tr\u00e8s particuli\u00e8re du p\u00e8re de ce dernier, Esteban. Elle lui r\u00e9v\u00e8le aussi que William a \u00e9t\u00e9 suivi la veille, probablement par Esteban justement. Elle pr\u00e9cise que Sofia ne veut pas que Martin soit inform\u00e9. \u00c0 la maison, Sofia s&rsquo;excuse une nouvelle fois aupr\u00e8s de William d&rsquo;\u00eatre revenue ensuite, d&rsquo;avoir menti et de leur avoir apport\u00e9 ses soucis. William la rassure : elle a eu raison, ils ne lui en veulent pas. De retour \u00e0 la maison, Aurore avoue \u00e0 William avoir parl\u00e9 \u00e0 Sara qui, comme elle, conseille d&rsquo;en parler \u00e0 Martin. Elle est aussi persuad\u00e9e qu&rsquo;Esteban va retrouver leur trace. C&rsquo;est alors que Sofia d\u00e9barque : Orso est br\u00fblant. William d\u00e9cide de l&#8217;emmener \u00e0 l&rsquo;h\u00f4pital. Peu apr\u00e8s, \u00e0 Saint-Clair, William arrive avec le r\u00e9sultat : Orso est atteint d&rsquo;une infection pulmonaire. Il aurait pu l&rsquo;\u00e9viter s&rsquo;il avait \u00e9t\u00e9 vaccin\u00e9. Il doit rester au moins une nuit en observation.<\/p>\n<p>                        Demain nous appartient en avance\u00a0: Valentine s&rsquo;ouvre \u00e0 Kevin<\/p>\n<p>Au march\u00e9 de no\u00ebl, Kevin demande \u00e0 Bruno pourquoi il est aussi proche de Valentine. Il lui r\u00e9v\u00e8le alors que <a href=\"https:\/\/www.programme-tv.net\/news\/series-tv\/369548-demain-nous-appartient-en-avance-liam-et-octave-se-battent-valentine-apprend-l-infidelite-de-nathan-le-resume-de-l-episode-1863-du-mercredi-22-janvier-2025\/\" data-api-deeplink=\"teleloisirs:\/\/news\/369548\" target=\"_blank\" rel=\"noopener\">la jeune femme est l&rsquo;ex de son fils<\/a>. Il est rest\u00e9 proche d&rsquo;elle depuis le d\u00e9part de Nathan au Canada. Il poursuit ses confidences en annon\u00e7ant que Valentine a ensuite \u00e9t\u00e9 en couple avec Charles. Un peu plus tard, Valentine re\u00e7oit un appel de Charles. Il veut normaliser leur relation avant qu&rsquo;ils ne se mettent \u00e0 travailler ensemble au sein du Spoon. Elle le rembarre fermement avant de raccrocher. Ayant vu que Valentine \u00e9tait contrari\u00e9e, Kevin vient prendre de ses nouvelles. Elle l&rsquo;envoie promener \u00e0 son tour. Une fois calm\u00e9e, Valentine vient s&rsquo;excuser et lui promet un bagel \u00e0 la fin de son service. La nuit tomb\u00e9e, pendant leur \u00e9change, Kevin et Valentine r\u00e9alisent tous les deux qu&rsquo;ils ont tous les deux perdu leurs parents. Il en profite pour lui offrir un petit cadeau : un bracelet. Venu chercher son fr\u00e8re, Benny fait la connaissance de Valentine.<\/p>\n<p>            Demain nous appartient en avance : Erica a un fr\u00e8re !<\/p>\n<p>Au march\u00e9 de no\u00ebl, Marceau demande \u00e0 sa m\u00e8re une avance d&rsquo;argent de poche pour aller au cin\u00e9ma. Mais Erica refuse. Son motif : il a piqu\u00e9 <a href=\"https:\/\/www.programme-tv.net\/news\/series-tv\/394605-demain-nous-appartient-en-avance-le-pere-de-jordan-ne-veut-rien-savoir-de-lui-sofia-a-menti-a-propos-de-son-bebe-le-resume-des-episodes-2101-et-2102-du-mardi-23-decembre-2025\/\" data-api-deeplink=\"teleloisirs:\/\/news\/394605\" target=\"_blank\" rel=\"noopener\">un de ses disques pour l&rsquo;offrir \u00e0 Bart pour no\u00ebl<\/a> ! Seule avec Bart, Erica re\u00e7oit de lui une invitation dans un restaurant \u00e9toil\u00e9. En retour, elle lui offre un beau pull et un disque&#8230; le m\u00eame que celui offert par Marceau \u00e0 no\u00ebl ! Elle lui explique alors ce que son fils a fait et pourquoi ce vinyl est important pour elle. Il lui a \u00e9t\u00e9 donn\u00e9 par son fr\u00e8re, \u00e0 qui elle ne parle plus depuis 11 ans. Elle reste \u00e9vasive sur les raisons de cette brouille. Au Spoon, Bastien et Violette se racontent leurs soir\u00e9es du r\u00e9veillon. Elle en profite pour lui dire que <a href=\"https:\/\/www.programme-tv.net\/news\/series-tv\/394674-demain-nous-appartient-en-avance-orso-n-est-pas-le-fils-de-sofia-le-resume-de-l-episode-2103-du-mercredi-24-decembre-2025\/\" data-api-deeplink=\"teleloisirs:\/\/news\/394674\" target=\"_blank\" rel=\"noopener\">Marceau lui a offert des fleurs<\/a>. Et justement ce dernier d\u00e9barque et s&rsquo;installe avec eux.<\/p>\n<p>                        Demain nous appartient en avance\u00a0: Pedro, le fils d&rsquo;Alain, a-t-il menti sur son identit\u00e9 ?<\/p>\n<p>Aux halles, Alain a racont\u00e9 \u00e0 Marianne avoir retrouv\u00e9 son fils Pedro. Il n&rsquo;\u00e9tait m\u00eame pas au courant qu&rsquo;il \u00e9tait revenu en Europe. Il s&rsquo;en veut : c&rsquo;est sa faute s&rsquo;ils se sont \u00e9loign\u00e9s. Un peu plus tard, alors qu&rsquo;il discute avec Alain, Soizic et Adam, Pedro est soudainement absent. Son attention est attir\u00e9e par une jeune femme. Il quitte alors pr\u00e9cipitamment la table. Alain n&rsquo;est pas surpris : son fils a toujours \u00e9t\u00e9 comme \u00e7a. Il raconte ensuite que cela fait bien longtemps. Dans la rue, Pedro suit la jeune femme puis l&rsquo;interpelle d&rsquo;un \u00ab\u00a0Sofia !\u00a0\u00bb Il la rattrape, l&rsquo;attrape par le bras avant de s&rsquo;apercevoir qu&rsquo;il ne s&rsquo;agit pas d&rsquo;elle.<\/p>\n<p>Ayant appris l&rsquo;hospitalisation d&rsquo;Orso, Soizic vient prendre des nouvelles aupr\u00e8s de Samuel. Elle propose de le replacer pour la fin de la garde. Elle appelle ensuite Alain pour le pr\u00e9venir qu&rsquo;elle ne va pas pouvoir le retrouver, ainsi qu&rsquo;Adam et Pedro, au restaurant. Une fois l&rsquo;appel fini, Alain annonce la mauvaise nouvelle puis Adam explique le contexte : la fille d&rsquo;une coll\u00e8gue de sa m\u00e8re est r\u00e9cemment revenue \u00e0 S\u00e8te avec un b\u00e9b\u00e9&#8230; Pedro semble particuli\u00e8rement int\u00e9ress\u00e9 par cette histoire.<\/p>\n","protected":false},"excerpt":{"rendered":"Jeudi 25 d\u00e9cembre 2025\u00a0dans l&rsquo;\u00e9pisode 2105 de\u00a0Demain nous appartient\u00a0diffus\u00e9 \u00e0 19h10 sur TF1 qui s&rsquo;appr\u00eate \u00e0 prochainement accueillir&hellip;\n","protected":false},"author":2,"featured_media":622630,"comment_status":"","ping_status":"","sticky":false,"template":"","format":"standard","meta":{"footnotes":""},"categories":[1356],"tags":[244,1193,3598,5247,58,59,1011,27,6134,5249,5248,5246,252,199,5251,1364],"class_list":{"0":"post-622629","1":"post","2":"type-post","3":"status-publish","4":"format-standard","5":"has-post-thumbnail","7":"category-television","8":"tag-commentaire","9":"tag-couple","10":"tag-demain-nous-appartient","11":"tag-demain-nous-appartient-en-avance","12":"tag-divertissement","13":"tag-entertainment","14":"tag-fr","15":"tag-france","16":"tag-interviews","17":"tag-mytf1-max","18":"tag-ru00e9sumu00e9-demain-nous-appartient","19":"tag-ru00e9sumu00e9-en-avance-demain-nous-appartient","20":"tag-television","21":"tag-tf1","22":"tag-tu00e9lu00e9-loisirs","23":"tag-tv"},"share_on_mastodon":{"url":"https:\/\/pubeurope.com\/@fr\/115783808020036793","error":""},"_links":{"self":[{"href":"https:\/\/www.europesays.com\/fr\/wp-json\/wp\/v2\/posts\/622629","targetHints":{"allow":["GET"]}}],"collection":[{"href":"https:\/\/www.europesays.com\/fr\/wp-json\/wp\/v2\/posts"}],"about":[{"href":"https:\/\/www.europesays.com\/fr\/wp-json\/wp\/v2\/types\/post"}],"author":[{"embeddable":true,"href":"https:\/\/www.europesays.com\/fr\/wp-json\/wp\/v2\/users\/2"}],"replies":[{"embeddable":true,"href":"https:\/\/www.europesays.com\/fr\/wp-json\/wp\/v2\/comments?post=622629"}],"version-history":[{"count":0,"href":"https:\/\/www.europesays.com\/fr\/wp-json\/wp\/v2\/posts\/622629\/revisions"}],"wp:featuredmedia":[{"embeddable":true,"href":"https:\/\/www.europesays.com\/fr\/wp-json\/wp\/v2\/media\/622630"}],"wp:attachment":[{"href":"https:\/\/www.europesays.com\/fr\/wp-json\/wp\/v2\/media?parent=622629"}],"wp:term":[{"taxonomy":"category","embeddable":true,"href":"https:\/\/www.europesays.com\/fr\/wp-json\/wp\/v2\/categories?post=622629"},{"taxonomy":"post_tag","embeddable":true,"href":"https:\/\/www.europesays.com\/fr\/wp-json\/wp\/v2\/tags?post=622629"}],"curies":[{"name":"wp","href":"https:\/\/api.w.org\/{rel}","templated":true}]}}