{"id":622631,"date":"2025-12-26T03:44:26","date_gmt":"2025-12-26T03:44:26","guid":{"rendered":"https:\/\/www.europesays.com\/fr\/622631\/"},"modified":"2025-12-26T03:44:26","modified_gmt":"2025-12-26T03:44:26","slug":"elle-est-tellement-sympa-magali-ripoll-revient-sur-sa-collaboration-avec-lorie","status":"publish","type":"post","link":"https:\/\/www.europesays.com\/fr\/622631\/","title":{"rendered":"\u201cElle est tellement sympa\u201d\u00a0 : Magali Ripoll revient sur sa collaboration avec Lorie"},"content":{"rendered":"<p>Vingt-cinq ans apr\u00e8s avoir fait chanter toute une g\u00e9n\u00e9ration, Lorie Pester n\u2019avait pas imagin\u00e9 remonter un jour sur sc\u00e8ne avec une telle ampleur. Et pourtant ! Sa tourn\u00e9e Lorie Party affiche d\u00e9j\u00e0 pr\u00e8s de quarante dates presque compl\u00e8tes, port\u00e9e par un enthousiasme qui a pris l\u2019artiste elle-m\u00eame de court.\u00a0\u00c0 l\u2019origine, rien n\u2019\u00e9tait \u00e9crit. En 2024, la sortie de deux compilations, Hyper Lorie, r\u00e9arrangeant ses plus grands tubes, sonnait plut\u00f4t comme un point final assum\u00e9. La chanteuse pensait avoir d\u00e9finitivement tourn\u00e9 la page de cette p\u00e9riode de sa vie, mais les messages ont afflu\u00e9.<\/p>\n<p><a id=\"eztoc103389059_1\"\/><strong>Un retour n\u00e9 de la ferveur des fans<\/strong><\/p>\n<p>\u00ab\u00a0On a re\u00e7u beaucoup de messages qui nous demandaient quand est-ce que vous faites des concerts ?\u00a0\u00bb, a-t-elle r\u00e9cemment confi\u00e9 dans les colonnes du Parisien.\u00a0D\u2019abord r\u00e9ticente, Lorie a fini par revoir sa position :\u00a0\u00ab\u00a0Au d\u00e9but, je disais ce n&rsquo;est pas pour moi, mais \u00e7a revenait tout le temps et de plus en plus. On s&rsquo;est dit qu&rsquo;il fallait peut-\u00eatre prendre la question s\u00e9rieusement. Et voil\u00e0, on est l\u00e0 !\u00a0\u00bb. Et la suite d\u00e9passe toutes les pr\u00e9visions ! Les billets sont partis comme des petits pains en seulement quelques minutes, confirmant que le lien entre l\u2019artiste et son public n\u2019a jamais disparu.<a id=\"eztoc103389059_2\"\/><\/p>\n<p><strong>Magali Ripoll, t\u00e9moin privil\u00e9gi\u00e9e<\/strong><\/p>\n<p>Magali Ripoll, connue pour ses prouesses sur le plateau de N&rsquo;oubliez pas les paroles et pour ses d\u00e9sormais talents d&rsquo;animatrice, a \u00e9galement travaill\u00e9 avec Lorie lors de pr\u00e9c\u00e9dentes tourn\u00e9es et garde un souvenir tr\u00e8s vif de ces ann\u00e9es. Dans une interview accord\u00e9e \u00e0 T\u00e9l\u00e9 7 Jours, elle \u00e9voque une artiste inchang\u00e9e : \u00ab\u00a0C&rsquo;est une joyeuse camarade, elle est tellement sympa, elle \u00e9tait tellement douce et gentille d\u00e9j\u00e0 il y a plus de 20 ans quand je travaillais avec elle et elle l&rsquo;est toujours\u00a0\u00bb.\u00a0<\/p>\n<p>La musicienne a surtout insist\u00e9 sur l\u2019exigence physique et sc\u00e9nique de la chanteuse : \u00ab\u00a0Moi ce qui m&rsquo;\u00e9patait, c&rsquo;\u00e9tait la performance qu&rsquo;elle produisait sur sc\u00e8ne parce qu&rsquo;elle apparaissait dans une fus\u00e9e, elle en sortait avec une explosion et elle encha\u00eenait sur des chor\u00e9graphies o\u00f9 elle \u00e9tait accroch\u00e9e \u00e0 une \u00e9chelle\u00a0\u00bb. Et d\u2019ajouter, amus\u00e9e : \u00ab\u00a0Enfin, il y a eu tout, tout, tout\u2026 c&rsquo;est Jean-Paul Belmondo en chanteuse (rires)\u00a0\u00bb. Ce retour, aussi inattendu qu\u2019\u00e9clatant, prouve une chose, si Lorie pensait avoir referm\u00e9 un chapitre, son public, lui, ne l\u2019avait jamais vraiment quitt\u00e9e !\u00a0\n            <\/p>\n","protected":false},"excerpt":{"rendered":"Vingt-cinq ans apr\u00e8s avoir fait chanter toute une g\u00e9n\u00e9ration, Lorie Pester n\u2019avait pas imagin\u00e9 remonter un jour sur&hellip;\n","protected":false},"author":2,"featured_media":622632,"comment_status":"","ping_status":"","sticky":false,"template":"","format":"standard","meta":{"footnotes":""},"categories":[1355],"tags":[58,59,1011,27,1361,873],"class_list":{"0":"post-622631","1":"post","2":"type-post","3":"status-publish","4":"format-standard","5":"has-post-thumbnail","7":"category-musique","8":"tag-divertissement","9":"tag-entertainment","10":"tag-fr","11":"tag-france","12":"tag-music","13":"tag-musique"},"share_on_mastodon":{"url":"https:\/\/pubeurope.com\/@fr\/115783811919543032","error":""},"_links":{"self":[{"href":"https:\/\/www.europesays.com\/fr\/wp-json\/wp\/v2\/posts\/622631","targetHints":{"allow":["GET"]}}],"collection":[{"href":"https:\/\/www.europesays.com\/fr\/wp-json\/wp\/v2\/posts"}],"about":[{"href":"https:\/\/www.europesays.com\/fr\/wp-json\/wp\/v2\/types\/post"}],"author":[{"embeddable":true,"href":"https:\/\/www.europesays.com\/fr\/wp-json\/wp\/v2\/users\/2"}],"replies":[{"embeddable":true,"href":"https:\/\/www.europesays.com\/fr\/wp-json\/wp\/v2\/comments?post=622631"}],"version-history":[{"count":0,"href":"https:\/\/www.europesays.com\/fr\/wp-json\/wp\/v2\/posts\/622631\/revisions"}],"wp:featuredmedia":[{"embeddable":true,"href":"https:\/\/www.europesays.com\/fr\/wp-json\/wp\/v2\/media\/622632"}],"wp:attachment":[{"href":"https:\/\/www.europesays.com\/fr\/wp-json\/wp\/v2\/media?parent=622631"}],"wp:term":[{"taxonomy":"category","embeddable":true,"href":"https:\/\/www.europesays.com\/fr\/wp-json\/wp\/v2\/categories?post=622631"},{"taxonomy":"post_tag","embeddable":true,"href":"https:\/\/www.europesays.com\/fr\/wp-json\/wp\/v2\/tags?post=622631"}],"curies":[{"name":"wp","href":"https:\/\/api.w.org\/{rel}","templated":true}]}}