{"id":622645,"date":"2025-12-26T03:52:23","date_gmt":"2025-12-26T03:52:23","guid":{"rendered":"https:\/\/www.europesays.com\/fr\/622645\/"},"modified":"2025-12-26T03:52:23","modified_gmt":"2025-12-26T03:52:23","slug":"un-garcon-merveilleux-et-plein-dideaux-a-ashdod-le-dernier-adieu-a-dan-elkayam-tue-dans-lattentat-de-sydney","status":"publish","type":"post","link":"https:\/\/www.europesays.com\/fr\/622645\/","title":{"rendered":"\u00ab\u00a0Un gar\u00e7on merveilleux et plein d\u2019id\u00e9aux\u00a0\u00bb\u00a0: \u00e0 Ashdod, le dernier adieu \u00e0 Dan Elkayam, tu\u00e9 dans\u00a0l\u2019attentat de Sydney"},"content":{"rendered":"<p class=\"paragraph text_align_left lp-f-body-02\">Sous un ciel d\u2019hiver limpide, une vague d\u2019\u00e9motion a travers\u00e9, ce jeudi 25 d\u00e9cembre, le cimeti\u00e8re de la ville c\u00f4ti\u00e8re d\u2019Ashdod en <a href=\"https:\/\/www.leparisien.fr\/international\/israel\/\" target=\"_blank\" rel=\"noreferrer noopener\">Isra\u00ebl<\/a>. \u00c0 12h35, la c\u00e9r\u00e9monie d\u2019inhumation de Dan Elkayam, le Fran\u00e7ais \u00e2g\u00e9 de 27 ans, assassin\u00e9 le 14 d\u00e9cembre lors de <a href=\"https:\/\/www.leparisien.fr\/faits-divers\/attentat-antisemite-a-sydney-18h45-a-bondi-beach-deux-hommes-ouvrent-le-feu-recit-dun-dimanche-de-terreur-14-12-2025-TZBMTRZAFVFA5NPVLCLI45WVKQ.php\" target=\"_blank\" rel=\"noreferrer noopener\">l\u2019attentat de Bondi Beach<\/a>, \u00e0 Sydney, a rassembl\u00e9 plusieurs<b> <\/b>centaines de proches, venus d\u2019Isra\u00ebl, de France et d\u2019Australie.<\/p>\n<p class=\"\">Originaire du Bourget (<a href=\"https:\/\/www.leparisien.fr\/seine-saint-denis-93\/\" target=\"_blank\" rel=\"noreferrer noopener\">Seine-Saint-Denis<\/a>), cet ing\u00e9nieur en informatique install\u00e9 voil\u00e0 environ deux ans en Australie, faisait partie des quinze victimes tu\u00e9es dans <a href=\"https:\/\/www.leparisien.fr\/international\/entrainement-dans-le-pays-video-visant-les-sionistes-la-police-australienne-retrace-le-parcours-des-deux-assaillants-de-sydney-22-12-2025-RHHDD7LJCJECDHDOFZMKGXKHDE.php\" target=\"_blank\" rel=\"noreferrer noopener\">l\u2019attaque<\/a> alors que la communaut\u00e9 juive locale c\u00e9l\u00e9brait <a href=\"https:\/\/www.leparisien.fr\/societe\/religions\/hanouka-2025-quest-ce-que-fete-juive-qui-demarre-ce-dimanche-soir-14-12-2025-DZSVJ6LP6ZCEFHQSEBKNLZFWGE.php\" target=\"_blank\" rel=\"noreferrer noopener\">la f\u00eate de Hanouka<\/a> sur la plage. Onze jours plus tard, c\u2019est en Isra\u00ebl que sa famille a choisi de lui dire adieu.<\/p>\n","protected":false},"excerpt":{"rendered":"Sous un ciel d\u2019hiver limpide, une vague d\u2019\u00e9motion a travers\u00e9, ce jeudi 25 d\u00e9cembre, le cimeti\u00e8re de la&hellip;\n","protected":false},"author":2,"featured_media":622646,"comment_status":"","ping_status":"","sticky":false,"template":"","format":"standard","meta":{"footnotes":""},"categories":[5],"tags":[11,118,1011,27,14,12,28],"class_list":{"0":"post-622645","1":"post","2":"type-post","3":"status-publish","4":"format-standard","5":"has-post-thumbnail","7":"category-international","8":"tag-actualites","9":"tag-faits-divers","10":"tag-fr","11":"tag-france","12":"tag-international","13":"tag-news","14":"tag-world"},"share_on_mastodon":{"url":"https:\/\/pubeurope.com\/@fr\/115783843462035196","error":""},"_links":{"self":[{"href":"https:\/\/www.europesays.com\/fr\/wp-json\/wp\/v2\/posts\/622645","targetHints":{"allow":["GET"]}}],"collection":[{"href":"https:\/\/www.europesays.com\/fr\/wp-json\/wp\/v2\/posts"}],"about":[{"href":"https:\/\/www.europesays.com\/fr\/wp-json\/wp\/v2\/types\/post"}],"author":[{"embeddable":true,"href":"https:\/\/www.europesays.com\/fr\/wp-json\/wp\/v2\/users\/2"}],"replies":[{"embeddable":true,"href":"https:\/\/www.europesays.com\/fr\/wp-json\/wp\/v2\/comments?post=622645"}],"version-history":[{"count":0,"href":"https:\/\/www.europesays.com\/fr\/wp-json\/wp\/v2\/posts\/622645\/revisions"}],"wp:featuredmedia":[{"embeddable":true,"href":"https:\/\/www.europesays.com\/fr\/wp-json\/wp\/v2\/media\/622646"}],"wp:attachment":[{"href":"https:\/\/www.europesays.com\/fr\/wp-json\/wp\/v2\/media?parent=622645"}],"wp:term":[{"taxonomy":"category","embeddable":true,"href":"https:\/\/www.europesays.com\/fr\/wp-json\/wp\/v2\/categories?post=622645"},{"taxonomy":"post_tag","embeddable":true,"href":"https:\/\/www.europesays.com\/fr\/wp-json\/wp\/v2\/tags?post=622645"}],"curies":[{"name":"wp","href":"https:\/\/api.w.org\/{rel}","templated":true}]}}