{"id":622647,"date":"2025-12-26T03:53:24","date_gmt":"2025-12-26T03:53:24","guid":{"rendered":"https:\/\/www.europesays.com\/fr\/622647\/"},"modified":"2025-12-26T03:53:24","modified_gmt":"2025-12-26T03:53:24","slug":"mitry-mory-trois-victimes-grievement-blessees-apres-une-collision-en-chaine-sur-la-rn-2","status":"publish","type":"post","link":"https:\/\/www.europesays.com\/fr\/622647\/","title":{"rendered":"Mitry-Mory\u00a0: trois victimes gri\u00e8vement bless\u00e9es apr\u00e8s une collision en cha\u00eene sur la RN 2"},"content":{"rendered":"<p class=\"paragraph text_align_left lp-f-body-02\">L\u2019\u00e9tat de sant\u00e9 de deux des quatre victimes bless\u00e9es dans un accident de la route, survenu sur la RN2, semble s\u2019\u00eatre am\u00e9lior\u00e9. Il est un peu plus de 16\u00a0heures, ce mercredi, lorsqu\u2019une collision en cha\u00eene entre un v\u00e9hicule utilitaire, une voiture et un poids lourd survient sur la nationale, en direction de Paris, \u00e0 hauteur de Mitry-Mory.<\/p>\n<p class=\"\">Le choc est tel que pas moins de 34 pompiers venus de toute la Seine-et-Marne, ainsi que 14 engins, ont \u00e9t\u00e9 mobilis\u00e9s. La circulation a \u00e9t\u00e9 coup\u00e9e pendant deux heures, pour permettre aux secours d\u2019intervenir et aux h\u00e9licopt\u00e8res &#8211; charg\u00e9s du transport des victimes &#8211; de se poser.<\/p>\n<p class=\"\">Selon les premi\u00e8res constatations, un Citro\u00ebn Jumper a percut\u00e9 l\u2019arri\u00e8re d\u2019une Peugeot\u00a0208, dans laquelle se trouvaient quatre personnes d\u2019une m\u00eame famille, originaire de Seine-Maritime. Voiture qui est all\u00e9e s\u2019encastrer sous la remorque du poids lourd.<\/p>\n<p>Deux h\u00e9licopt\u00e8res mobilis\u00e9s<\/p>\n<p class=\"\">Si le routier, \u00e2g\u00e9 de 57\u00a0ans, et le conducteur du v\u00e9hicule utilitaire, \u00e2g\u00e9 de 35\u00a0ans, en sont sortis indemnes, il n\u2019en est pas de m\u00eame pour les occupants de la Peugeot. La voiture \u00e9tait coinc\u00e9e sous la remorque et deux d\u2019entre eux ont d\u00fb \u00eatre d\u00e9sincarc\u00e9r\u00e9s par les pompiers.<\/p>\n<p class=\"\">Trois victimes \u00e9taient en urgence absolue quand elles ont \u00e9t\u00e9 transport\u00e9es vers des h\u00f4pitaux de la r\u00e9gion parisienne. Une femme de 46\u00a0ans, la passag\u00e8re avant sortie seule de l\u2019habitacle, <a href=\"https:\/\/www.leparisien.fr\/seine-et-marne-77\/seine-et-marne-des-elus-se-mobilisent-pour-le-retour-dun-deuxieme-helicoptere-de-la-securite-civile-07-04-2025-JBJ5MNVQHJAWBBZGWWDHF7EWQI.php\" target=\"_blank\" rel=\"noreferrer noopener\">a \u00e9t\u00e9 transport\u00e9e \u00e0 bord du Dragon 75-2,<\/a> l\u2019h\u00e9licopt\u00e8re de la s\u00e9curit\u00e9 civile bas\u00e9 \u00e0 Melun, vers l\u2019h\u00f4pital du Kremlin Bic\u00eatre (Val-de-Marne). Au lendemain de la collision, son \u00e9tat de sant\u00e9 inspire toujours les plus grandes inqui\u00e9tudes.<\/p>\n<p class=\"\">Un adolescent de 17\u00a0ans et un enfant de 2\u00a0ans (le plus l\u00e9g\u00e8rement bless\u00e9) ont \u00e9t\u00e9 transport\u00e9s, l\u2019un apr\u00e8s l\u2019autre, par l\u2019h\u00e9licopt\u00e8re du Samu 94, jusqu\u2019\u00e0 un h\u00f4pital de la r\u00e9gion parisienne. Quant au conducteur, \u00e2g\u00e9 de 53\u00a0ans, il a \u00e9t\u00e9 transport\u00e9 par la route, avant d\u2019\u00eatre hospitalis\u00e9.<\/p>\n","protected":false},"excerpt":{"rendered":"L\u2019\u00e9tat de sant\u00e9 de deux des quatre victimes bless\u00e9es dans un accident de la route, survenu sur la&hellip;\n","protected":false},"author":2,"featured_media":622648,"comment_status":"","ping_status":"","sticky":false,"template":"","format":"standard","meta":{"footnotes":""},"categories":[4],"tags":[11,1011,27,1944,12,25,1937],"class_list":{"0":"post-622647","1":"post","2":"type-post","3":"status-publish","4":"format-standard","5":"has-post-thumbnail","7":"category-france","8":"tag-actualites","9":"tag-fr","10":"tag-france","11":"tag-ma-ville","12":"tag-news","13":"tag-republique-francaise","14":"tag-seine-et-marne"},"share_on_mastodon":{"url":"https:\/\/pubeurope.com\/@fr\/115783847625990663","error":""},"_links":{"self":[{"href":"https:\/\/www.europesays.com\/fr\/wp-json\/wp\/v2\/posts\/622647","targetHints":{"allow":["GET"]}}],"collection":[{"href":"https:\/\/www.europesays.com\/fr\/wp-json\/wp\/v2\/posts"}],"about":[{"href":"https:\/\/www.europesays.com\/fr\/wp-json\/wp\/v2\/types\/post"}],"author":[{"embeddable":true,"href":"https:\/\/www.europesays.com\/fr\/wp-json\/wp\/v2\/users\/2"}],"replies":[{"embeddable":true,"href":"https:\/\/www.europesays.com\/fr\/wp-json\/wp\/v2\/comments?post=622647"}],"version-history":[{"count":0,"href":"https:\/\/www.europesays.com\/fr\/wp-json\/wp\/v2\/posts\/622647\/revisions"}],"wp:featuredmedia":[{"embeddable":true,"href":"https:\/\/www.europesays.com\/fr\/wp-json\/wp\/v2\/media\/622648"}],"wp:attachment":[{"href":"https:\/\/www.europesays.com\/fr\/wp-json\/wp\/v2\/media?parent=622647"}],"wp:term":[{"taxonomy":"category","embeddable":true,"href":"https:\/\/www.europesays.com\/fr\/wp-json\/wp\/v2\/categories?post=622647"},{"taxonomy":"post_tag","embeddable":true,"href":"https:\/\/www.europesays.com\/fr\/wp-json\/wp\/v2\/tags?post=622647"}],"curies":[{"name":"wp","href":"https:\/\/api.w.org\/{rel}","templated":true}]}}