{"id":622651,"date":"2025-12-26T03:55:56","date_gmt":"2025-12-26T03:55:56","guid":{"rendered":"https:\/\/www.europesays.com\/fr\/622651\/"},"modified":"2025-12-26T03:55:56","modified_gmt":"2025-12-26T03:55:56","slug":"trois-salaries-dune-entreprise-pris-en-charge-apres-inhalation-de-fumees","status":"publish","type":"post","link":"https:\/\/www.europesays.com\/fr\/622651\/","title":{"rendered":"Trois salari\u00e9s d&rsquo;une entreprise pris en charge apr\u00e8s inhalation de fum\u00e9es"},"content":{"rendered":"\n<p>Ce mardi 23 d\u00e9cembre, peu apr\u00e8s 15h30, les pompiers ont \u00e9t\u00e9 appel\u00e9s pour un d\u00e9part de feu sur une machine de finition de s\u00e9chage au sein de l&rsquo;entreprise Initial BTB situ\u00e9 au 12 chemin du Gue \u00e0 Firminy. C&rsquo;est le personnel de l&rsquo;entreprise qui a maitris\u00e9 lui-m\u00eame l&rsquo;incendie avant l&rsquo;arriv\u00e9e des soldats du feu qui ont ensuite proc\u00e9d\u00e9 aux op\u00e9rations de refroidissement ainsi qu&rsquo;aux actions de d\u00e9blai et de ventilation des locaux. Au total, heir apr\u00e8s-midi, 54 salari\u00e9s ont d\u00fb \u00eatre plac\u00e9s en ch\u00f4mage technique jusqu&rsquo;\u00e0 ce mercredi matin afin rde r\u00e9parer et nettoyer la machine sinistr\u00e9e.\u00a0<\/p>\n<p>Trois salari\u00e9s ont \u00e9t\u00e9 pris en charge par les secours apr\u00e8s inhalation de fum\u00e9es dont un homme de 52 ans qui a \u00e9t\u00e9 transport\u00e9 au centre hospitalier de Firminy pour des examens de contr\u00f4le.\u00a0<\/p>\n<p>\u00a0<\/p>\n<p>\u00a0<\/p>\n","protected":false},"excerpt":{"rendered":"Ce mardi 23 d\u00e9cembre, peu apr\u00e8s 15h30, les pompiers ont \u00e9t\u00e9 appel\u00e9s pour un d\u00e9part de feu sur&hellip;\n","protected":false},"author":2,"featured_media":524570,"comment_status":"","ping_status":"","sticky":false,"template":"","format":"standard","meta":{"footnotes":""},"categories":[9653],"tags":[1111,11,2430,1777,674,6017,10282,1011,27,1310,60916,3367,12,1311,25,4001],"class_list":{"0":"post-622651","1":"post","2":"type-post","3":"status-publish","4":"format-standard","5":"has-post-thumbnail","7":"category-saint-etienne","8":"tag-actu","9":"tag-actualites","10":"tag-auvergne-rhone-alpes","11":"tag-eu","12":"tag-europe","13":"tag-fait-divers","14":"tag-firminy","15":"tag-fr","16":"tag-france","17":"tag-incendie","18":"tag-inhalation","19":"tag-loire","20":"tag-news","21":"tag-pompiers","22":"tag-republique-francaise","23":"tag-saint-etienne"},"share_on_mastodon":{"url":"https:\/\/pubeurope.com\/@fr\/115783859115454465","error":""},"_links":{"self":[{"href":"https:\/\/www.europesays.com\/fr\/wp-json\/wp\/v2\/posts\/622651","targetHints":{"allow":["GET"]}}],"collection":[{"href":"https:\/\/www.europesays.com\/fr\/wp-json\/wp\/v2\/posts"}],"about":[{"href":"https:\/\/www.europesays.com\/fr\/wp-json\/wp\/v2\/types\/post"}],"author":[{"embeddable":true,"href":"https:\/\/www.europesays.com\/fr\/wp-json\/wp\/v2\/users\/2"}],"replies":[{"embeddable":true,"href":"https:\/\/www.europesays.com\/fr\/wp-json\/wp\/v2\/comments?post=622651"}],"version-history":[{"count":0,"href":"https:\/\/www.europesays.com\/fr\/wp-json\/wp\/v2\/posts\/622651\/revisions"}],"wp:featuredmedia":[{"embeddable":true,"href":"https:\/\/www.europesays.com\/fr\/wp-json\/wp\/v2\/media\/524570"}],"wp:attachment":[{"href":"https:\/\/www.europesays.com\/fr\/wp-json\/wp\/v2\/media?parent=622651"}],"wp:term":[{"taxonomy":"category","embeddable":true,"href":"https:\/\/www.europesays.com\/fr\/wp-json\/wp\/v2\/categories?post=622651"},{"taxonomy":"post_tag","embeddable":true,"href":"https:\/\/www.europesays.com\/fr\/wp-json\/wp\/v2\/tags?post=622651"}],"curies":[{"name":"wp","href":"https:\/\/api.w.org\/{rel}","templated":true}]}}