{"id":62266,"date":"2025-04-29T16:54:08","date_gmt":"2025-04-29T16:54:08","guid":{"rendered":"https:\/\/www.europesays.com\/fr\/62266\/"},"modified":"2025-04-29T16:54:08","modified_gmt":"2025-04-29T16:54:08","slug":"fete-des-mai-2025-a-nice-la-reine-elue-jeudi-on-vous-explique-tout-sur-cette-tradition-nicoise-si-emblematique","status":"publish","type":"post","link":"https:\/\/www.europesays.com\/fr\/62266\/","title":{"rendered":"F\u00eate des Mai 2025 \u00e0 Nice: la Reine \u00e9lue jeudi, on vous explique tout sur cette tradition ni\u00e7oise si embl\u00e9matique"},"content":{"rendered":"<p>Les Mai arrivent \u00e0 Cimiez. Coup d\u2019envoi ce jeudi 1er mai 2025, suivi de quatre week-ends sous le signe d\u2019une f\u00eate bien ni\u00e7oise symbolisant le renouveau de la nature. On va danser, chanter, jouer, engloutir des sp\u00e9cialit\u00e9s du terroir et, bien s\u00fbr, rendre hommage \u00e0 la Reine des Mai. Qui sera \u00e9lue jeudi, \u00e0 partir de 14h30.<\/p>\n<p>Une reine pareille aux reines de beaut\u00e9, aux mensurations parfaites? Pas du tout. Marine Chiaramonti, pr\u00e9sidente de l\u2019association Regina dei Mai, qui organise d\u00e9sormais l\u2019\u00e9lection, d\u00e9crypte ce vote et le message qu\u2019il v\u00e9hicule.<\/p>\n<p><strong>La Reine des Mai est-elle une Miss comme les autres?<\/strong><\/p>\n<p>Non. Les candidates peuvent se pr\u00e9senter de 15 \u00e0 29 ans, sans aucun crit\u00e8re physique. Seule compte la mani\u00e8re dont elles montrent leur attachement \u00e0 la culture ni\u00e7oise \u00e0 travers toutes sortes de prestations en lien avec Nice: chant, th\u00e9\u00e2tre, danse\u2026 Elles ne sont pas oblig\u00e9es d\u2019\u00eatre n\u00e9es ou d\u2019habiter Nice. Pas oblig\u00e9es non plus de parler ni\u00e7ois. Il suffit qu\u2019elles soient ni\u00e7oises de c\u0153ur. Jeudi, quatre candidates de 16 \u00e0 28 ans tenteront de reprendre la couronne de Klara Accossato. Elles nous feront la surprise de leur expression de la nissardit\u00e9 qu\u2019elles doivent avoir en elles.<\/p>\n<p><strong>Une fois \u00e9lue, que doit faire la reine?<\/strong><\/p>\n<p>Assister \u00e0 des festins, des inaugurations. \u00catre l\u2019ambassadrice des traditions, du patrimoine ni\u00e7ois. Ce qui demande une certaine disponibilit\u00e9.<\/p>\n<p><strong>\u00c0 notre \u00e9poque, cette \u00e9lection n\u2019est-elle pas un peu d\u00e9su\u00e8te?<\/strong><\/p>\n<p>Nous intervenons dans des lyc\u00e9es azur\u00e9ens o\u00f9 est enseign\u00e9 le ni\u00e7ois, comme Mass\u00e9na \u00e0 Nice ou Renoir \u00e0 Cagnes-sur-Mer. On explique aux \u00e9l\u00e8ves que cet \u00e9v\u00e9nement peut permettre \u00e0 la jeunesse de s\u2019impliquer dans le monde ni\u00e7ois avec ses codes. Les traditions, l\u2019enseignement du ni\u00e7ois ont le vent en poupe. La reine en costume, d\u2019ailleurs revisit\u00e9, suscite des questions. Il y a toujours des candidates.<\/p>\n<p><strong>Comment faire \u00e9voluer l\u2019\u00e9lection dans le futur?<\/strong><\/p>\n<p>Notre association le fait justement en allant voir les jeunes. On explique aussi notre d\u00e9marche sur un stand aux Mai. Nous avons des pages Facebook et Instagram bien aliment\u00e9es. Une de nos reines pr\u00e9c\u00e9dentes expliquait son quotidien sur Tiktok et \u00e7a marchait bien. Peut-\u00eatre que la reine de cette \u00e9dition le fera \u00e9galement. Et on est en train de cr\u00e9er un site web.<\/p>\n<p>            Ambiance autour du m\u00e2t fleuri<\/p>\n<p>D\u00e9j\u00e0 au temps des Romains, pour honorer la nature en pleine mont\u00e9e de s\u00e8ve, on f\u00eatait les Mai en plantant, dans un temple, un grand pin abattu dans la for\u00eat, d\u00e9cor\u00e9 de guirlandes, de fleurs et de lauriers. On a conserv\u00e9 les fleurs et les guirlandes, mais en papier et en tissu, et le pin est remplac\u00e9 par un m\u00e2t qui se dresse sur les ruines de l\u2019ancienne cit\u00e9 romaine de Cemenelum. Autour de cet axe virevolte une succession de traditions enjou\u00e9es et color\u00e9es, \u00e0 vivre ensemble tout en partageant une part de socca ou un pan bagnat.<\/p>\n<p>Jeudi, puis les dimanches 4, 11, 18 et 25 mai, de 10 \u00e0 19h, les oliviers des jardins des ar\u00e8nes de Cimiez serviront de caisses de r\u00e9sonance aux bals musettes, spectacles de marionnettes, jeux traditionnels, chorales, concerts\u2026 Samedi 24 mai, de 10 \u00e0 19h, journ\u00e9e du folklore r\u00e9gional \u00e0 l\u2019occasion des 100 ans du groupe traditionnel ni\u00e7ois La Ciamada Nissarda. Des nocturnes ont \u00e9galement lieu dans diff\u00e9rents quartiers, du 2 au 24 mai, de 18h \u00e0 22h30.<\/p>\n<p>Entr\u00e9e libre et gratuite. Programme complet sur <a href=\"https:\/\/fetedesmai.nice.fr\/\" target=\"_blank\" rel=\"noopener nofollow\">Fetedesmai.nice.fr<\/a>.<\/p>\n","protected":false},"excerpt":{"rendered":"Les Mai arrivent \u00e0 Cimiez. Coup d\u2019envoi ce jeudi 1er mai 2025, suivi de quatre week-ends sous le&hellip;\n","protected":false},"author":2,"featured_media":62267,"comment_status":"","ping_status":"","sticky":false,"template":"","format":"standard","meta":{"footnotes":""},"categories":[2819],"tags":[1111,11,1777,674,7186,1011,27,12,2401,882,25],"class_list":{"0":"post-62266","1":"post","2":"type-post","3":"status-publish","4":"format-standard","5":"has-post-thumbnail","7":"category-nice","8":"tag-actu","9":"tag-actualites","10":"tag-eu","11":"tag-europe","12":"tag-festivites","13":"tag-fr","14":"tag-france","15":"tag-news","16":"tag-nice","17":"tag-provence-alpes-cote-dazur","18":"tag-republique-francaise"},"share_on_mastodon":{"url":"https:\/\/pubeurope.com\/@fr\/114422301602768560","error":""},"_links":{"self":[{"href":"https:\/\/www.europesays.com\/fr\/wp-json\/wp\/v2\/posts\/62266","targetHints":{"allow":["GET"]}}],"collection":[{"href":"https:\/\/www.europesays.com\/fr\/wp-json\/wp\/v2\/posts"}],"about":[{"href":"https:\/\/www.europesays.com\/fr\/wp-json\/wp\/v2\/types\/post"}],"author":[{"embeddable":true,"href":"https:\/\/www.europesays.com\/fr\/wp-json\/wp\/v2\/users\/2"}],"replies":[{"embeddable":true,"href":"https:\/\/www.europesays.com\/fr\/wp-json\/wp\/v2\/comments?post=62266"}],"version-history":[{"count":0,"href":"https:\/\/www.europesays.com\/fr\/wp-json\/wp\/v2\/posts\/62266\/revisions"}],"wp:featuredmedia":[{"embeddable":true,"href":"https:\/\/www.europesays.com\/fr\/wp-json\/wp\/v2\/media\/62267"}],"wp:attachment":[{"href":"https:\/\/www.europesays.com\/fr\/wp-json\/wp\/v2\/media?parent=62266"}],"wp:term":[{"taxonomy":"category","embeddable":true,"href":"https:\/\/www.europesays.com\/fr\/wp-json\/wp\/v2\/categories?post=62266"},{"taxonomy":"post_tag","embeddable":true,"href":"https:\/\/www.europesays.com\/fr\/wp-json\/wp\/v2\/tags?post=62266"}],"curies":[{"name":"wp","href":"https:\/\/api.w.org\/{rel}","templated":true}]}}