{"id":622661,"date":"2025-12-26T04:12:43","date_gmt":"2025-12-26T04:12:43","guid":{"rendered":"https:\/\/www.europesays.com\/fr\/622661\/"},"modified":"2025-12-26T04:12:43","modified_gmt":"2025-12-26T04:12:43","slug":"les-secteurs-concernes-selon-les-dernieres-previsions-meteo","status":"publish","type":"post","link":"https:\/\/www.europesays.com\/fr\/622661\/","title":{"rendered":"les secteurs concern\u00e9s selon les derni\u00e8res pr\u00e9visions m\u00e9t\u00e9o"},"content":{"rendered":"<p>                    Par<br \/>\n        <strong><br \/>\n            <a href=\"https:\/\/actu.fr\/auteur\/lisa-rodrigues\" title=\"Consulter tous les articles de Lisa Rodrigues\" target=\"_blank\" rel=\"noopener\">Lisa Rodrigues<\/a><br \/>\n                    <\/strong><\/p>\n<p>        Publi\u00e9 le<\/p>\n<p>            24 d\u00e9c. 2025 \u00e0 10h51<br \/>\n        ; mis \u00e0 jour le 24 d\u00e9c. 2025 \u00e0 11h00    <\/p>\n<p>La tendance se confirme : attendez-vous \u00e0 <a href=\"https:\/\/actu.fr\/meteo\/grand-froid-et-neige-verglas-en-france-ce-24-decembre-voici-tous-les-departements-places-en-vigilance_63617473.html\" target=\"_blank\" rel=\"noopener\">de la neige pour No\u00ebl<\/a> ! Les pr\u00e9visions m\u00e9t\u00e9orologiques en <a href=\"https:\/\/actu.fr\/auvergne-rhone-alpes\/isere_38\" target=\"_blank\" rel=\"noopener\">Is\u00e8re<\/a> se pr\u00e9cisent, \u00e0 quelques heures du soir du r\u00e9veillon. Le d\u00e9partement est ainsi plac\u00e9 en <strong>vigilance jaune neige-verglas<\/strong> d\u00e8s 17 heures.<\/p>\n<p class=\" wall-content\">D\u00e8s le d\u00e9but de la journ\u00e9e du mercredi 24 d\u00e9cembre, le ciel est couvert sur une partie du d\u00e9partement, notamment dans le nord. \u00ab\u00a0Sous cette \u00e9paisse \u00e9charpe nuageuse, des bruines ou <strong>des flocons seront d\u00e9j\u00e0 possibles<\/strong> sur les collines du Nord Is\u00e8re, les Terres Froides, la Valdaine et les Chambarans\u00a0\u00bb, pr\u00e9vient <a href=\"https:\/\/www.facebook.com\/meteocentreisere\" target=\"_blank\" rel=\"noopener\">M\u00e9t\u00e9o Centre-Is\u00e8re<\/a>.<\/p>\n<p>Chute des temp\u00e9ratures ce mercredi<\/p>\n<p class=\" wall-content\">Les temp\u00e9ratures vont continuer \u00e0 chuter, avec \u00ab\u00a0un <strong>isotherme 0\u00b0C qui s\u2019abaissera vers 400 \u00e0 600 m d\u2019altitude<\/strong> d\u2019ici l\u00e0 mi-journ\u00e9e, si des bruines se produisent, elles pourraient devenir vergla\u00e7antes au-dessus de 400\/600 m d\u2019altitude\u00a0\u00bb, poursuit M\u00e9t\u00e9o Centre-Is\u00e8re.<\/p>\n<p>    <a href=\"https:\/\/www.facebook.com\/plugins\/post.php?href=https%3A%2F%2Fwww.facebook.com%2Fmeteocentreisere%2Fposts%2Fpfbid02U59Nu5RR6EHFW9uoccLpDqr5K5vwAECkna4obHL3p2z4rR74RCNL7Q1xKezUKyZRl&amp;show_text=true&amp;width=350\" title=\"Ouvrie le lien\" target=\"_blank\" rel=\"noopener\">Cliquez ici pour visualiser le contenu<\/a><\/p>\n<p class=\" wall-content\">C\u00f4t\u00e9 temp\u00e9ratures, le maximum sera pour Grenoble et <a href=\"https:\/\/actu.fr\/auvergne-rhone-alpes\/voiron_38563\" target=\"_blank\" rel=\"noopener\">Voiron<\/a>, avec 4\u00b0C au plus chaud de la journ\u00e9e. Les temp\u00e9ratures n\u00e9gatives devraient rester en altitude, notamment \u00e0 <a href=\"https:\/\/actu.fr\/auvergne-rhone-alpes\/villard-de-lans_38548\" target=\"_blank\" rel=\"noopener\">Villard-de-Lans<\/a>.<\/p>\n<p class=\" wall-content\">Dans l\u2019apr\u00e8s-midi, M\u00e9t\u00e9o-France anticipe la possibilit\u00e9 de <strong>pluie m\u00eal\u00e9e \u00e0 de la neige<\/strong> dans les environs de <a href=\"https:\/\/actu.fr\/auvergne-rhone-alpes\/la-tour-du-pin_38509\" target=\"_blank\" rel=\"noopener\">La Tour-du-Pin<\/a> ou de La C\u00f4te-Saint-Andr\u00e9.\u00a0En altitude, au-dessus de 600 m, les premiers flocons sont attendus en fin d\u2019apr\u00e8s-midi.<\/p>\n<p>Quelques flocons possibles \u00e0 Grenoble<\/p>\n<p class=\" wall-content\">Pour la nuit du r\u00e9veillon, les <strong>chutes de neige faibles \u00e0 mod\u00e9r\u00e9es<\/strong> sont annonc\u00e9es en tout d\u00e9but de soir\u00e9e sur les massifs c\u00f4t\u00e9 Chartreuse et Vercors, sur le Voironnais, le Tri\u00e8ves et l\u2019avant-pays savoyard.<\/p>\n<p>Votre r\u00e9gion, votre actu !<\/p>\n<p>Recevez chaque jour les infos qui comptent pour vous.<\/p>\n<p>\t<a href=\"https:\/\/actu.fr\/newsletter\" class=\"ac-btn ac-btn--corner ac-btn--medium ac-btn--blue800\" target=\"_blank\" rel=\"noopener\">S&rsquo;incrire<\/a><\/p>\n<p class=\" wall-content\"><a href=\"https:\/\/actu.fr\/auvergne-rhone-alpes\/grenoble_38185\" target=\"_blank\" rel=\"noopener\">Grenoble<\/a> pourrait \u00e9galement \u00eatre saupoudr\u00e9 de blanc, avec aussi un risque de pluie en centre-ville. D\u2019apr\u00e8s <a href=\"https:\/\/www.meteo-grenoble.com\/\" target=\"_blank\" rel=\"noopener\">M\u00e9t\u00e9o-Grenoble<\/a>, si chutes de neige il y a, elles resteront faibles dans la capitale des Alpes.<\/p>\n<p class=\" wall-content\">Au plus tard dans la nuit, ce front neigeux devrait gagner l\u2019ouest du d\u00e9partement, vers les Terres Froides et <a href=\"https:\/\/actu.fr\/meteo\/neige-a-noel-dans-le-rhone-et-a-lyon-quantites-notables-possibles-les-endroits-concernes_63618469.html\" target=\"_blank\" rel=\"noopener\">la vall\u00e9e du Rh\u00f4ne<\/a>.<\/p>\n<p>Maximum 5 cm de neige<\/p>\n<p class=\" wall-content\">\u00ab\u00a0Les cumuls de neige bien, que tr\u00e8s faibles, sont encore <strong>relativement compliqu\u00e9s \u00e0 pr\u00e9voir<\/strong>\u00ab\u00a0, souligne toutefois M\u00e9t\u00e9o Centre-Is\u00e8re.<\/p>\n<p class=\" wall-content\">D\u2019apr\u00e8s les derni\u00e8res estimations, au maximum 5 cm sont attendus dans les Terres Froides, la Valdaine, les Chambarans ou le Vercors. Le reste du d\u00e9partement pourrait avoir un saupoudrage de 1 \u00e0 3 cm.<\/p>\n<p class=\" wall-content\">Suffisant tout de m\u00eame pour esp\u00e9rer <strong>se r\u00e9veiller le matin de No\u00ebl avec un paysage blanc<\/strong> et sous un ciel bien d\u00e9gag\u00e9\u2026<\/p>\n<p class=\" wall-content\">Personnalisez votre actualit\u00e9 en ajoutant vos villes et m\u00e9dias en favori avec <a href=\"https:\/\/moncompte.actu.fr\" title=\"D\u00e9couvez Mon Actu\" rel=\"nofollow noopener\" data-trk=\"{&quot;cta&quot;:{&quot;action&quot;:&quot;https:\\\/\\\/moncompte.actu.fr&quot;,&quot;category&quot;:&quot;mon compte&quot;,&quot;from&quot;:&quot;article footer&quot;,&quot;name&quot;:&quot;Mon actu&quot;,&quot;type&quot;:&quot;cta&quot;}}\" target=\"_blank\">Mon Actu<\/a>.<\/p>\n","protected":false},"excerpt":{"rendered":"Par Lisa Rodrigues Publi\u00e9 le 24 d\u00e9c. 2025 \u00e0 10h51 ; mis \u00e0 jour le 24 d\u00e9c. 2025&hellip;\n","protected":false},"author":2,"featured_media":622662,"comment_status":"","ping_status":"","sticky":false,"template":"","format":"standard","meta":{"footnotes":""},"categories":[9566],"tags":[1111,11,2430,1777,674,1011,27,2731,2487,10584,12,15830,25],"class_list":{"0":"post-622661","1":"post","2":"type-post","3":"status-publish","4":"format-standard","5":"has-post-thumbnail","7":"category-grenoble","8":"tag-actu","9":"tag-actualites","10":"tag-auvergne-rhone-alpes","11":"tag-eu","12":"tag-europe","13":"tag-fr","14":"tag-france","15":"tag-grenoble","16":"tag-meteo","17":"tag-neige","18":"tag-news","19":"tag-noel","20":"tag-republique-francaise"},"share_on_mastodon":{"url":"https:\/\/pubeurope.com\/@fr\/115783922053104717","error":""},"_links":{"self":[{"href":"https:\/\/www.europesays.com\/fr\/wp-json\/wp\/v2\/posts\/622661","targetHints":{"allow":["GET"]}}],"collection":[{"href":"https:\/\/www.europesays.com\/fr\/wp-json\/wp\/v2\/posts"}],"about":[{"href":"https:\/\/www.europesays.com\/fr\/wp-json\/wp\/v2\/types\/post"}],"author":[{"embeddable":true,"href":"https:\/\/www.europesays.com\/fr\/wp-json\/wp\/v2\/users\/2"}],"replies":[{"embeddable":true,"href":"https:\/\/www.europesays.com\/fr\/wp-json\/wp\/v2\/comments?post=622661"}],"version-history":[{"count":0,"href":"https:\/\/www.europesays.com\/fr\/wp-json\/wp\/v2\/posts\/622661\/revisions"}],"wp:featuredmedia":[{"embeddable":true,"href":"https:\/\/www.europesays.com\/fr\/wp-json\/wp\/v2\/media\/622662"}],"wp:attachment":[{"href":"https:\/\/www.europesays.com\/fr\/wp-json\/wp\/v2\/media?parent=622661"}],"wp:term":[{"taxonomy":"category","embeddable":true,"href":"https:\/\/www.europesays.com\/fr\/wp-json\/wp\/v2\/categories?post=622661"},{"taxonomy":"post_tag","embeddable":true,"href":"https:\/\/www.europesays.com\/fr\/wp-json\/wp\/v2\/tags?post=622661"}],"curies":[{"name":"wp","href":"https:\/\/api.w.org\/{rel}","templated":true}]}}