{"id":622663,"date":"2025-12-26T04:18:34","date_gmt":"2025-12-26T04:18:34","guid":{"rendered":"https:\/\/www.europesays.com\/fr\/622663\/"},"modified":"2025-12-26T04:18:34","modified_gmt":"2025-12-26T04:18:34","slug":"vente-des-roches-blanches-a-douarnenez-le-tribunal-administratif-de-rennes-prononce-un-non-lieu-3","status":"publish","type":"post","link":"https:\/\/www.europesays.com\/fr\/622663\/","title":{"rendered":"Vente des Roches Blanches \u00e0 Douarnenez\u00a0: le tribunal administratif de Rennes prononce un non-lieu"},"content":{"rendered":"<tr wp_automatic_readability=\"5.890243902439\">\n<td valign=\"middle\" align=\"center\" class=\"col-logo\" wp_automatic_readability=\"5\">\n    <img decoding=\"async\" src=\"https:\/\/maville.com\/design\/images\/logo-of-monetise.svg?version=20130627\" alt=\"logo Ouest-France\" height=\"66\"\/><\/p>\n<p>Contenu r\u00e9serv\u00e9 aux abonn\u00e9s<\/p>\n<\/td>\n<td class=\"col-titre\">\n\t\t\tMardi 23 d\u00e9cembre 2025 15:32<br \/>\n\t\t\t<a class=\"icon-bulle sizeL count\" href=\"#ancreAvis\"><br \/>\n\t&#8230;<br \/>\n<\/a><\/td>\n<\/tr>\n<p>\t\t<a class=\"mavillebox2 elmt-photo\" href=\"https:\/\/maville.com\/photosmvi\/2025\/12\/23\/P35656532D7122451G.jpg\" title=\" Jean Cathala (\u00e0 droite) et son avocat, Samuel Delalande, devant le tribunal administratif de Rennes vendredi 19\u00a0septembre 2025.  \u00a9  ARCHIVES OUEST-FRANCE  \" rel=\"galerie_actu noopener\" target=\"_blank\"><br \/>\n\t<img decoding=\"async\" src=\"https:\/\/www.europesays.com\/fr\/wp-content\/uploads\/2025\/12\/P35656532D7122451G_crop_640-330_.jpg\" alt=\"photo  jean cathala (\u00e0 droite) et son avocat, samuel delalande, devant le tribunal administratif de rennes vendredi 19\u00a0septembre 2025.  \u00a9  archives ouest-france \"\/><br \/>\n\t1<br \/>\n<\/a><\/p>\n<p class=\"elmt-legende\"> Jean Cathala (\u00e0 droite) et son avocat, Samuel Delalande, devant le tribunal administratif de Rennes vendredi 19\u00a0septembre 2025.  \u00a9  ARCHIVES OUEST-FRANCE  <\/p>\n<p>\t\tLe tribunal administratif de Rennes (Ille-et-Vilaine) a examin\u00e9, vendredi 19\u00a0septembre 2025, un recours en r\u00e9f\u00e9r\u00e9-suspension dans le dossier de vente des Roches Blanches, \u00e0 Douarnenez (Finist\u00e8re). Ce mardi 23\u00a0d\u00e9cembre, le tribunal a rendu sa d\u00e9cision en pronon\u00e7ant un non-lieu sur la requ\u00eate d\u00e9pos\u00e9e par Jean Cathala, un citoyen Douarneniste.<\/p>\n<p><b>Cet article est r\u00e9serv\u00e9 aux abonn\u00e9s<\/b><\/p>\n<p>Pour un acc\u00e8s imm\u00e9diat, abonnez-vous<\/p>\n<p><b>1\u00e8re semaine offerte<\/b><\/p>\n<p>\t\t Maxence Daguier \u00a0\u00a0<br \/>\n\t\tOuest-France<\/p>\n<p>Retrouvez d&rsquo;autres actus sur la commune de :<\/p>\n<p>\t\t&#13;<\/p>\n","protected":false},"excerpt":{"rendered":"Contenu r\u00e9serv\u00e9 aux abonn\u00e9s Mardi 23 d\u00e9cembre 2025 15:32 &#8230; 1 Jean Cathala (\u00e0 droite) et son avocat,&hellip;\n","protected":false},"author":2,"featured_media":619021,"comment_status":"","ping_status":"","sticky":false,"template":"","format":"standard","meta":{"footnotes":""},"categories":[2821],"tags":[1111,11,34492,58218,829,3320,1777,674,1011,27,1781,12,22270,55503,584,25,66101,3693,4100],"class_list":{"0":"post-622663","1":"post","2":"type-post","3":"status-publish","4":"format-standard","5":"has-post-thumbnail","7":"category-rennes","8":"tag-actu","9":"tag-actualites","10":"tag-administratif","11":"tag-blanches","12":"tag-bretagne","13":"tag-douarnenez","14":"tag-eu","15":"tag-europe","16":"tag-fr","17":"tag-france","18":"tag-lorient","19":"tag-news","20":"tag-non-lieu","21":"tag-prononce","22":"tag-rennes","23":"tag-republique-francaise","24":"tag-roches","25":"tag-tribunal","26":"tag-vente"},"share_on_mastodon":{"url":"https:\/\/pubeurope.com\/@fr\/115783947601527733","error":""},"_links":{"self":[{"href":"https:\/\/www.europesays.com\/fr\/wp-json\/wp\/v2\/posts\/622663","targetHints":{"allow":["GET"]}}],"collection":[{"href":"https:\/\/www.europesays.com\/fr\/wp-json\/wp\/v2\/posts"}],"about":[{"href":"https:\/\/www.europesays.com\/fr\/wp-json\/wp\/v2\/types\/post"}],"author":[{"embeddable":true,"href":"https:\/\/www.europesays.com\/fr\/wp-json\/wp\/v2\/users\/2"}],"replies":[{"embeddable":true,"href":"https:\/\/www.europesays.com\/fr\/wp-json\/wp\/v2\/comments?post=622663"}],"version-history":[{"count":0,"href":"https:\/\/www.europesays.com\/fr\/wp-json\/wp\/v2\/posts\/622663\/revisions"}],"wp:featuredmedia":[{"embeddable":true,"href":"https:\/\/www.europesays.com\/fr\/wp-json\/wp\/v2\/media\/619021"}],"wp:attachment":[{"href":"https:\/\/www.europesays.com\/fr\/wp-json\/wp\/v2\/media?parent=622663"}],"wp:term":[{"taxonomy":"category","embeddable":true,"href":"https:\/\/www.europesays.com\/fr\/wp-json\/wp\/v2\/categories?post=622663"},{"taxonomy":"post_tag","embeddable":true,"href":"https:\/\/www.europesays.com\/fr\/wp-json\/wp\/v2\/tags?post=622663"}],"curies":[{"name":"wp","href":"https:\/\/api.w.org\/{rel}","templated":true}]}}