{"id":622666,"date":"2025-12-26T04:23:40","date_gmt":"2025-12-26T04:23:40","guid":{"rendered":"https:\/\/www.europesays.com\/fr\/622666\/"},"modified":"2025-12-26T04:23:40","modified_gmt":"2025-12-26T04:23:40","slug":"previsions-du-jeudi-25-decembre-2025-7","status":"publish","type":"post","link":"https:\/\/www.europesays.com\/fr\/622666\/","title":{"rendered":"pr\u00e9visions du jeudi 25 d\u00e9cembre 2025"},"content":{"rendered":"<p>La journ\u00e9e qui s&rsquo;annonce \u00e0 Strasbourg, promet d&rsquo;\u00eatre superbe et ensoleill\u00e9e ! Les valeurs afficheront entre -1 et 4\u00b0C, un temps r\u00e9solument de saison. Un vent de nord-est soufflera l\u00e9g\u00e8rement, avec 14 km\/h. Les Strasbourgeois vont avoir froid le matin : les temp\u00e9ratures ne vont pas d\u00e9passer 2\u00b0C. Les valeurs avoisineront les 0\u00b0C. Les Strasbourgeois vont avoir froid l&rsquo;apr\u00e8s-midi : les temp\u00e9ratures ne vont pas d\u00e9passer 4\u00b0C. L&rsquo;hiver se fait sentir : les temp\u00e9ratures s&rsquo;\u00e9chelonneront entre 1 et 4\u00b0C. Le soir, le vent va progressivement \u00e9loigner la grisaille. Les valeurs seront comprises entre 0\u00b0C et 1\u00b0C, rappelant l&rsquo;hiver au bon souvenir des habitants. Entre jeudi et vendredi, la nuit sera claire.<\/p>\n<p>Demain, une chute du mercure, en accord avec la p\u00e9riode hivernale, est attendue \u00e0 Strasbourg. Il fera 1\u00b0C en moyenne. Un vent de nord-est rafra\u00eechira un peu l&rsquo;atmosph\u00e8re. La m\u00e9t\u00e9o devrait s&rsquo;am\u00e9liorer durant la matin\u00e9e. On anticipe des temp\u00e9ratures avoisinant 0\u00b0C. C&rsquo;est un soleil \u00e9clatant qui va briller demain apr\u00e8s-midi. Les maximales pourront atteindre 3\u00b0C et les minimales seront de 1\u00b0C : un temps de saison. Apr\u00e8s un \u00e9pisode nuageux le ciel va s&rsquo;\u00e9claircir au cours de la soir\u00e9e. Le thermom\u00e8tre affichera 0\u00b0C en moyenne.<\/p>\n<p>Peu d&rsquo;\u00e9volutions pour la suite. Il fera -1\u00b0C en moyenne pour des journ\u00e9es avec un ciel ensoleill\u00e9.<\/p>\n<p><\/p>\n","protected":false},"excerpt":{"rendered":"La journ\u00e9e qui s&rsquo;annonce \u00e0 Strasbourg, promet d&rsquo;\u00eatre superbe et ensoleill\u00e9e ! Les valeurs afficheront entre -1 et&hellip;\n","protected":false},"author":2,"featured_media":622667,"comment_status":"","ping_status":"","sticky":false,"template":"","format":"standard","meta":{"footnotes":""},"categories":[2820],"tags":[1111,11,1777,674,1011,27,775,12,2119,25,640],"class_list":{"0":"post-622666","1":"post","2":"type-post","3":"status-publish","4":"format-standard","5":"has-post-thumbnail","7":"category-strasbourg","8":"tag-actu","9":"tag-actualites","10":"tag-eu","11":"tag-europe","12":"tag-fr","13":"tag-france","14":"tag-grand-est","15":"tag-news","16":"tag-previsions-meteo","17":"tag-republique-francaise","18":"tag-strasbourg"},"share_on_mastodon":{"url":"https:\/\/pubeurope.com\/@fr\/115783965273935599","error":""},"_links":{"self":[{"href":"https:\/\/www.europesays.com\/fr\/wp-json\/wp\/v2\/posts\/622666","targetHints":{"allow":["GET"]}}],"collection":[{"href":"https:\/\/www.europesays.com\/fr\/wp-json\/wp\/v2\/posts"}],"about":[{"href":"https:\/\/www.europesays.com\/fr\/wp-json\/wp\/v2\/types\/post"}],"author":[{"embeddable":true,"href":"https:\/\/www.europesays.com\/fr\/wp-json\/wp\/v2\/users\/2"}],"replies":[{"embeddable":true,"href":"https:\/\/www.europesays.com\/fr\/wp-json\/wp\/v2\/comments?post=622666"}],"version-history":[{"count":0,"href":"https:\/\/www.europesays.com\/fr\/wp-json\/wp\/v2\/posts\/622666\/revisions"}],"wp:featuredmedia":[{"embeddable":true,"href":"https:\/\/www.europesays.com\/fr\/wp-json\/wp\/v2\/media\/622667"}],"wp:attachment":[{"href":"https:\/\/www.europesays.com\/fr\/wp-json\/wp\/v2\/media?parent=622666"}],"wp:term":[{"taxonomy":"category","embeddable":true,"href":"https:\/\/www.europesays.com\/fr\/wp-json\/wp\/v2\/categories?post=622666"},{"taxonomy":"post_tag","embeddable":true,"href":"https:\/\/www.europesays.com\/fr\/wp-json\/wp\/v2\/tags?post=622666"}],"curies":[{"name":"wp","href":"https:\/\/api.w.org\/{rel}","templated":true}]}}