{"id":622668,"date":"2025-12-26T04:25:16","date_gmt":"2025-12-26T04:25:16","guid":{"rendered":"https:\/\/www.europesays.com\/fr\/622668\/"},"modified":"2025-12-26T04:25:16","modified_gmt":"2025-12-26T04:25:16","slug":"des-locataires-dune-entreprise-controlee-par-la-famille-nicoise-craignent-de-se-retrouver-a-la-rue","status":"publish","type":"post","link":"https:\/\/www.europesays.com\/fr\/622668\/","title":{"rendered":"des locataires d\u2019une entreprise contr\u00f4l\u00e9e par la famille ni\u00e7oise craignent de se retrouver \u00e0 la rue"},"content":{"rendered":"<p class=\"fs-5 \">Le sapin clignote tristement dans le petit salon encombr\u00e9 de cartons. Des v\u00eatements entass\u00e9s \u00e0 la va-vite, des jouets \u00e7\u00e0 et l\u00e0. \u00ab On a pr\u00e9par\u00e9 nos affaires au cas o\u00f9 \u00bb, souffle doucement Jean-Luc en caressant les cheveux de son petit dernier. Au cas o\u00f9 la famille serait <strong>contrainte de quitter son logement<\/strong>.<\/p>\n<p class=\"fs-5 \">Le gamin, 2 ans, babille entre les locataires inquiets qui discutent sur le canap\u00e9, Il attend \u00ab les cadeaux de Papa No\u00ebl \u00bb. Son p\u00e8re, lui, n\u2019y croit plus. \u00ab C\u2019est No\u00ebl, mais on ne respire plus, on essaie d\u2019\u00eatre heureux pour les enfants, mais c\u2019est dur \u00bb, livre-t-il, le front barr\u00e9 par l\u2019anxi\u00e9t\u00e9.<\/p>\n<p class=\"fs-5 \">C\u2019est au 13 rue Prince-Maurice, \u00e0 Nice-Nord, tout pr\u00e8s de la gare du Sud, un petit trois-pi\u00e8ces que la famille loue depuis une dizaine d\u2019ann\u00e9es. Le 17 juin, ils ont re\u00e7u un <strong>courrier d\u2019huissier<\/strong>, au titre du<strong> groupe Rivere Invest<\/strong>, qui a rachet\u00e9 leur immeuble il y a six ans.<\/p>\n<p class=\"fs-5 \">Dans cette lettre, on leur signifiait leur \u00ab cong\u00e9 pour motif l\u00e9gitime et s\u00e9rieux-travaux \u00bb. Ils devaient quitter les lieux au plus tard le 22 d\u00e9cembre, intimait l\u2019entreprise. Une soci\u00e9t\u00e9 immobili\u00e8re dont Florent Riv\u00e8re est g\u00e9rant. Son p\u00e8re, <strong>Jean-Pierre Riv\u00e8re<\/strong>, \u00e0 nouveau pr\u00e9sident de l\u2019OGC Nice et candidat, au c\u00f4t\u00e9 d\u2019\u00c9ric Ciotti (Union des droites pour la R\u00e9publique), aux \u00e9lections municipales, est, lui, <strong>actionnaire<\/strong>.<\/p>\n<p>        <img src=\"https:\/\/www.europesays.com\/fr\/wp-content\/uploads\/2025\/12\/1766723116_189_2e33845_upload-from-url-1-6bpk7kqi1mbj-data-art-16840082.jpg\"   loading=\"lazy\" decoding=\"async\" alt=\"Le 6 octobre 2025, \u00c9ric Ciotti a pr\u00e9sent\u00e9 Jean-Pierre Riv\u00e8re comme son futur premier adjoint. \" class=\"img-fluid position-absolute w-100 object-fit-cover rounded-2\" width=\"600\" height=\"400\"\/><\/p>\n<p>                                                                                \u00ab On n\u2019a pas les moyens, c\u2019est impossible \u00bb<\/p>\n<p class=\"fs-5 \">\u00ab Riv\u00e8re a le bras long et on est tout petits \u00bb, soupire Jean-Luc. \u00ab On cherche depuis des mois un appartement pour partir. Dans le priv\u00e9, on n\u2019a pas les moyens, c\u2019est impossible. On a fait une demande HLM mais \u00e7a prend des ann\u00e9es. <strong>On va finir dans la rue avec nos enfants<\/strong> \u00bb, s\u2019angoisse sa femme<\/p>\n<p class=\"fs-5 \">Oc\u00e9ane travaille dans une association sociale, lui est au RSA. De tout petits revenus comme leurs voisins, qui, eux aussi, ont une \u00e9p\u00e9e de Damocl\u00e8s au-dessus de la t\u00eate.<\/p>\n<p class=\"fs-5 \">Oc\u00e9ane fait couler un caf\u00e9. Dans le salon, les langues se d\u00e9lient. Il y a l\u00e0, Charni Veliana, locataire d\u2019une petite maison dans la cour de l\u2019immeuble depuis 2014, Corinne du 3e \u00e9tage qui t\u00e9moigne par t\u00e9l\u00e9phone et Christiane, 75 ans dont \u00ab 45 pass\u00e9s ici \u00bb.<\/p>\n<p class=\"fs-5 \">\u00ab Dans cet immeuble, on est une famille \u00bb, pose la vieille dame. Elle n\u2019est pas menac\u00e9e d\u2019expulsion, <strong>prot\u00e9g\u00e9e par son \u00e2ge<\/strong> : le propri\u00e9taire l\u2019a relog\u00e9e dans un autre appartement, le temps de faire des travaux. Elle est \u00ab rassur\u00e9e \u00bb mais trouve \u00ab la situation [de ses voisins] r\u00e9voltante et injuste. \u00bb<\/p>\n<p>                                                                                \u00ab Il veut nous virer pour augmenter les loyers \u00bb<\/p>\n<p class=\"fs-5 \">Les locataires concern\u00e9s soup\u00e7onnent Rivere Invest \u00ab de vouloir (les) virer pour augmenter les loyers. On est l\u00e0 depuis tr\u00e8s longtemps pour certains et on avait de petits loyers. On paie 750 euros. Le gestionnaire du fils de Jean-Pierre Riv\u00e8re, Bruno Hirt, nous a annonc\u00e9 qu\u2019apr\u00e8s travaux, on allait passer \u00e0 1.300-1.400 euros par mois. <strong>On ne pourra pas payer<\/strong> !, s\u2019\u00e9trangle Corinne, femme seule \u00e0 pr\u00e8s de la soixantaine. On a tous re\u00e7u le m\u00eame courrier type : il faut refaire les cuisines et les salles de bains ; c\u2019est vital, selon eux, Moi, j\u2019ai d\u00e9j\u00e0 tout refait \u00e0 mes frais. On a tous re\u00e7u les m\u00eames plans de r\u00e9novation types alors que, dans certains logements, ils n\u2019ont pris aucune mesure. C\u2019est bizarre\u2026 \u00bb<\/p>\n<p class=\"fs-5 \">Elle poursuit : \u00ab Pour moi, aucuns travaux ne n\u00e9cessitent de nous mettre dehors. On a beaucoup de pression et beaucoup de personnes qui sont affaiblies par les passages d\u2019huissiers qui cognent \u00e0 nos portes alors qu\u2019on paie nos loyers rubis sur ongle, mais on se serre les coudes. \u00bb<\/p>\n<p class=\"fs-5 \">Elle s\u2019interroge : \u00ab Ils nous disent que c\u2019est insalubre et dangereux\u2026 Ils sont propri\u00e9taires de l\u2019immeuble depuis six ans, pourquoi maintenant ? <strong>Pourquoi ont-ils attendu <\/strong>autant de temps pour lancer des travaux qui nous mettent dehors ? \u00bb<\/p>\n<p>                                                                                \u00ab On n\u2019a jamais mis un locataire sur le trottoir \u00bb<\/p>\n<p class=\"fs-5 \">Interrog\u00e9, Florent Riv\u00e8re, g\u00e9rant du groupe Rivere Invest, <strong>s\u2019indigne des accusations<\/strong> port\u00e9es contre lui par les locataires : \u00ab On a achet\u00e9 cet immeuble il y a six ans. On doit le remettre aux normes, on le refait au fur et \u00e0 mesure que les locataires s\u2019en vont. Mais il reste des appartements insalubres et, nous, on ne fait pas vivre nos locataires dans des <strong>appartements insalubres<\/strong>. Il y a de gros travaux \u00e0 faire : \u00e9lectricit\u00e9, plomberie etc. \u00c7a devient dangereux : si demain, il y a un incendie, personne n\u2019est assur\u00e9 ! C\u2019est pourquoi on a demand\u00e9 \u00e0 quatre locataires (quatre titulaires de baux, NDLR) de partir car on ne peut pas faire ces travaux en logements occup\u00e9s. \u00bb Et le g\u00e9rant de marteler : \u00ab On respecte le cadre l\u00e9gal. \u00bb<\/p>\n<p class=\"fs-5 \">On pose la question de l\u2019augmentation des loyers : \u00ab On va faire des travaux de l\u2019ordre de <strong>25.000 \u00e0 50.000 euros par logement<\/strong>, donc \u00e9videmment on va augmenter les loyers \u00bb, admet Florent Riv\u00e8re sans donner de montants.<\/p>\n<p>                                                                                \u00ab Il n\u2019y aura pas de drame \u00bb<\/p>\n<p class=\"fs-5 \">Les locataires n\u2019arrivent pas \u00e0 se reloger ? \u00ab Beaucoup sont de mauvaise foi, ils ne cherchent pas. L\u2019un d\u2019eux nous a fait <strong>un chantage pour obtenir 30.000 euros<\/strong>, on a refus\u00e9. Il a mont\u00e9 l\u2019immeuble contre nous, nous a menac\u00e9s d\u2019appeler la presse. On n\u2019est pas des monstres mais, m\u00eame si c\u2019est No\u00ebl, on n\u2019est pas le P\u00e8re No\u00ebl non plus. C\u2019est une <strong>instrumentalisation politique<\/strong> \u00bb, termine Florent Riv\u00e8re.<\/p>\n<p class=\"fs-5 \">Son p\u00e8re, Jean-Pierre Riv\u00e8re, est actionnaire \u00ab pas majoritaire \u00bb de la soci\u00e9t\u00e9. Il maintient : \u00ab Il faut mettre aux normes cet immeuble. On le fait proprement et sereinement et on appliquera des loyers sup\u00e9rieurs, c\u2019est normal. \u00bb<\/p>\n<p class=\"fs-5 \">Il objecte : \u00ab On g\u00e8re un parc immobilier depuis des ann\u00e9es et je vous mets au d\u00e9fi de trouver un locataire qu\u2019on aurait mis dehors. On n\u2019a jamais mis un locataire sur le trottoir. \u00c7a n\u2019est jamais arriv\u00e9 et \u00e7a n\u2019arrivera pas. Quand on a eu des cas difficiles, on a toujours trouv\u00e9 des solutions. En tant que pr\u00e9sident de l\u2019OGC Nice, j\u2019ai men\u00e9 pr\u00e8s de 500 actions pour les plus d\u00e9munis, les SDF, les enfants malades etc., sans en faire publicit\u00e9. C\u2019est mon ADN et vous croyez qu\u2019aujourd\u2019hui je vais changer de politique ? \u00bb<\/p>\n<p class=\"fs-5 \">Et de conclure : \u00ab <strong>J\u2019irai les voir s\u2019il le faut<\/strong>. On va recevoir ces familles. Il n\u2019y aura pas de drame familial. \u00bb<\/p>\n","protected":false},"excerpt":{"rendered":"Le sapin clignote tristement dans le petit salon encombr\u00e9 de cartons. Des v\u00eatements entass\u00e9s \u00e0 la va-vite, des&hellip;\n","protected":false},"author":2,"featured_media":622669,"comment_status":"","ping_status":"","sticky":false,"template":"","format":"standard","meta":{"footnotes":""},"categories":[2819],"tags":[1111,11,1777,674,1011,27,12,2401,882,25],"class_list":{"0":"post-622668","1":"post","2":"type-post","3":"status-publish","4":"format-standard","5":"has-post-thumbnail","7":"category-nice","8":"tag-actu","9":"tag-actualites","10":"tag-eu","11":"tag-europe","12":"tag-fr","13":"tag-france","14":"tag-news","15":"tag-nice","16":"tag-provence-alpes-cote-dazur","17":"tag-republique-francaise"},"share_on_mastodon":{"url":"https:\/\/pubeurope.com\/@fr\/115783974209756404","error":""},"_links":{"self":[{"href":"https:\/\/www.europesays.com\/fr\/wp-json\/wp\/v2\/posts\/622668","targetHints":{"allow":["GET"]}}],"collection":[{"href":"https:\/\/www.europesays.com\/fr\/wp-json\/wp\/v2\/posts"}],"about":[{"href":"https:\/\/www.europesays.com\/fr\/wp-json\/wp\/v2\/types\/post"}],"author":[{"embeddable":true,"href":"https:\/\/www.europesays.com\/fr\/wp-json\/wp\/v2\/users\/2"}],"replies":[{"embeddable":true,"href":"https:\/\/www.europesays.com\/fr\/wp-json\/wp\/v2\/comments?post=622668"}],"version-history":[{"count":0,"href":"https:\/\/www.europesays.com\/fr\/wp-json\/wp\/v2\/posts\/622668\/revisions"}],"wp:featuredmedia":[{"embeddable":true,"href":"https:\/\/www.europesays.com\/fr\/wp-json\/wp\/v2\/media\/622669"}],"wp:attachment":[{"href":"https:\/\/www.europesays.com\/fr\/wp-json\/wp\/v2\/media?parent=622668"}],"wp:term":[{"taxonomy":"category","embeddable":true,"href":"https:\/\/www.europesays.com\/fr\/wp-json\/wp\/v2\/categories?post=622668"},{"taxonomy":"post_tag","embeddable":true,"href":"https:\/\/www.europesays.com\/fr\/wp-json\/wp\/v2\/tags?post=622668"}],"curies":[{"name":"wp","href":"https:\/\/api.w.org\/{rel}","templated":true}]}}