{"id":622670,"date":"2025-12-26T04:26:32","date_gmt":"2025-12-26T04:26:32","guid":{"rendered":"https:\/\/www.europesays.com\/fr\/622670\/"},"modified":"2025-12-26T04:26:32","modified_gmt":"2025-12-26T04:26:32","slug":"des-dizaines-dhabitants-evacues-face-au-risque-dun-glissement-de-terrain","status":"publish","type":"post","link":"https:\/\/www.europesays.com\/fr\/622670\/","title":{"rendered":"des dizaines d\u2019habitants \u00e9vacu\u00e9s face au risque d\u2019un glissement de terrain"},"content":{"rendered":"<p>\n    \u00c0 la veille de No\u00ebl, les r\u00e9sidents de plusieurs immeubles ont d\u00fb \u00e9vacuer leur b\u00e2timent \u00abpr\u00e9ventivement\u00bb, en raison d\u2019un risque accru de glissement de terrain, provoqu\u00e9 par des travaux de confortement.<\/p>\n<p class=\"fig-paragraph\">Le r\u00e9veillon de No\u00ebl s\u2019annonce pour le moins d\u00e9licat pour des dizaines de r\u00e9sidents mon\u00e9gasques, habitant les immeubles du Virginia Palace et du Point du Jour, dans le quartier de la Rousse \u00e0 l\u2019Annonciade. Le gouvernement princier a en effet annonc\u00e9 par voie de communiqu\u00e9 \u00abl\u2019ordre d\u2019\u00e9vacuation imm\u00e9diat\u00bb par pr\u00e9caution de ces riverains de l\u2019ancien Coll\u00e8ge Charles III, \u00abdans l\u2019attente des r\u00e9sultats des travaux de confortement du talus qui le surplombe\u00bb. Mardi,\u00a0<a href=\"http:\/\/www.lefigaro.fr\/politique\/nomme-chef-du-gouvernement-de-monaco-philippe-mettoux-renonce-a-prendre-ses-fonctions-20250626\" data-fig-type=\"NewsFlash\" data-gtm-custom-categorie=\"navigation\" data-gtm-custom-action=\"crossclick\" data-gtm-custom-label=\"Contextuel\" data-gtm-event=\"customEventSPE\" data-fig-domain=\"LEFIGARO\" target=\"_blank\" rel=\"noopener\">les autorit\u00e9s<\/a>\u00a0avertissaient d\u00e9j\u00e0 du risque \u00abde glissement de talus\u00bb, lequel atteignait \u00abun seuil critique\u00bb.\u00a0<\/p>\n<p class=\"fig-paragraph\">Il s\u2019agit du troisi\u00e8me communiqu\u00e9, apr\u00e8s\u00a0<a href=\"http:\/\/www.lefigaro.fr\/conjoncture\/blanchiment-et-terrorisme-monaco-bientot-placee-sur-la-liste-des-pays-a-haut-risque-par-bruxelles-20250605\" data-fig-type=\"NewsFlash\" data-gtm-custom-categorie=\"navigation\" data-gtm-custom-action=\"crossclick\" data-gtm-custom-label=\"Contextuel\" data-gtm-event=\"customEventSPE\" data-fig-domain=\"LEFIGARO\" target=\"_blank\" rel=\"noopener\">une premi\u00e8re annonce<\/a>\u00a0faite samedi dernier annon\u00e7ant la rentr\u00e9e en distanciel des lyc\u00e9ens le 5 janvier prochain, \u00abla stabilit\u00e9 du talus qui surplombe\u00bb le quartier ayant \u00abfait l\u2019objet d\u2019un suivi attentif depuis plusieurs ann\u00e9es\u00bb. Apr\u00e8s plusieurs campagnes de travaux de confortement de la paroi de sout\u00e8nement, de nouveaux vont \u00eatre r\u00e9alis\u00e9s pendant cette p\u00e9riode de vacances de No\u00ebl, annonce la principaut\u00e9 &#8211; avec des r\u00e9sultats connus d\u00e8s vendredi 26 d\u00e9cembre.<\/p>\n<p>                                            <a class=\"fig-a11y-skip\" href=\"#fig-a11y-skip-main-inarticle\" data-module=\"a11y-skip\" data-context=\"was @visible\"><br \/>\n    Passer la publicit\u00e9<br \/>\n<\/a>            <\/p>\n<p>                                            Les riverains se pr\u00e9parent \u00e0 une \u00e9vacuation<\/p>\n<p class=\"fig-paragraph\">N\u00e9anmoins, \u00aben raison des derni\u00e8res mesures de suivi qui font appara\u00eetre une acc\u00e9l\u00e9ration du ph\u00e9nom\u00e8ne de d\u00e9formation, des travaux suppl\u00e9mentaires sont n\u00e9cessaires\u00bb et obligent les 840 lyc\u00e9ens \u00e0 faire leur\u00a0<a href=\"http:\/\/www.lefigaro.fr\/actualite-france\/emmanuel-macron-souhaite-interdire-les-telephones-portables-dans-les-lycees-des-la-rentree-prochaine-20251128\" data-fig-type=\"NewsFlash\" data-gtm-custom-categorie=\"navigation\" data-gtm-custom-action=\"crossclick\" data-gtm-custom-label=\"Contextuel\" data-gtm-event=\"customEventSPE\" data-fig-domain=\"LEFIGARO\" target=\"_blank\" rel=\"noopener\">rentr\u00e9e en distanciel<\/a>. \u00abAucun risque ne sera pris pour la s\u00e9curit\u00e9 des \u00e9l\u00e8ves\u00bb, assure le gouvernement mon\u00e9gasque.<\/p>\n<p class=\"fig-body-link\">\n            \u00c0 lire aussi<br \/>\n        <a class=\"fig-body-link__link\" href=\"http:\/\/www.lefigaro.fr\/nice\/le-prince-de-monaco-s-oppose-a-la-legalisation-de-l-avortement-20251126\" data-fig-type=\"NewsFlash\" data-gtm-custom-categorie=\"navigation\" data-gtm-custom-action=\"crossclick\" data-gtm-custom-label=\"Contextuel\" data-gtm-event=\"customEventSPE\" data-fig-domain=\"LEFIGARO\" target=\"_blank\" rel=\"noopener\"><\/p>\n<p>        Le Prince de Monaco s\u2019oppose \u00e0 la l\u00e9galisation de l\u2019avortement<br \/>\n    <\/a>\n<\/p>\n<p class=\"fig-paragraph\">Contact\u00e9s par lettre, les riverains devaient donc depuis mardi se pr\u00e9parer \u00e0 \u00abquitter temporairement leur r\u00e9sidence\u00bb, en cette veille de No\u00ebl, avec \u00abun sac contenant des affaires de rechange pour quatre \u00e0 cinq jours, un n\u00e9cessaire de toilette, papiers et documents essentiels ainsi que des m\u00e9dicaments indispensables\u00bb. <\/p>\n<p>                                            Beausoleil \u00e9galement concern\u00e9<\/p>\n<p class=\"fig-paragraph\">La cellule de crise mon\u00e9gasque indique qu\u2019elle travaille \u00e9galement \u00aben coordination avec les autorit\u00e9s fran\u00e7aises\u00bb, la partie sup\u00e9rieure du talus se situant sur la commune de\u00a0<a href=\"http:\/\/www.lefigaro.fr\/nice\/le-maire-de-beausoleil-sur-la-cote-d-azur-juge-en-septembre-pour-detournement-de-fonds-publics-20230619\" data-fig-type=\"NewsFlash\" data-gtm-custom-categorie=\"navigation\" data-gtm-custom-action=\"crossclick\" data-gtm-custom-label=\"Contextuel\" data-gtm-event=\"customEventSPE\" data-fig-domain=\"LEFIGARO\" target=\"_blank\" rel=\"noopener\">Beausoleil<\/a>\u00a0(Alpes-Maritimes). Les autorit\u00e9s assurent qu\u2019\u00e0 \u00ab18 heures au plus tard, tous les habitants concern\u00e9s, qui sont actuellement accueillis dans un h\u00f4tel de la Principaut\u00e9, seront install\u00e9s et pourront, pour ceux qui le souhaitent, y d\u00eener ce soir pour le r\u00e9veillon de No\u00ebl ainsi que demain (jeudi), pour le d\u00e9jeuner de No\u00ebl\u00bb.\u00a0<\/p>\n<p class=\"fig-body-link\">\n            \u00c0 lire aussi<br \/>\n        <a class=\"fig-body-link__link\" href=\"http:\/\/www.lefigaro.fr\/nice\/a-monaco-les-prix-de-l-immobilier-explosent-apres-la-livraison-du-luxueux-quartier-gagne-sur-la-mer-20250213\" data-fig-type=\"NewsFlash\" data-gtm-custom-categorie=\"navigation\" data-gtm-custom-action=\"crossclick\" data-gtm-custom-label=\"Contextuel\" data-gtm-event=\"customEventSPE\" data-fig-domain=\"LEFIGARO\" target=\"_blank\" rel=\"noopener\"><\/p>\n<p>        \u00c0 Monaco, les prix de l\u2019immobilier explosent apr\u00e8s la livraison du luxueux quartier gagn\u00e9 sur la mer<br \/>\n    <\/a>\n<\/p>\n<p class=\"fig-paragraph\">En parall\u00e8le, la voie de circulation de l\u2019avenue de l\u2019Annonciade vers l\u2019ancien coll\u00e8ge est ferm\u00e9e jusqu\u2019\u00e0 nouvel ordre.<\/p>\n","protected":false},"excerpt":{"rendered":"\u00c0 la veille de No\u00ebl, les r\u00e9sidents de plusieurs immeubles ont d\u00fb \u00e9vacuer leur b\u00e2timent \u00abpr\u00e9ventivement\u00bb, en raison&hellip;\n","protected":false},"author":2,"featured_media":622671,"comment_status":"","ping_status":"","sticky":false,"template":"","format":"standard","meta":{"footnotes":""},"categories":[2819],"tags":[1111,11,1777,674,5220,1011,27,19627,3127,12,2401,882,25],"class_list":{"0":"post-622670","1":"post","2":"type-post","3":"status-publish","4":"format-standard","5":"has-post-thumbnail","7":"category-nice","8":"tag-actu","9":"tag-actualites","10":"tag-eu","11":"tag-europe","12":"tag-evacuation","13":"tag-fr","14":"tag-france","15":"tag-glissement-de-terrain","16":"tag-monaco","17":"tag-news","18":"tag-nice","19":"tag-provence-alpes-cote-dazur","20":"tag-republique-francaise"},"share_on_mastodon":{"url":"https:\/\/pubeurope.com\/@fr\/115783977038323760","error":""},"_links":{"self":[{"href":"https:\/\/www.europesays.com\/fr\/wp-json\/wp\/v2\/posts\/622670","targetHints":{"allow":["GET"]}}],"collection":[{"href":"https:\/\/www.europesays.com\/fr\/wp-json\/wp\/v2\/posts"}],"about":[{"href":"https:\/\/www.europesays.com\/fr\/wp-json\/wp\/v2\/types\/post"}],"author":[{"embeddable":true,"href":"https:\/\/www.europesays.com\/fr\/wp-json\/wp\/v2\/users\/2"}],"replies":[{"embeddable":true,"href":"https:\/\/www.europesays.com\/fr\/wp-json\/wp\/v2\/comments?post=622670"}],"version-history":[{"count":0,"href":"https:\/\/www.europesays.com\/fr\/wp-json\/wp\/v2\/posts\/622670\/revisions"}],"wp:featuredmedia":[{"embeddable":true,"href":"https:\/\/www.europesays.com\/fr\/wp-json\/wp\/v2\/media\/622671"}],"wp:attachment":[{"href":"https:\/\/www.europesays.com\/fr\/wp-json\/wp\/v2\/media?parent=622670"}],"wp:term":[{"taxonomy":"category","embeddable":true,"href":"https:\/\/www.europesays.com\/fr\/wp-json\/wp\/v2\/categories?post=622670"},{"taxonomy":"post_tag","embeddable":true,"href":"https:\/\/www.europesays.com\/fr\/wp-json\/wp\/v2\/tags?post=622670"}],"curies":[{"name":"wp","href":"https:\/\/api.w.org\/{rel}","templated":true}]}}