{"id":622672,"date":"2025-12-26T04:28:47","date_gmt":"2025-12-26T04:28:47","guid":{"rendered":"https:\/\/www.europesays.com\/fr\/622672\/"},"modified":"2025-12-26T04:28:47","modified_gmt":"2025-12-26T04:28:47","slug":"ces-batiments-qui-ont-fait-partie-du-paysage-de-nantes-mais-nexistent-plus","status":"publish","type":"post","link":"https:\/\/www.europesays.com\/fr\/622672\/","title":{"rendered":"Ces b\u00e2timents qui ont fait partie du paysage de Nantes, mais n\u2019existent plus"},"content":{"rendered":"<p>Notre journaliste St\u00e9phane Pajot propose une plong\u00e9e dans le Nantes d\u2019autrefois. Celui qu\u2019on ne voit, mais dont on se souvient encore. Celui des b\u00e2timents qui ont fait partie du paysage de Nantes, mais n\u2019existent plus. Celui que les cartes postales ont immortalis\u00e9.<\/p>\n<p>Ne le cherchez pas dans les rues aujourd\u2019hui, mais partez avec  <a href=\"https:\/\/www.ouest-france.fr\/presse-ocean\/\" target=\"_self\" rel=\"noopener\">Presse Oc\u00e9an<\/a>  \u00e0 la d\u00e9couverte de ces b\u00e2timents disparus de la cit\u00e9 des ducs.<\/p>\n<p>Le pont Transbordeur<\/p>\n<p>\t<img decoding=\"async\" src=\"https:\/\/www.europesays.com\/fr\/wp-content\/uploads\/2025\/12\/P35658459D7123856G_px_640_.jpg\" alt=\"photo le pont transbordeur a enjamb\u00e9 la loire de 1903 \u00e0 1958.  \u00a9  collection\u00a0: st\u00e9phane pajot\" width=\"640\" title=\" Le pont transbordeur a enjamb\u00e9 la Loire de 1903 \u00e0 1958.   Collection\u00a0: St\u00e9phane Pajot \"\/><\/p>\n<p class=\"elmt-legende\"> Le pont transbordeur a enjamb\u00e9 la Loire de 1903 \u00e0 1958.   Collection\u00a0: St\u00e9phane Pajot <\/p>\n<p>Le Transbordeur aura domin\u00e9 la Loire et le port de Nantes de 1903 \u00e0 1958.\u00a0Les \u00ab\u00a0vieux\u00a0\u00bb Nantais en parlent encore avec des tr\u00e9molos dans la voix. Parfois qualifi\u00e9 de tour Eiffel nantaise, le pont transbordeur reliait le quai de la Fosse \u00e0 l\u2019actuelle \u00eele de Nantes.<\/p>\n<p><a href=\"https:\/\/nantes.maville.com\/actu\/actudet_-cinquante-ans-apres-sa-fermeture-le-pont-transbordeur-hante-toujours-le-port-de-nantes-_52716-7120667_actu.Htm\" target=\"_self\" rel=\"noopener\">En savoir plus par ici<\/a>.<\/p>\n<p>La poste principale<\/p>\n<p>\t<img decoding=\"async\" src=\"https:\/\/www.europesays.com\/fr\/wp-content\/uploads\/2025\/12\/P35658460D7123856G_px_640_.jpg\" alt=\"photo l\u2019ancien h\u00f4tel de la poste, quai brancas.  \u00a9  collection cpa\" width=\"640\" title=\" L\u2019ancien H\u00f4tel de la Poste, quai Brancas.   Collection CPA \"\/><\/p>\n<p class=\"elmt-legende\"> L\u2019ancien H\u00f4tel de la Poste, quai Brancas.   Collection CPA <\/p>\n<p>L\u2019ancien h\u00f4tel de la Poste se trouvait \u00e0 la place de l\u2019actuelle enseigne Uniqlo. Au num\u00e9ro\u00a08 s\u2019est longtemps dress\u00e9 l\u2019h\u00f4tel de la Poste que les Nantais ont connu jusqu\u2019en 1972, ann\u00e9e de sa destruction par une municipalit\u00e9 peu soucieuse de son patrimoine.<\/p>\n<p><a href=\"https:\/\/nantes.maville.com\/actu\/actudet_-il-y-a-soixante-ans-la-poste-principale-de-nantes-se-trouvait-a-la-place-de-cette-enseigne-de-pret-a-porter-_52716-7122226_actu.Htm\" target=\"_self\" rel=\"noopener\">D\u00e9couvrez son histoire par ici<\/a>.<\/p>\n<p>La terrasse Decr\u00e9<\/p>\n<p>\t<img decoding=\"async\" src=\"https:\/\/www.europesays.com\/fr\/wp-content\/uploads\/2025\/12\/P35658461D7123856G_px_640_.jpg\" alt=\"photo les nantais et nantaises venaient jouer au bateau dans le bassin de la terrasse decr\u00e9  \u00a9  archives priv\u00e9es\" width=\"640\" title=\" Les Nantais et Nantaises venaient jouer au bateau dans le bassin de la terrasse Decr\u00e9   Archives priv\u00e9es \"\/><\/p>\n<p class=\"elmt-legende\"> Les Nantais et Nantaises venaient jouer au bateau dans le bassin de la terrasse Decr\u00e9   Archives priv\u00e9es <\/p>\n<p>Elle \u00e9tait pris\u00e9e des habitants, surplombant autrefois les toits de Nantes. La terrasse Decr\u00e9 fait partie des souvenirs pr\u00e9f\u00e9r\u00e9s des Nantais. Elle aurait disparu dans les ann\u00e9es 1990, <a href=\"https:\/\/nantes.maville.com\/actu\/actudet_-ces-chers-disparus-la-terrasse-decre-une-madeleine-de-proust-a-nantes-_52716-7123639_actu.Htm\" target=\"_self\" rel=\"noopener\">mais son histoire est \u00e0 d\u00e9couvrir par ici<\/a>.<\/p>\n<p>\u00a0<\/p>\n","protected":false},"excerpt":{"rendered":"Notre journaliste St\u00e9phane Pajot propose une plong\u00e9e dans le Nantes d\u2019autrefois. Celui qu\u2019on ne voit, mais dont on&hellip;\n","protected":false},"author":2,"featured_media":622673,"comment_status":"","ping_status":"","sticky":false,"template":"","format":"standard","meta":{"footnotes":""},"categories":[2818],"tags":[1111,11,24952,1777,674,41575,21,1011,27,766,12,11695,2636,19470,25],"class_list":{"0":"post-622672","1":"post","2":"type-post","3":"status-publish","4":"format-standard","5":"has-post-thumbnail","7":"category-nantes","8":"tag-actu","9":"tag-actualites","10":"tag-batiments","11":"tag-eu","12":"tag-europe","13":"tag-existent","14":"tag-fait","15":"tag-fr","16":"tag-france","17":"tag-nantes","18":"tag-news","19":"tag-partie","20":"tag-pays-de-la-loire","21":"tag-paysage","22":"tag-republique-francaise"},"share_on_mastodon":{"url":"https:\/\/pubeurope.com\/@fr\/115783991147334617","error":""},"_links":{"self":[{"href":"https:\/\/www.europesays.com\/fr\/wp-json\/wp\/v2\/posts\/622672","targetHints":{"allow":["GET"]}}],"collection":[{"href":"https:\/\/www.europesays.com\/fr\/wp-json\/wp\/v2\/posts"}],"about":[{"href":"https:\/\/www.europesays.com\/fr\/wp-json\/wp\/v2\/types\/post"}],"author":[{"embeddable":true,"href":"https:\/\/www.europesays.com\/fr\/wp-json\/wp\/v2\/users\/2"}],"replies":[{"embeddable":true,"href":"https:\/\/www.europesays.com\/fr\/wp-json\/wp\/v2\/comments?post=622672"}],"version-history":[{"count":0,"href":"https:\/\/www.europesays.com\/fr\/wp-json\/wp\/v2\/posts\/622672\/revisions"}],"wp:featuredmedia":[{"embeddable":true,"href":"https:\/\/www.europesays.com\/fr\/wp-json\/wp\/v2\/media\/622673"}],"wp:attachment":[{"href":"https:\/\/www.europesays.com\/fr\/wp-json\/wp\/v2\/media?parent=622672"}],"wp:term":[{"taxonomy":"category","embeddable":true,"href":"https:\/\/www.europesays.com\/fr\/wp-json\/wp\/v2\/categories?post=622672"},{"taxonomy":"post_tag","embeddable":true,"href":"https:\/\/www.europesays.com\/fr\/wp-json\/wp\/v2\/tags?post=622672"}],"curies":[{"name":"wp","href":"https:\/\/api.w.org\/{rel}","templated":true}]}}