{"id":622678,"date":"2025-12-26T04:34:13","date_gmt":"2025-12-26T04:34:13","guid":{"rendered":"https:\/\/www.europesays.com\/fr\/622678\/"},"modified":"2025-12-26T04:34:13","modified_gmt":"2025-12-26T04:34:13","slug":"aucamville-lecole-etait-en-fete","status":"publish","type":"post","link":"https:\/\/www.europesays.com\/fr\/622678\/","title":{"rendered":"Aucamville. L\u2019\u00e9cole \u00e9tait en f\u00eate"},"content":{"rendered":"<p>Avant les vacances de No\u00ebl, l\u2019\u00e9cole des Parages a c\u00e9l\u00e9br\u00e9 sa traditionnelle f\u00eate de No\u00ebl dans une ambiance chaleureuse et festive. \u00c0 cette occasion, les enseignantes ont propos\u00e9 \u00e0 la vente, au profit de la coop\u00e9rative scolaire, les d\u00e9corations et objets de No\u00ebl r\u00e9alis\u00e9s par les \u00e9l\u00e8ves. L\u2019Alae a \u00e9galement particip\u00e9 \u00e0 l\u2019animation en proposant maquillage et tatouages, pour le plus grand plaisir des enfants. De son c\u00f4t\u00e9, l\u2019Association de parents d\u2019\u00e9l\u00e8ves a transform\u00e9 la biblioth\u00e8que de l\u2019\u00e9cole en v\u00e9ritable maison du P\u00e8re No\u00ebl, o\u00f9 petits et grands ont pu immortaliser ce moment en posant pour la traditionnelle photo avec le P\u00e8re No\u00ebl.<\/p>\n<p>Ce temps convivial, partag\u00e9 autour du stand de boissons, de cr\u00eapes et de barbes \u00e0 papa, est venu cl\u00f4turer ce premier temps fort de l\u2019ann\u00e9e scolaire.<\/p>\n","protected":false},"excerpt":{"rendered":"Avant les vacances de No\u00ebl, l\u2019\u00e9cole des Parages a c\u00e9l\u00e9br\u00e9 sa traditionnelle f\u00eate de No\u00ebl dans une ambiance&hellip;\n","protected":false},"author":2,"featured_media":622679,"comment_status":"","ping_status":"","sticky":false,"template":"","format":"standard","meta":{"footnotes":""},"categories":[2816],"tags":[1111,11,1063,73195,872,1777,674,1011,27,12,2680,25,36586,2312],"class_list":{"0":"post-622678","1":"post","2":"type-post","3":"status-publish","4":"format-standard","5":"has-post-thumbnail","7":"category-toulouse","8":"tag-actu","9":"tag-actualites","10":"tag-animations","11":"tag-aucamville","12":"tag-culture-et-loisirs","13":"tag-eu","14":"tag-europe","15":"tag-fr","16":"tag-france","17":"tag-news","18":"tag-occitanie","19":"tag-republique-francaise","20":"tag-tarn-et-garonne","21":"tag-toulouse"},"share_on_mastodon":{"url":"https:\/\/pubeurope.com\/@fr\/115784008687193859","error":""},"_links":{"self":[{"href":"https:\/\/www.europesays.com\/fr\/wp-json\/wp\/v2\/posts\/622678","targetHints":{"allow":["GET"]}}],"collection":[{"href":"https:\/\/www.europesays.com\/fr\/wp-json\/wp\/v2\/posts"}],"about":[{"href":"https:\/\/www.europesays.com\/fr\/wp-json\/wp\/v2\/types\/post"}],"author":[{"embeddable":true,"href":"https:\/\/www.europesays.com\/fr\/wp-json\/wp\/v2\/users\/2"}],"replies":[{"embeddable":true,"href":"https:\/\/www.europesays.com\/fr\/wp-json\/wp\/v2\/comments?post=622678"}],"version-history":[{"count":0,"href":"https:\/\/www.europesays.com\/fr\/wp-json\/wp\/v2\/posts\/622678\/revisions"}],"wp:featuredmedia":[{"embeddable":true,"href":"https:\/\/www.europesays.com\/fr\/wp-json\/wp\/v2\/media\/622679"}],"wp:attachment":[{"href":"https:\/\/www.europesays.com\/fr\/wp-json\/wp\/v2\/media?parent=622678"}],"wp:term":[{"taxonomy":"category","embeddable":true,"href":"https:\/\/www.europesays.com\/fr\/wp-json\/wp\/v2\/categories?post=622678"},{"taxonomy":"post_tag","embeddable":true,"href":"https:\/\/www.europesays.com\/fr\/wp-json\/wp\/v2\/tags?post=622678"}],"curies":[{"name":"wp","href":"https:\/\/api.w.org\/{rel}","templated":true}]}}