{"id":622680,"date":"2025-12-26T04:35:45","date_gmt":"2025-12-26T04:35:45","guid":{"rendered":"https:\/\/www.europesays.com\/fr\/622680\/"},"modified":"2025-12-26T04:35:45","modified_gmt":"2025-12-26T04:35:45","slug":"je-voulais-danser-je-danse-et-je-danserai-de-toulouse-aux-etats-unis-sarah-toumani-raconte-son-parcours-hors-normes","status":"publish","type":"post","link":"https:\/\/www.europesays.com\/fr\/622680\/","title":{"rendered":"\u00ab\u00a0Je voulais danser, je danse et je danserai\u00a0\u00bb\u00a0: de Toulouse aux \u00c9tats-Unis, Sarah Toumani raconte son parcours hors normes"},"content":{"rendered":"<p>\n                                                                    l&rsquo;essentiel<br \/>\n                                                                De l\u2019\u00e9cole James Carles \u00e0 Toulouse \u00e0 Alvin Ailey \u00e0 New York, l\u2019autobiographie\u00a0de Sarah Toumani \u00ab\u00a0Je voulais danser, je danse et je danserai\u00a0\u00bb d\u00e9voile les d\u00e9fis et les soutiens qui ont fa\u00e7onn\u00e9 sa carri\u00e8re. Une le\u00e7on de vie.\n                            <\/p>\n<p>Sarah Toumani est n\u00e9e \u00e0 B\u00e9ziers le 11\u00a0avril 1995. Habit\u00e9e par le r\u00eave de devenir danseuse professionnelle depuis son enfance, elle int\u00e8grera la fameuse \u00e9cole James Carles \u00e0 Toulouse en 2013, avant de poursuivre sa formation dans la prestigieuse \u00e9cole Alvin Ailey \u00e0 New York et d\u2019entamer sa carri\u00e8re aux \u00c9tats-Unis. Aujourd\u2019hui, Sarah Toumani sort un r\u00e9cit autobiographique intitul\u00e9 \u00ab\u00a0Je voulais danser, je danse et je danserai\u00a0\u00bb. Interview.<\/p>\n<p><strong>Le titre de votre livre, \u00ab\u00a0Je voulais danser, je danse et je danserai\u00a0\u00bb, est une affirmation tr\u00e8s forte. Quel message personnel cherchez-vous \u00e0 transmettre \u00e0 travers ce triptyque temporel\u00a0?<\/strong><br \/>C\u2019est un r\u00e9sum\u00e9 condens\u00e9 de ce que raconte le livre. Il y a d\u2019abord cette premi\u00e8re partie o\u00f9 je veux danser, avec la sensation que je n\u2019y arriverai jamais. Ensuite, la partie o\u00f9 je danse pleinement, et enfin celle o\u00f9 je quitte la ville qui m\u2019a fait exploser dans ma carri\u00e8re, mais o\u00f9 je continue de danser. C\u2019est un peu \u00e7a\u00a0: \u00ab\u00a0Je voulais danser, je danse et je danserai\u00a0\u00bb. C\u2019est aussi un clin d\u2019\u0153il \u00e0 la chanson de Francis Cabrel, \u00ab\u00a0Je t\u2019aimais, je t\u2019aime et je t\u2019aimerai\u00a0\u00bb, parce que l\u2019amour que j\u2019ai pour la danse est tr\u00e8s fort. J\u2019ai voulu r\u00e9unir ces deux liens dans le titre.<\/p>\n<p>        <img decoding=\"async\" class=\"std-img__img responsive-img\" src=\"https:\/\/www.europesays.com\/fr\/wp-content\/uploads\/2025\/12\/1766723740_247_image.jpg\" alt=\"La couverture du livre de Sarah Toumani.\"\/><\/p>\n<p>                La couverture du livre de Sarah Toumani.<br \/>\n                                    DR.<\/p>\n<p><strong>Votre parcours de danseuse professionnelle a d\u00e9but\u00e9 \u00e0 Toulouse. Quel r\u00f4le l\u2019\u00e9cole de danse James Carles a-t-elle jou\u00e9 dans la formation de l\u2019artiste que vous \u00eates devenue\u00a0?<\/strong><br \/>C\u2019est ma premi\u00e8re formation professionnelle. C\u2019est l\u00e0 que j\u2019ai appris toutes les bases du m\u00e9tier\u00a0: conna\u00eetre mon corps, travailler en compagnie, en groupe. J\u2019y ai eu mes premiers contacts avec des danseurs professionnels lors de stages. C\u2019est aussi l\u00e0 que j\u2019ai rencontr\u00e9 un danseur de la compagnie Alvin Ailey, Solomon Dumas. Si j\u2019\u00e9tais pass\u00e9e par une autre \u00e9cole, je ne l\u2019aurais jamais rencontr\u00e9, car James Carles est la seule \u00e9cole fran\u00e7aise \u00e0 recevoir des danseurs de cette compagnie pour des stages. Cette rencontre a \u00e9t\u00e9 d\u00e9terminante, sans elle, je n\u2019aurais sans doute pas eu cette carri\u00e8re.<\/p>\n<p><strong>Avez-vous un souvenir marquant de cette p\u00e9riode \u00e0 Toulouse\u00a0?<\/strong><br \/>Oui, deux souvenirs. Le premier, c\u2019est celui de me sentir enfin \u00e0 ma place, entour\u00e9e d\u2019amis qui partageaient ma passion. Avant cela, je pensais ne jamais avoir d\u2019amis. Le second, c\u2019est ma rencontre avec Solomon Dumas donc\u00a0: un moment magique, le plus beau cadeau que la danse pouvait m\u2019offrir.<\/p>\n<p><strong>Vous d\u00e9dicacez votre livre \u00ab\u00a0Pour Papa et Maman\u00a0\u00bb. Avant votre envol vers l\u2019\u00e9tranger, quel a \u00e9t\u00e9 le soutien concret de votre famille pour vous permettre d\u2019int\u00e9grer et de poursuivre cette formation exigeante\u00a0?<\/strong><br \/>D\u00e8s qu\u2019ils ont compris que la danse \u00e9tait vitale pour moi, leur soutien a \u00e9t\u00e9 total, \u00e9motionnellement et financi\u00e8rement. Ils se sont port\u00e9s garants pour mon pr\u00eat \u00e9tudiant, m\u2019ont accompagn\u00e9e \u00e0 chaque audition. Je leur dois tout. Cette d\u00e9dicace, c\u2019est une fa\u00e7on de les faire voyager avec moi pendant ces dix ann\u00e9es o\u00f9 je les ai peu vus.<\/p>\n<p>        <img decoding=\"async\" class=\"std-img__img responsive-img\" src=\"https:\/\/www.europesays.com\/fr\/wp-content\/uploads\/2025\/12\/1766723741_116_image.jpg\" alt=\"Sarah Toumani avec ses parents \u00e0 New York.\"\/><\/p>\n<p>                Sarah Toumani avec ses parents \u00e0 New York.<br \/>\n                                    DR.<\/p>\n<p><strong>Pour autant, cela a \u00e9t\u00e9 long de leur faire comprendre votre choix\u00a0?<\/strong><br \/>Oui, tr\u00e8s long. En tant qu\u2019adolescente malheureuse \u00e0 l\u2019\u00e9cole, j\u2019\u00e9tais en col\u00e8re contre eux. Aujourd\u2019hui, \u00e0 30 ans, je comprends leur position. Avec le recul, je les remercie, car ils m\u2019ont pouss\u00e9e \u00e0 obtenir le baccalaur\u00e9at, ce qui reste important, m\u00eame pour une danseuse.<br \/><strong>Vous remerciez votre mari, Luis Conejo, \u00ab\u00a0qui vous a accompagn\u00e9 et \u00e9paul\u00e9 dans ce processus\u00a0\u00bb, allant m\u00eame jusqu\u2019\u00e0 prendre votre photo de couverture au Ballet National d\u2019\u00c9quateur. Comment ce soutien \u00e0 la fois personnel et professionnel de la part de votre \u00ab\u00a0amour\u00a0\u00bb influence-t-il votre quotidien d\u2019artiste et votre \u00e9quilibre loin de la France\u00a0?<\/strong><br \/>Il m\u2019influence totalement. Il est lui-m\u00eame artiste et m\u2019a pr\u00e9sent\u00e9e au directeur du Ballet national d\u2019\u00c9quateur. Nous travaillons tous deux pour cette institution. Il m\u2019a ouvert les portes du monde artistique \u00e9quatorien, ce qui aurait \u00e9t\u00e9 bien plus long seule. Son soutien est total et naturel au quotidien.<\/p>\n<p>        <img decoding=\"async\" class=\"std-img__img responsive-img\" src=\"https:\/\/www.europesays.com\/fr\/wp-content\/uploads\/2025\/12\/1766723743_339_image.jpg\" alt=\"Sarah avec son mari, le chor\u00e9graphe Luis Conejo. Le couple vit en Equateur depuis 2024.\"\/><\/p>\n<p>                Sarah avec son mari, le chor\u00e9graphe Luis Conejo. Le couple vit en Equateur depuis 2024.<br \/>\n                                    DR.<\/p>\n<p><strong>La premi\u00e8re partie de votre livre, \u00ab\u00a0La Foi\u00a0\u00bb, a \u00e9t\u00e9 r\u00e9dig\u00e9e \u00e0 vos dix-huit ans. En repensant \u00e0 votre adolescence \u00e0 Toulouse, comment analysez-vous cette constance de la \u00ab\u00a0foi\u00a0\u00bb dans votre parcours\u00a0?<\/strong><br \/>Oui. Je venais d\u2019arriver \u00e0 Toulouse quand j\u2019ai \u00e9crit ces lignes, j\u2019\u00e9tais tellement heureuse apr\u00e8s des ann\u00e9es difficiles que j\u2019ai ressenti le besoin d\u2019\u00e9crire. La foi a toujours \u00e9t\u00e9 pr\u00e9sente. Je faisais sans cesse le m\u00eame v\u0153u\u00a0: devenir danseuse professionnelle. \u00c0 chaque occasion, bougies, heures doubles, passages symboliques, je formulais ce v\u0153u. J\u2019\u00e9tais obs\u00e9d\u00e9e par ce r\u00eave.<\/p>\n<p><strong>Comment la d\u00e9finition du verbe \u00ab\u00a0danser\u00a0\u00bb a-t-elle \u00e9volu\u00e9 pour vous au fil des ann\u00e9es\u00a0?<\/strong><br \/>Pour moi, danser, c\u2019est \u00eatre. C\u2019est vivre dans ma forme la plus sinc\u00e8re, la plus vraie, la plus ouverte. C\u2019est une mani\u00e8re d\u2019exister pleinement.<\/p>\n<p><strong>Vous \u00e9crivez que vivre \u00e0 New York n\u2019a pas \u00e9t\u00e9 facile. Est-ce que la formation re\u00e7ue \u00e0 Toulouse vous a pr\u00e9par\u00e9e \u00e0 la rigueur du monde de la danse internationale\u00a0?<\/strong><br \/>Artistiquement, oui. Mais humainement, c\u2019\u00e9tait tr\u00e8s diff\u00e9rent. Comme je l\u2019\u00e9cris dans mon livre\u00a0: j\u2019\u00e9tais artistiquement combl\u00e9e et humainement test\u00e9e. \u00c0 New York, tout est individualiste. J\u2019\u00e9tais pr\u00e9par\u00e9e pour la sc\u00e8ne, mais pas pour la solitude.<\/p>\n<p>        <img decoding=\"async\" class=\"std-img__img responsive-img\" src=\"https:\/\/www.europesays.com\/fr\/wp-content\/uploads\/2025\/12\/1766723745_492_image.jpg\" alt=\"Sarah Toumani dans les coulisses du th\u00e9\u00e2tre de New York.\"\/><\/p>\n<p>                Sarah Toumani dans les coulisses du th\u00e9\u00e2tre de New York.<br \/>\n                                    DR.<\/p>\n<p><strong>Vous faites alors preuve d\u2019une force incroyable\u2026<\/strong><br \/>C\u2019est la force des r\u00eaves. Quand quelque chose nous tient \u00e0 c\u0153ur, la force devient spontan\u00e9e. On ne s\u2019en rend pas compte sur le moment. C\u2019est en \u00e9crivant que j\u2019ai r\u00e9alis\u00e9 tout ce que j\u2019avais travers\u00e9.<\/p>\n<p><strong>Qu\u2019est-ce qui vous a motiv\u00e9e \u00e0 passer de l\u2019expression par le corps \u00e0 l\u2019expression par les mots\u00a0?<\/strong><br \/>J\u2019ai toujours aim\u00e9 lire et \u00e9crire. J\u2019\u00e9crivais des po\u00e8mes, des chansons. J\u2019ai voulu raconter mon histoire pour mes parents, pour moi, parce que j\u2019aime \u00e9crire. C\u2019est une passion parall\u00e8le \u00e0 la danse. Et j\u2019\u00e9tais la seule \u00e0 pouvoir raconter mon histoire de mani\u00e8re authentique.<\/p>\n<p><strong>Vous avez aussi demand\u00e9 \u00e0 vos parents et \u00e0 votre mari d\u2019\u00e9crire dans le livre\u00a0?<\/strong><br \/>Oui. Je voulais leur regard ext\u00e9rieur. Ils ont accept\u00e9 naturellement. Mon mari a m\u00eame choisi de conclure le livre avec deux pages de sa plume.<\/p>\n<p><strong>La carri\u00e8re de danseur implique beaucoup de sacrifices. Avez-vous eu des moments de doute apr\u00e8s votre d\u00e9part de Toulouse\u00a0?<\/strong><br \/>Je n\u2019ai jamais dout\u00e9, mais c\u2019\u00e9tait difficile de manquer les moments familiaux\u00a0: les dipl\u00f4mes, les anniversaires. J\u2019avais perdu mes grands-parents avant de partir, heureusement, car leur perte \u00e0 distance aurait \u00e9t\u00e9 insupportable. Il y avait toujours une petite culpabilit\u00e9, m\u00eame si j\u2019\u00e9tais combl\u00e9e par ma vie \u00e0 l\u2019\u00e9tranger.<\/p>\n<p><strong>Envisagez-vous de revenir \u00e0 Toulouse pour une masterclass \u00e0 James Carles et partager votre exp\u00e9rience avec les jeunes danseurs\u00a0?<\/strong><br \/>J\u2019aimerais beaucoup, mais je ne suis pas s\u00fbre d\u2019\u00eatre la bienvenue. Quand j\u2019ai \u00e9t\u00e9 prise chez Alvin Ailey, James Carles ne m\u2019a jamais f\u00e9licit\u00e9e, contrairement aux professeurs.<\/p>\n<p><strong>L\u2019affirmation finale \u00ab\u00a0Je danserai\u00a0\u00bb ouvre sur l\u2019avenir. Quelles sont vos ambitions pour la d\u00e9cennie \u00e0 venir\u00a0?<\/strong><br \/>J\u2019ai envie de cr\u00e9er mes propres spectacles, de danser en solo et d\u2019\u00e9crire pour d\u2019autres, notamment pour le Ballet national d\u2019\u00c9quateur. Je veux explorer mon propre langage chor\u00e9graphique et faire une pause dans l\u2019interpr\u00e9tation pour les autres.<\/p>\n<p><strong>Quel conseil donneriez-vous \u00e0 un jeune qui veut devenir danseur professionnel\u00a0?<\/strong><br \/>Travailler tr\u00e8s dur, le plus t\u00f4t possible. Se former, suivre des stages, rester curieux, ne pas se limiter \u00e0 un style. \u00catre pluridisciplinaire est essentiel. Il faut de la rigueur, de la discipline et ne jamais baisser les bras, car tout est possible avec de la volont\u00e9 et du travail.<\/p>\n<p><strong>Votre p\u00e8re vous appelle toujours \u00ab\u00a0ma petite Billy Elliot\u00a0\u00bb\u00a0?<\/strong><br \/>Oui, souvent. Il y a encore la cassette \u00e0 la maison, et on la regarde parfois ensemble.<\/p>\n<p><strong>Vous envisagez d\u2019avoir des enfants. Est-ce un frein pour votre carri\u00e8re\u00a0?<\/strong><br \/>Non. \u00c0 30 ans, mon plus grand r\u00eave est de fonder une famille. Je suis consciente que cela change la vie, mais je sais qu\u2019il est possible d\u2019avoir une vie familiale et professionnelle \u00e9panouie. En \u00c9quateur, le Ballet national est \u00e0 dix minutes de chez moi, ce n\u2019est plus comme aux \u00c9tats-Unis. Ce sera le plus grand bonheur de ma vie.<\/p>\n<p>Le livre \u00ab\u00a0Je voulais danser, je danse et je danserai\u00a0\u00bb de Sarah Toumani est disponible \u00e0 compte d\u2019auteur sur Amazon. 380 pages, 12,90\u00a0\u20ac.<\/p>\n","protected":false},"excerpt":{"rendered":"l&rsquo;essentiel De l\u2019\u00e9cole James Carles \u00e0 Toulouse \u00e0 Alvin Ailey \u00e0 New York, l\u2019autobiographie\u00a0de Sarah Toumani \u00ab\u00a0Je voulais&hellip;\n","protected":false},"author":2,"featured_media":622681,"comment_status":"","ping_status":"","sticky":false,"template":"","format":"standard","meta":{"footnotes":""},"categories":[2816],"tags":[1111,11,872,1777,674,1011,27,2722,1380,12,2680,25,2312],"class_list":{"0":"post-622680","1":"post","2":"type-post","3":"status-publish","4":"format-standard","5":"has-post-thumbnail","7":"category-toulouse","8":"tag-actu","9":"tag-actualites","10":"tag-culture-et-loisirs","11":"tag-eu","12":"tag-europe","13":"tag-fr","14":"tag-france","15":"tag-haute-garonne","16":"tag-livres","17":"tag-news","18":"tag-occitanie","19":"tag-republique-francaise","20":"tag-toulouse"},"share_on_mastodon":{"url":"https:\/\/pubeurope.com\/@fr\/115784017807434847","error":""},"_links":{"self":[{"href":"https:\/\/www.europesays.com\/fr\/wp-json\/wp\/v2\/posts\/622680","targetHints":{"allow":["GET"]}}],"collection":[{"href":"https:\/\/www.europesays.com\/fr\/wp-json\/wp\/v2\/posts"}],"about":[{"href":"https:\/\/www.europesays.com\/fr\/wp-json\/wp\/v2\/types\/post"}],"author":[{"embeddable":true,"href":"https:\/\/www.europesays.com\/fr\/wp-json\/wp\/v2\/users\/2"}],"replies":[{"embeddable":true,"href":"https:\/\/www.europesays.com\/fr\/wp-json\/wp\/v2\/comments?post=622680"}],"version-history":[{"count":0,"href":"https:\/\/www.europesays.com\/fr\/wp-json\/wp\/v2\/posts\/622680\/revisions"}],"wp:featuredmedia":[{"embeddable":true,"href":"https:\/\/www.europesays.com\/fr\/wp-json\/wp\/v2\/media\/622681"}],"wp:attachment":[{"href":"https:\/\/www.europesays.com\/fr\/wp-json\/wp\/v2\/media?parent=622680"}],"wp:term":[{"taxonomy":"category","embeddable":true,"href":"https:\/\/www.europesays.com\/fr\/wp-json\/wp\/v2\/categories?post=622680"},{"taxonomy":"post_tag","embeddable":true,"href":"https:\/\/www.europesays.com\/fr\/wp-json\/wp\/v2\/tags?post=622680"}],"curies":[{"name":"wp","href":"https:\/\/api.w.org\/{rel}","templated":true}]}}