{"id":622692,"date":"2025-12-26T04:52:39","date_gmt":"2025-12-26T04:52:39","guid":{"rendered":"https:\/\/www.europesays.com\/fr\/622692\/"},"modified":"2025-12-26T04:52:39","modified_gmt":"2025-12-26T04:52:39","slug":"point-de-vue-cest-fait-alger-criminalise-la-colonisation-service-minimum-de-paris","status":"publish","type":"post","link":"https:\/\/www.europesays.com\/fr\/622692\/","title":{"rendered":"[POINT DE VUE] C&rsquo;est fait : Alger criminalise la colonisation. Service minimum de Paris"},"content":{"rendered":"<p>Le Parlement alg\u00e9rien vient de voter le 24 d\u00e9cembre, \u00e0 l\u2019unanimit\u00e9, <a href=\"https:\/\/www.bvoltaire.fr\/entretien-algerie-larmee-francaise-y-est-chargee-de-tous-les-maux\/\" target=\"_blank\" rel=\"noopener\">une loi qui criminalise la colonisation fran\u00e7aise<\/a>. Cette proposition de loi avait \u00e9t\u00e9 d\u00e9pos\u00e9e par plusieurs \u00e9lus issus de diff\u00e9rents partis politiques, histoire de montrer, probablement, que pour les choses essentielles, les politiciens alg\u00e9riens savaient faire taire les querelles. Tous unis dans la haine de la France, les parlementaires ont donc vot\u00e9 un texte dont le libell\u00e9 ne laisse gu\u00e8re de place \u00e0 l\u2019interpr\u00e9tation. En 27 articles, la repr\u00e9sentation nationale alg\u00e9rienne d\u00e9nonce un certain nombre de \u00ab\u00a0crimes coloniaux\u00a0\u00bb qui vont du \u00ab\u00a0meurtre avec pr\u00e9m\u00e9ditation\u00a0\u00bb \u00e0 la \u00ab\u00a0torture g\u00e9n\u00e9ralis\u00e9e\u00a0\u00bb en passant par la \u00ab\u00a0collaboration des harkis\u00a0\u00bb, la \u00ab\u00a0d\u00e9portation ill\u00e9gale de la population civile vers des r\u00e9gions arides\u00a0\u00bb ou les \u00ab\u00a0crimes de conversion forc\u00e9e\u00a0\u00bb. Tout cela a pour but de permettre \u00e0 l\u2019Alg\u00e9rie d\u2019employer \u00ab\u00a0tous les moyens et m\u00e9canismes juridiques et judiciaires dans un cadre impliquant la reconnaissance et les excuses officielles de l\u2019\u00c9tat fran\u00e7ais\u00a0\u00bb.<\/p>\n<p>\u00ab R\u00e9ponse aux ennemis de l\u2019Alg\u00e9rie et au monde entier \u00bb<\/p>\n<p>Du c\u00f4t\u00e9 des historiens du syst\u00e8me, sur les deux rives de la M\u00e9diterran\u00e9e, on se f\u00e9licite de l\u2019adoption de ce texte. Mohamed Lahcene Zghidi, coordinateur avec l\u2019historien fran\u00e7ais Benjamin Stora de la Commission pour l\u2019histoire et la m\u00e9moire, est mont\u00e9 \u00e0 la tribune de l\u2019Assembl\u00e9e nationale alg\u00e9rienne pour qualifier ce texte de \u00ab\u00a0r\u00e9ponse parlementaire claire et forte adress\u00e9e aux ennemis de l\u2019Alg\u00e9rie et au monde entier \u00bb. Au moins, c\u2019est clair\u00a0: on a bien compris, pour ceux qui avaient besoin de sous-titres, \u00e0 quoi servait cette commission pay\u00e9e par nos imp\u00f4ts. Ce n\u2019est d\u2019ailleurs que le premier temps de la man\u0153uvre\u00a0: en f\u00e9vrier 2026, le texte sera soumis \u00e0 l\u2019Union africaine, puisque le but, comme le confie une source diplomatique alg\u00e9rienne \u00e0 nos confr\u00e8res du Figaro, est de \u00ab\u00a0cr\u00e9er un large consensus africain sur la criminalisation de la colonisation et l\u2019imposer \u00e0 l\u2019ONU et aux autres instances internationales, notamment judiciaires\u00a0\u00bb.<\/p>\n<p>C\u00f4t\u00e9 fran\u00e7ais, on se roule en boule, dans une position f\u0153tale qui ne diff\u00e8re pas beaucoup de la position f\u00e9cale. Par exemple, pour Jean-No\u00ebl Barrot, ministre des Affaires \u00e9trang\u00e8res, il s\u2019agit d\u2019\u00ab une initiative manifestement hostile, \u00e0 la fois \u00e0 la volont\u00e9 de reprise du dialogue franco-alg\u00e9rien, et \u00e0 un travail serein sur les enjeux m\u00e9moriels \u00bb. Une telle clairvoyance laisse pantois. On pourra, en revanche, saluer l\u2019ironie de Bruno Retailleau qui d\u00e9clare, sur X : \u00ab Quand la France renonce \u00e0 une politique de fermet\u00e9 avec l\u2019Alg\u00e9rie, \u00e7a porte des fruits \u00bb &#8211; mani\u00e8re de reprendre les critiques qui lui avaient \u00e9t\u00e9 faites au moment de la lib\u00e9ration de Boualem Sansal, que sa fermet\u00e9 aurait suppos\u00e9ment fait retarder.<\/p>\n<p>Que va-t-il se passer ? Rien&#8230;<\/p>\n<p>Que va-t-il se passer\u00a0? Absolument rien, bien s\u00fbr. Emmanuel Macron est en pleine r\u00e9cup&rsquo; de <a href=\"https:\/\/www.bvoltaire.fr\/point-de-vue-abu-dhabi-lindecence-de-e-macron-faux-chef-militaire-vrai-influenceur\/\" target=\"_blank\" rel=\"noopener\">sa s\u00e9ance de renforcement musculaire \u00e0 Abou Dabi<\/a>. Le lundi, c\u2019est peut-\u00eatre le jour de la s\u00e9ance de bras, mais le mercredi n\u2019est apparemment pas consacr\u00e9 aux tripes. L\u2019Alg\u00e9rie va pouvoir continuer \u00e0 s\u2019essuyer tranquillement les pieds sur le drapeau fran\u00e7ais, le drapeau d\u2019un pays qui lui a tout donn\u00e9\u00a0: des routes, des \u00e9coles, des h\u00f4pitaux et jusqu\u2019\u00e0 son nom\u2026<\/p>\n<p>Sur le fond, la \u00ab\u00a0conversion forc\u00e9e \u00bb vue par un pays o\u00f9 les <a href=\"https:\/\/www.europe1.fr\/societe\/persecution-des-chretiens-dans-le-monde-en-algerie-le-pays-reprime-les-conversions-au-christianisme-240635\" target=\"_blank\" rel=\"noopener\">conversions au christianisme sont r\u00e9prim\u00e9es<\/a>, la \u00ab torture g\u00e9n\u00e9ralis\u00e9e\u00a0\u00bb de la part d\u2019un pays construit par les tortionnaires du FLN, dont on ne d\u00e9taillera pas ici les s\u00e9vices immondes, le \u00ab\u00a0meurtre avec pr\u00e9m\u00e9ditation\u00a0\u00bb de la part des h\u00e9ritiers de la <a href=\"https:\/\/www.bvoltaire.fr\/toussaint-rouge-ce-que-nous-vivons-aujourdhui-les-pieds-noirs-lont-vecu\/\" target=\"_blank\" rel=\"noopener\">Toussaint rouge<\/a>\u2026 tout cela rel\u00e8ve de la farce. On pourra, en revanche, noter avec tristesse la \u00ab\u00a0haute trahison\u00a0\u00bb des harkis, ces soldats fiers et braves qui avaient choisi la France et l\u2019aimaient bien davantage que beaucoup de Fran\u00e7ais, et que nous avons laiss\u00e9 crever lamentablement. De cela, et de cela seul, d\u2019accord, nous devrions avoir honte. Pour le reste, il est vraiment temps de remettre l\u2019\u00e9glise au milieu du village\u2026 avant qu\u2019il n\u2019y ait plus, chez nous, ni \u00e9glises ni villages, bien s\u00fbr.<\/p>\n<p>                    <a href=\"#\" rel=\"nofollow\" onclick=\"window.print(); pfTrackEvent('[POINT DE VUE] C\u2019est fait : Alger criminalise la colonisation. Service minimum de Paris'); return false;\" title=\"Printer Friendly, PDF &amp; Email\"><br \/>\n                    <img decoding=\"async\" src=\"https:\/\/www.europesays.com\/fr\/wp-content\/uploads\/2025\/04\/printfriendly-icon-sm.png\" alt=\"Print Friendly, PDF &amp; Email\" class=\"pf-button-img\" style=\"width: 17px;height: 17px;\"\/>Imprimer, enregistrer en PDF cet article<br \/>\n                    <\/a><\/p>\n","protected":false},"excerpt":{"rendered":"Le Parlement alg\u00e9rien vient de voter le 24 d\u00e9cembre, \u00e0 l\u2019unanimit\u00e9, une loi qui criminalise la colonisation fran\u00e7aise.&hellip;\n","protected":false},"author":2,"featured_media":622693,"comment_status":"","ping_status":"","sticky":false,"template":"","format":"standard","meta":{"footnotes":""},"categories":[1888],"tags":[1111,1928,11,1927,1777,674,1011,27,12,1926,626,1925,25],"class_list":{"0":"post-622692","1":"post","2":"type-post","3":"status-publish","4":"format-standard","5":"has-post-thumbnail","7":"category-paris","8":"tag-actu","9":"tag-actu-paris","10":"tag-actualites","11":"tag-actualites-paris","12":"tag-eu","13":"tag-europe","14":"tag-fr","15":"tag-france","16":"tag-news","17":"tag-news-paris","18":"tag-paris","19":"tag-paris-news","20":"tag-republique-francaise"},"share_on_mastodon":{"url":"https:\/\/pubeurope.com\/@fr\/115784080951611222","error":""},"_links":{"self":[{"href":"https:\/\/www.europesays.com\/fr\/wp-json\/wp\/v2\/posts\/622692","targetHints":{"allow":["GET"]}}],"collection":[{"href":"https:\/\/www.europesays.com\/fr\/wp-json\/wp\/v2\/posts"}],"about":[{"href":"https:\/\/www.europesays.com\/fr\/wp-json\/wp\/v2\/types\/post"}],"author":[{"embeddable":true,"href":"https:\/\/www.europesays.com\/fr\/wp-json\/wp\/v2\/users\/2"}],"replies":[{"embeddable":true,"href":"https:\/\/www.europesays.com\/fr\/wp-json\/wp\/v2\/comments?post=622692"}],"version-history":[{"count":0,"href":"https:\/\/www.europesays.com\/fr\/wp-json\/wp\/v2\/posts\/622692\/revisions"}],"wp:featuredmedia":[{"embeddable":true,"href":"https:\/\/www.europesays.com\/fr\/wp-json\/wp\/v2\/media\/622693"}],"wp:attachment":[{"href":"https:\/\/www.europesays.com\/fr\/wp-json\/wp\/v2\/media?parent=622692"}],"wp:term":[{"taxonomy":"category","embeddable":true,"href":"https:\/\/www.europesays.com\/fr\/wp-json\/wp\/v2\/categories?post=622692"},{"taxonomy":"post_tag","embeddable":true,"href":"https:\/\/www.europesays.com\/fr\/wp-json\/wp\/v2\/tags?post=622692"}],"curies":[{"name":"wp","href":"https:\/\/api.w.org\/{rel}","templated":true}]}}