{"id":622694,"date":"2025-12-26T04:56:38","date_gmt":"2025-12-26T04:56:38","guid":{"rendered":"https:\/\/www.europesays.com\/fr\/622694\/"},"modified":"2025-12-26T04:56:38","modified_gmt":"2025-12-26T04:56:38","slug":"psg-om-cest-une-vraie-rivalite-confie-victor-wembanyama-apres-le-choc-san-antonio-okc","status":"publish","type":"post","link":"https:\/\/www.europesays.com\/fr\/622694\/","title":{"rendered":"\u00abPSG-OM, c\u2019est une vraie rivalit\u00e9\u00bb, confie Victor Wembanyama apr\u00e8s le choc San Antonio-OKC"},"content":{"rendered":"<p>\n    Le ph\u00e9nom\u00e8ne fran\u00e7ais de 21 ans revient sur la victoire 130-110 des Spurs sur le Thunder, mardi, au Frost Bank Center.<\/p>\n<p class=\"fig-paragraph\">Et de deux. Comme\u00a0<a href=\"http:\/\/www.lefigaro.fr\/sports\/basket\/nba\/nba-une-jeune-equipe-qui-a-faim-pourquoi-l-exploit-contre-okc-peut-etre-fondateur-pour-wembanyama-et-les-spurs-20251214\" data-fig-type=\"NewsFlash\" data-gtm-custom-categorie=\"navigation\" data-gtm-custom-action=\"crossclick\" data-gtm-custom-label=\"Contextuel\" data-gtm-event=\"customEventSPE\" data-fig-domain=\"LEFIGARO\" target=\"_blank\" rel=\"noopener\">en demi-finale de la NBA Cup, \u00e0 Las Vegas<\/a>, mi-d\u00e9cembre,\u00a0<a href=\"http:\/\/www.lefigaro.fr\/sports\/basket\/nba\/nba-au-septieme-ciel-wembanyama-et-les-spurs-ecrasent-okc-et-envoient-encore-un-message-20251224\" data-fig-type=\"NewsFlash\" data-gtm-custom-categorie=\"navigation\" data-gtm-custom-action=\"crossclick\" data-gtm-custom-label=\"Contextuel\" data-gtm-event=\"customEventSPE\" data-fig-domain=\"LEFIGARO\" target=\"_blank\" rel=\"noopener\">les Spurs ont dispos\u00e9 d\u2019Oklahoma City (130-110)<\/a>\u00a0mardi, au Frost Bank Center. \u00abC\u2019\u00e9tait s\u00fbrement un tr\u00e8s bon match \u00e0 suivre. On \u00e9tait concentr\u00e9s. On est diff\u00e9rents de la plupart des autres \u00e9quipes, notamment sur le plan d\u00e9fensif\u00bb, souligne Victor Wembanyama, en conf\u00e9rence de presse d\u2019apr\u00e8s-match, mettant en avant l\u2019abn\u00e9gation de son \u00e9quipe. \u00abC\u2019est plus facile d\u2019\u00eatre motiv\u00e9s \u00e0 faire les efforts quand ils paient et que vous remportez ce genre de match, c\u2019est une inspiration de voir d\u2019autres gars faire ces efforts, des choses qui ne se voient pas sur la feuille de statistiques. Le staff et moi-m\u00eame essayons de mettre en avant ce genre d\u2019efforts\u00bb, jure-t-il encore.<\/p>\n<p class=\"fig-paragraph\">Et de poursuivre\u00a0: \u00abSur le parquet et en dehors, on s\u2019entend tous tr\u00e8s bien. On prend beaucoup de plaisir et c\u2019est simple d\u2019\u00eatre dans le flow de cette \u00e9quipe parce que les efforts paient. C\u2019est contagieux et on doit faire en sorte que ce le soit encore plus, prendre du plaisir \u00e0 jouer ce genre de match, faire les efforts\u00bb.<\/p>\n<blockquote class=\"fig-quote&#10;    \">\n<p class=\"fig-quote__text\">\u00c7a veut dire quelque chose, c\u2019est s\u00fbr.<\/p>\n<p>            Victor Wembanyama\n    <\/p><\/blockquote>\n<p>                                            <a class=\"fig-a11y-skip\" href=\"#fig-a11y-skip-main-inarticle\" data-module=\"a11y-skip\" data-context=\"was @visible\"><br \/>\n    Passer la publicit\u00e9<br \/>\n<\/a>            <\/p>\n<p class=\"fig-paragraph\">Gr\u00e2ce \u00e0 cette victoire, San Antonio est plus que jamais deuxi\u00e8me\u00a0<a href=\"https:\/\/www.lefigaro.fr\/sports\/basket\/nba\/classement\" target=\"_blank\" rel=\"sponsored noopener\" data-gtm-custom-categorie=\"navigation\" data-gtm-custom-action=\"crossclick\" data-gtm-custom-label=\"Contextuel\" data-gtm-event=\"customEventSPE\">au classement de la Conf\u00e9rence Ouest<\/a>, seulement devanc\u00e9 par le Thunder, champion sortant. Une victoire en forme de message au reste de la ligue nord-am\u00e9ricaine et \u00e0 OKC. \u00ab\u00c7a me fait aussi me dire qu\u2019on est bien meilleurs qu\u2019au d\u00e9but de la saison. On peut encore progresser. Il faut encore quelques victoires pour les rattraper mais \u00e7a veut dire quelque chose, c\u2019est s\u00fbr. (\u2026) Le but reste le m\u00eame, aller en play-offs sans passer par le play-in. On ne saute pas les \u00e9tapes. Maintenant, on peut viser de plus en plus haut parce qu\u2019on coche les cases. On doit encore gagner en r\u00e9gularit\u00e9. Mais on coche les cases et maintenant, on peut viser le haut de la Conf\u00e9rence\u00bb, assure-t-il.<\/p>\n<p class=\"fig-body-link\">\n            \u00c0 lire aussi<br \/>\n        <a class=\"fig-body-link__link\" href=\"http:\/\/www.lefigaro.fr\/sports\/basket\/nba\/nba-au-septieme-ciel-wembanyama-et-les-spurs-ecrasent-okc-et-envoient-encore-un-message-20251224\" data-fig-type=\"NewsFlash\" data-gtm-custom-categorie=\"navigation\" data-gtm-custom-action=\"crossclick\" data-gtm-custom-label=\"Contextuel\" data-gtm-event=\"customEventSPE\" data-fig-domain=\"LEFIGARO\" target=\"_blank\" rel=\"noopener\"><\/p>\n<p>        NBA\u00a0: au septi\u00e8me ciel, Victor Wembanyama et les Spurs \u00e9crasent OKC et envoient (encore) un message<br \/>\n    <\/a>\n<\/p>\n<p class=\"fig-paragraph\">C\u2019est d\u2019autant plus prometteur que \u00abWemby\u00bb n\u2019a disput\u00e9 que 23 minutes en sortie de banc mardi soir, terminant avec 12 points et 5 rebonds.\u00a0<a href=\"http:\/\/www.lefigaro.fr\/sports\/basket\/nba\/nba-fin-de-serie-pour-victor-wembanyama-sans-contre-face-au-thunder-20251224\" data-fig-type=\"NewsFlash\" data-gtm-custom-categorie=\"navigation\" data-gtm-custom-action=\"crossclick\" data-gtm-custom-label=\"Contextuel\" data-gtm-event=\"customEventSPE\" data-fig-domain=\"LEFIGARO\" target=\"_blank\" rel=\"noopener\">Fin de s\u00e9rie apr\u00e8s 101 matchs avec au moins un contre<\/a>. \u00c0 quoi ressembleront les Spurs quand il n\u2019aura plus de limitation de temps de jeu\u00a0? \u00abLe calendrier est tellement intense que je ne me projette pas trop. On pense au prochain match. Plus mes minutes augmenteront, plus j\u2019en voudrais, j\u2019ai faim\u00bb, sourit-il, lui qui sort du banc depuis son retour au jeu apr\u00e8s\u00a0<a href=\"http:\/\/www.lefigaro.fr\/sports\/basket\/nba\/nba-coup-d-arret-pour-wembanyama-touche-au-mollet-20251117\" data-fig-type=\"NewsFlash\" data-gtm-custom-categorie=\"navigation\" data-gtm-custom-action=\"crossclick\" data-gtm-custom-label=\"Contextuel\" data-gtm-event=\"customEventSPE\" data-fig-domain=\"LEFIGARO\" target=\"_blank\" rel=\"noopener\">12 matchs d\u2019absence (mollet)<\/a>.<\/p>\n<p class=\"fig-paragraph\">Rappelons que\u00a0<a href=\"http:\/\/www.lefigaro.fr\/sports\/basket\/nba\/nba-victor-wembanyama-endeuille-avant-la-finale-contre-new-york-20251217\" data-fig-type=\"NewsFlash\" data-gtm-custom-categorie=\"navigation\" data-gtm-custom-action=\"crossclick\" data-gtm-custom-label=\"Contextuel\" data-gtm-event=\"customEventSPE\" data-fig-domain=\"LEFIGARO\" target=\"_blank\" rel=\"noopener\">Wembanyama, 21 ans, a aussi eu la douleur de perdre sa grand-m\u00e8re ces derniers jours<\/a>, juste avant\u00a0<a href=\"http:\/\/www.lefigaro.fr\/sports\/basket\/nba\/nba-la-coupe-pour-les-knicks-renversants-et-trop-puissants-face-aux-spurs-de-wembanyama-20251217\" data-fig-type=\"NewsFlash\" data-gtm-custom-categorie=\"navigation\" data-gtm-custom-action=\"crossclick\" data-gtm-custom-label=\"Contextuel\" data-gtm-event=\"customEventSPE\" data-fig-domain=\"LEFIGARO\" target=\"_blank\" rel=\"noopener\">la d\u00e9faite de San Antonio en finale de NBA Cup face \u00e0 New York (d\u00e9faite 113-124)\u00a0<\/a>: \u00abC\u2019est plus difficile en \u00e9tant loin de la France. Si \u00e7a impacte mes performances, c\u2019est dur \u00e0 dire\u2026 En revenant en arri\u00e8re, tout peut se passer diff\u00e9remment. On ne sait pas de quoi est fait le futur. C\u2019est sp\u00e9cial mais il faut toujours jouer avec des contraintes. Celles-l\u00e0 sont plus importantes pour moi, c\u2019est s\u00fbr, mais on fait avec\u2026\u00bb.<\/p>\n<p>                                            Tacle \u00e0 Chet Holmgren<\/p>\n<p class=\"fig-paragraph\">Pour ce qui est de la rivalit\u00e9 naissante avec OKC, Victor Wembanyama n\u2019est\u2026 pas totalement convaincu. \u00abJe ne sais pas\u2026 \u00c7a doit venir naturellement. Je n\u2019ai pas dit que c\u2019est impossible que \u00e7a arrive dans le futur. J\u2019esp\u00e8re que ce sera le cas bient\u00f4t. Mais on s\u2019en rapproche\u00bb, glisse-t-il. \u00c0 quoi reconna\u00eet-on une vraie rivalit\u00e9\u00a0? \u00abLa salle est pleine, l\u2019\u00e9nergie est diff\u00e9rente, physicalit\u00e9 de la premi\u00e8re \u00e0 la derni\u00e8re minute\u2026 C\u2019est dur \u00e0 d\u00e9crire, mais c\u2019est comme quand le PSG affronte l\u2019OM en France par exemple (sourire). C\u2019est une vraie rivalit\u00e9. \u00c7a se construit sur le temps, \u00e7a ne s\u2019invente pas comme \u00e7a. \u00c7a reste une belle opposition\u00bb, analyse-t-il. Pour ce qui est de sa pr\u00e9tendue rivalit\u00e9 avec le g\u00e9ant (2,16m) du Thunder Chet Holmgren en revanche, c\u2019est clair et net\u00a0: \u00abCe n\u2019est pas le cas, pas sportivement, il n\u2019y a pas photo\u00bb. L\u2019int\u00e9ress\u00e9 appr\u00e9ciera&#8230;<\/p>\n<p class=\"fig-paragraph\">Oklahoma City et San Antonio se retrouveront d\u00e8s jeudi (20h30, beIN SPORTS), dans l\u2019Oklahoma cette fois, pour le troisi\u00e8me duel de la saison entre les deux meilleures \u00e9quipes de l\u2019Ouest. \u00abIls seront tr\u00e8s concentr\u00e9s, sans doute plus que jamais. C\u2019est une \u00e9quipe pleine de ressources, mais on sera l\u00e0\u00bb, l\u00e2che Wembanyama, d\u00e9cid\u00e9 \u00e0 enfoncer le clou et encore marquer les esprits.<\/p>\n","protected":false},"excerpt":{"rendered":"Le ph\u00e9nom\u00e8ne fran\u00e7ais de 21 ans revient sur la victoire 130-110 des Spurs sur le Thunder, mardi, au&hellip;\n","protected":false},"author":2,"featured_media":622695,"comment_status":"","ping_status":"","sticky":false,"template":"","format":"standard","meta":{"footnotes":""},"categories":[1888],"tags":[1111,1928,11,1927,1777,674,1011,27,12,1926,149,626,1925,93,25,11393,12957],"class_list":{"0":"post-622694","1":"post","2":"type-post","3":"status-publish","4":"format-standard","5":"has-post-thumbnail","7":"category-paris","8":"tag-actu","9":"tag-actu-paris","10":"tag-actualites","11":"tag-actualites-paris","12":"tag-eu","13":"tag-europe","14":"tag-fr","15":"tag-france","16":"tag-news","17":"tag-news-paris","18":"tag-om","19":"tag-paris","20":"tag-paris-news","21":"tag-psg","22":"tag-republique-francaise","23":"tag-san-antonio-spurs","24":"tag-victor-wembanyama"},"share_on_mastodon":{"url":"https:\/\/pubeurope.com\/@fr\/115784095044726735","error":""},"_links":{"self":[{"href":"https:\/\/www.europesays.com\/fr\/wp-json\/wp\/v2\/posts\/622694","targetHints":{"allow":["GET"]}}],"collection":[{"href":"https:\/\/www.europesays.com\/fr\/wp-json\/wp\/v2\/posts"}],"about":[{"href":"https:\/\/www.europesays.com\/fr\/wp-json\/wp\/v2\/types\/post"}],"author":[{"embeddable":true,"href":"https:\/\/www.europesays.com\/fr\/wp-json\/wp\/v2\/users\/2"}],"replies":[{"embeddable":true,"href":"https:\/\/www.europesays.com\/fr\/wp-json\/wp\/v2\/comments?post=622694"}],"version-history":[{"count":0,"href":"https:\/\/www.europesays.com\/fr\/wp-json\/wp\/v2\/posts\/622694\/revisions"}],"wp:featuredmedia":[{"embeddable":true,"href":"https:\/\/www.europesays.com\/fr\/wp-json\/wp\/v2\/media\/622695"}],"wp:attachment":[{"href":"https:\/\/www.europesays.com\/fr\/wp-json\/wp\/v2\/media?parent=622694"}],"wp:term":[{"taxonomy":"category","embeddable":true,"href":"https:\/\/www.europesays.com\/fr\/wp-json\/wp\/v2\/categories?post=622694"},{"taxonomy":"post_tag","embeddable":true,"href":"https:\/\/www.europesays.com\/fr\/wp-json\/wp\/v2\/tags?post=622694"}],"curies":[{"name":"wp","href":"https:\/\/api.w.org\/{rel}","templated":true}]}}