{"id":62270,"date":"2025-04-29T16:56:29","date_gmt":"2025-04-29T16:56:29","guid":{"rendered":"https:\/\/www.europesays.com\/fr\/62270\/"},"modified":"2025-04-29T16:56:29","modified_gmt":"2025-04-29T16:56:29","slug":"ils-preparent-la-fete-des-cerises-au-sud-de-nantes","status":"publish","type":"post","link":"https:\/\/www.europesays.com\/fr\/62270\/","title":{"rendered":"Ils pr\u00e9parent la F\u00eate des cerises au sud de Nantes"},"content":{"rendered":"<p>Michel Rivet, pr\u00e9sident de la F\u00eate des cerises, a invit\u00e9 l\u2019ensemble des b\u00e9n\u00e9voles pour un moment convivial au local de construction des chars samedi 26\u00a0avril 2025.<\/p>\n<p>C\u2019est en effet la derni\u00e8re ligne droite jusqu\u2019au dimanche 18\u00a0mai pour les \u00ab\u00a0charistes\u00a0\u00bb qui construisent les quatre\u00a0chars du d\u00e9fil\u00e9, et l\u2019\u00e9quipe des couturi\u00e8res qui confectionnent pr\u00e8s de 300\u00a0costumes pour les enfants des \u00e9coles Saint Martin et Saint Joseph qui participent activement \u00e0 la d\u00e9ambulation. Le th\u00e8me choisi par les organisateurs est\u00a0les h\u00e9ros d\u2019hier et d\u2019aujourd\u2019hui.\u00a0.<\/p>\n<p>Trois groupes de musiciens assureront une ambiance festive<\/p>\n<p>Harry Potter c\u00f4toiera donc la Reine des neiges et les mignons minions lors du d\u00e9fil\u00e9 costum\u00e9, et bien d\u2019autres encore.<\/p>\n<p>Le public est convi\u00e9 \u00e0 partir de 14\u00a0h le dimanche 18\u00a0mai avenue de Morges, pour le d\u00e9part du d\u00e9fil\u00e9, qui s\u2019ach\u00e8vera au parc du Loiry.<\/p>\n<p>Le pr\u00e9sident Michel Rivet a invit\u00e9 trois groupes de musiciens qui assureront une ambiance festive \u00e0 cette d\u00e9ambulation\u00a0: le bagad de la presqu\u2019\u00eele Ar poulig Gwen, la batucada Flor carioca et le marching band\u00a0L\u2019Esp\u00e9rance.<\/p>\n<p>La F\u00eate des cerises se poursuivra au parc du Loiry avec des nombreuses animations. Les diff\u00e9rentes formations musicales se produiront sur le site \u00e0 partir de 15\u00a0h.<\/p>\n<p>\u00c0 16\u00a0h, le groupe Captain Groove se produira sur sc\u00e8ne.<\/p>\n<p>Des associations partenaires la Vaillante, le Don du sang et Europe foot permettront au public de se d\u00e9salt\u00e9rer, et de d\u00e9guster des petites douceurs.<\/p>\n<p><a href=\"https:\/\/nantes.maville.com\/actu\/actudet_-vertou.-les-groupes-locaux-a-l-honneur-a-charivari-_8-6763988_actu.Htm\" target=\"_blank\" rel=\"noopener\">\u00c0 lire aussi\u00a0: \u00e0 Vertou, les groupes locaux \u00e0 l\u2019honneur \u00e0 Charivari<\/a><\/p>\n<p>\u00a0<\/p>\n","protected":false},"excerpt":{"rendered":"Michel Rivet, pr\u00e9sident de la F\u00eate des cerises, a invit\u00e9 l\u2019ensemble des b\u00e9n\u00e9voles pour un moment convivial au&hellip;\n","protected":false},"author":2,"featured_media":62271,"comment_status":"","ping_status":"","sticky":false,"template":"","format":"standard","meta":{"footnotes":""},"categories":[2818],"tags":[1111,11,15996,1777,674,4768,1011,27,766,12,2636,15651,25,7053],"class_list":{"0":"post-62270","1":"post","2":"type-post","3":"status-publish","4":"format-standard","5":"has-post-thumbnail","7":"category-nantes","8":"tag-actu","9":"tag-actualites","10":"tag-cerises","11":"tag-eu","12":"tag-europe","13":"tag-fete","14":"tag-fr","15":"tag-france","16":"tag-nantes","17":"tag-news","18":"tag-pays-de-la-loire","19":"tag-preparent","20":"tag-republique-francaise","21":"tag-sud"},"share_on_mastodon":{"url":"https:\/\/pubeurope.com\/@fr\/114422309469725683","error":""},"_links":{"self":[{"href":"https:\/\/www.europesays.com\/fr\/wp-json\/wp\/v2\/posts\/62270","targetHints":{"allow":["GET"]}}],"collection":[{"href":"https:\/\/www.europesays.com\/fr\/wp-json\/wp\/v2\/posts"}],"about":[{"href":"https:\/\/www.europesays.com\/fr\/wp-json\/wp\/v2\/types\/post"}],"author":[{"embeddable":true,"href":"https:\/\/www.europesays.com\/fr\/wp-json\/wp\/v2\/users\/2"}],"replies":[{"embeddable":true,"href":"https:\/\/www.europesays.com\/fr\/wp-json\/wp\/v2\/comments?post=62270"}],"version-history":[{"count":0,"href":"https:\/\/www.europesays.com\/fr\/wp-json\/wp\/v2\/posts\/62270\/revisions"}],"wp:featuredmedia":[{"embeddable":true,"href":"https:\/\/www.europesays.com\/fr\/wp-json\/wp\/v2\/media\/62271"}],"wp:attachment":[{"href":"https:\/\/www.europesays.com\/fr\/wp-json\/wp\/v2\/media?parent=62270"}],"wp:term":[{"taxonomy":"category","embeddable":true,"href":"https:\/\/www.europesays.com\/fr\/wp-json\/wp\/v2\/categories?post=62270"},{"taxonomy":"post_tag","embeddable":true,"href":"https:\/\/www.europesays.com\/fr\/wp-json\/wp\/v2\/tags?post=62270"}],"curies":[{"name":"wp","href":"https:\/\/api.w.org\/{rel}","templated":true}]}}