{"id":622702,"date":"2025-12-26T05:03:19","date_gmt":"2025-12-26T05:03:19","guid":{"rendered":"https:\/\/www.europesays.com\/fr\/622702\/"},"modified":"2025-12-26T05:03:19","modified_gmt":"2025-12-26T05:03:19","slug":"en-direct-guerre-en-ukraine-zelensky-dit-avoir-eu-une-tres-bonne-conversation-avec-les-emissaires-americains-witkoff-et-kushner","status":"publish","type":"post","link":"https:\/\/www.europesays.com\/fr\/622702\/","title":{"rendered":"EN DIRECT &#8211; Guerre en Ukraine : Zelensky dit avoir eu \u00ab\u00a0une tr\u00e8s bonne conversation\u00a0\u00bb avec les \u00e9missaires am\u00e9ricains Witkoff et Kushner"},"content":{"rendered":"<ul class=\"jsx-862013697 ArticleChapo__List\">\n<li class=\"jsx-862013697 ArticleChapo__List_Item flex\">Le pr\u00e9sident ukrainien a dit jeudi avoir discut\u00e9 de \u00ab\u00a0d\u00e9tails importants\u00a0\u00bb avec les \u00e9missaires de Donald Trump au cours d&rsquo;un entretien t\u00e9l\u00e9phonique.<\/li>\n<li class=\"jsx-862013697 ArticleChapo__List_Item flex\">\u00ab\u00a0Il existe de bonnes id\u00e9es qui peuvent contribuer \u00e0 une paix durable\u00a0\u00bb, estime Volodymyr Zelensky.<\/li>\n<li class=\"jsx-862013697 ArticleChapo__List_Item flex\">Suivez les derni\u00e8res informations sur le conflit.<\/li>\n<\/ul>\n<p><a href=\"https:\/\/www.tf1info.fr\/actualite\/guerre-ukraine-russie-une-rencontre-donald-trump-vladimir-poutine-historique-le-vendredi-15-aout-2025-en-alaska-sans-volodymyr-zelensky-14326\/\" rel=\"noopener\" class=\"jsx-484472199 Link jsx-1428418400 jsx-554215408\" target=\"_blank\"><\/p>\n<p style=\"font-weight:400\" class=\"jsx-1837267516\">Suivez la couverture compl\u00e8te<\/p>\n<p style=\"font-weight:800\" class=\"jsx-1837267516\">Ukraine-Russie : la perspective de n\u00e9gociations relanc\u00e9e ?<\/p>\n<p><\/a><\/p>\n<p>Minute par minute<\/p>\n<p data-module=\"article-paragraph\" class=\"jsx-157965717 Paragraph\">Le pr\u00e9sident ukrainien Volodymyr Zelensky a affirm\u00e9 jeudi avoir eu une \u00ab\u00a0tr\u00e8s bonne conversation\u00a0\u00bb au t\u00e9l\u00e9phone avec les \u00e9missaires am\u00e9ricains <a href=\"https:\/\/www.tf1info.fr\/international\/ultimatum-de-trump-a-la-russie-qui-est-steve-witkoff-le-monsieur-diplomatie-de-la-maison-blanche-2387071.html\" target=\"_blank\" rel=\"noopener\">Steve Witkoff<\/a> et <a href=\"https:\/\/www.tf1info.fr\/politique\/qui-est-jared-kushner-le-gendre-ideal-conseiller-de-donald-trump-vise-par-l-enquete-du-fbi-sur-la-russie-ingerences-russes-2012965.html\" target=\"_blank\" rel=\"noopener\">Jared Kushner<\/a>, apr\u00e8s avoir r\u00e9v\u00e9l\u00e9 la veille les d\u00e9tails du <a href=\"https:\/\/www.tf1info.fr\/international\/guerre-en-ukraine-lignes-de-front-election-que-contient-la-nouvelle-version-du-plan-de-paix-americain-2414673.html\" target=\"_blank\" rel=\"noopener\">nouveau plan am\u00e9ricain<\/a> visant \u00e0 mettre fin \u00e0 la guerre avec la Russie. \u00ab\u00a0Nous avons discut\u00e9 de certains d\u00e9tails importants du travail en cours. Il existe de bonnes id\u00e9es qui peuvent contribuer \u00e0 un r\u00e9sultat commun et \u00e0 une paix durable\u00a0\u00bb, a-t-il indiqu\u00e9 sur Facebook.<\/p>\n<p data-module=\"article-paragraph\" class=\"jsx-157965717 Paragraph Paragraph__End\">Le pr\u00e9sident ukrainien a remerci\u00e9 les \u00e9missaires am\u00e9ricains pour \u00ab\u00a0leur approche constructive, leur travail intensif et leurs paroles aimables\u00a0\u00bb. \u00ab\u00a0J&rsquo;esp\u00e8re que les ententes conclues aujourd&rsquo;hui \u00e0 l&rsquo;occasion de No\u00ebl et les id\u00e9es dont nous avons discut\u00e9 s&rsquo;av\u00e9reront utiles\u00a0\u00bb, a-t-il poursuivi.<\/p>\n<p data-module=\"article-paragraph\" class=\"jsx-157965717 Paragraph Paragraph__End\">La veille, il avait r\u00e9v\u00e9l\u00e9 mercredi la nouvelle mouture du plan am\u00e9ricain visant \u00e0 mettre fin \u00e0 la guerre entre la Russie et l&rsquo;Ukraine, n\u00e9goci\u00e9e depuis des semaines entre Washington et Kiev. Ce texte pr\u00e9voit un gel du front aux lignes actuelles tout en n&rsquo;offrant aucune solution imm\u00e9diate sur l&rsquo;\u00e9pineuse question des territoires occup\u00e9s par la Russie, qui repr\u00e9sentent plus de 19% de l&rsquo;Ukraine.<\/p>\n<p><a href=\"https:\/\/www.tf1info.fr\/international\/en-direct-guerre-ukraine-russie-poutine-zelensky-treve-de-noel-les-dernieres-informations-aujourd-hui-mercredi-24-decembre-2025-2414608.html\" rel=\"noopener\" class=\"jsx-3308031228 Link flex\" target=\"_blank\"><img decoding=\"async\" src=\"https:\/\/www.europesays.com\/fr\/wp-content\/uploads\/2025\/12\/drapeau-ukraine-etats-unis-drapeaux-ukrainien-americain-6-decembre-2023-03448a-3@1x.jpeg\" alt=\"ILLUSTRATION\" loading=\"lazy\" importance=\"low\" fetchpriority=\"low\" class=\"\" aria-hidden=\"true\"\/><\/p>\n<p class=\"jsx-3657663356 ReadMoreArticle__Title\">Lire aussi<\/p>\n<p class=\"jsx-3657663356\">Ukraine : Paris soutient les efforts de Washington mais insiste sur les garanties de s\u00e9curit\u00e9<\/p>\n<p><\/a><\/p>\n<p data-module=\"article-paragraph\" class=\"jsx-157965717 Paragraph\">Contrairement \u00e0 la version originale, r\u00e9dig\u00e9e par les Am\u00e9ricains, la nouvelle mouture laisse de c\u00f4t\u00e9 deux exigences majeures de Moscou : un retrait des forces ukrainiennes des territoires du Donbass encore sous leur contr\u00f4le et un engagement juridiquement contraignant de Kiev \u00e0 ne pas adh\u00e9rer \u00e0 l&rsquo;Otan.<\/p>\n<p data-module=\"article-paragraph\" class=\"jsx-157965717 Paragraph Paragraph__End\">Pour cette raison, un accord de Moscou \u00e0 cette nouvelle version semble improbable. Interrog\u00e9 \u00e0 ce sujet mercredi, le porte-parole du Kremlin, Dmitri Peskov, a indiqu\u00e9 que Moscou \u00e9tait en train de \u00ab\u00a0formuler sa position\u00a0\u00bb et refus\u00e9 d&rsquo;en commenter les d\u00e9tails.<\/p>\n<p>La r\u00e9daction de TF1info<\/p>\n","protected":false},"excerpt":{"rendered":"Le pr\u00e9sident ukrainien a dit jeudi avoir discut\u00e9 de \u00ab\u00a0d\u00e9tails importants\u00a0\u00bb avec les \u00e9missaires de Donald Trump au&hellip;\n","protected":false},"author":2,"featured_media":71373,"comment_status":"","ping_status":"","sticky":false,"template":"","format":"standard","meta":{"footnotes":""},"categories":[1590],"tags":[1111,11,1921,75,1777,674,28083,1922,12,132,220,1917,67457,133,1920,134],"class_list":{"0":"post-622702","1":"post","2":"type-post","3":"status-publish","4":"format-standard","5":"has-post-thumbnail","7":"category-ukraine","8":"tag-actu","9":"tag-actualites","10":"tag-article-video","11":"tag-donald-trump","12":"tag-eu","13":"tag-europe","14":"tag-guerre-en-ukraine-une-treve-sera-t-elle-possible","15":"tag-info","16":"tag-news","17":"tag-russie","18":"tag-ukraine","19":"tag-ukraine-4-annee-de-guerre","20":"tag-ukraine-russie-la-perspective-de-negociations-relancee","21":"tag-video","22":"tag-video-international","23":"tag-volodymyr-zelensky"},"share_on_mastodon":{"url":"https:\/\/pubeurope.com\/@fr\/115784123546681561","error":""},"_links":{"self":[{"href":"https:\/\/www.europesays.com\/fr\/wp-json\/wp\/v2\/posts\/622702","targetHints":{"allow":["GET"]}}],"collection":[{"href":"https:\/\/www.europesays.com\/fr\/wp-json\/wp\/v2\/posts"}],"about":[{"href":"https:\/\/www.europesays.com\/fr\/wp-json\/wp\/v2\/types\/post"}],"author":[{"embeddable":true,"href":"https:\/\/www.europesays.com\/fr\/wp-json\/wp\/v2\/users\/2"}],"replies":[{"embeddable":true,"href":"https:\/\/www.europesays.com\/fr\/wp-json\/wp\/v2\/comments?post=622702"}],"version-history":[{"count":0,"href":"https:\/\/www.europesays.com\/fr\/wp-json\/wp\/v2\/posts\/622702\/revisions"}],"wp:featuredmedia":[{"embeddable":true,"href":"https:\/\/www.europesays.com\/fr\/wp-json\/wp\/v2\/media\/71373"}],"wp:attachment":[{"href":"https:\/\/www.europesays.com\/fr\/wp-json\/wp\/v2\/media?parent=622702"}],"wp:term":[{"taxonomy":"category","embeddable":true,"href":"https:\/\/www.europesays.com\/fr\/wp-json\/wp\/v2\/categories?post=622702"},{"taxonomy":"post_tag","embeddable":true,"href":"https:\/\/www.europesays.com\/fr\/wp-json\/wp\/v2\/tags?post=622702"}],"curies":[{"name":"wp","href":"https:\/\/api.w.org\/{rel}","templated":true}]}}