{"id":622703,"date":"2025-12-26T05:04:34","date_gmt":"2025-12-26T05:04:34","guid":{"rendered":"https:\/\/www.europesays.com\/fr\/622703\/"},"modified":"2025-12-26T05:04:34","modified_gmt":"2025-12-26T05:04:34","slug":"usa-les-americains-invites-a-la-golden-league","status":"publish","type":"post","link":"https:\/\/www.europesays.com\/fr\/622703\/","title":{"rendered":"USA | Les am\u00e9ricains invit\u00e9s \u00e0 la Golden League"},"content":{"rendered":"<p>                <img loading=\"lazy\" decoding=\"async\" class=\"aligncenter size-large wp-image-331606\" src=\"https:\/\/www.europesays.com\/fr\/wp-content\/uploads\/2025\/12\/FB_IMG_1766693546625-1024x683.jpg\" alt=\"USA \u00e9tats Unis \" width=\"1024\" height=\"683\"\/><\/p>\n<p style=\"text-align: justify;\"><strong>Dans une \u00e9tape majeure pour le handball am\u00e9ricain, l\u2019\u00e9quipe nationale masculine des \u00c9tats-Unis a officiellement re\u00e7u une invitation pour participer \u00e0 l\u2019\u00e9dition 2026 du Golden League, l\u2019un des tournois internationaux les plus relev\u00e9s du calendrier europ\u00e9en. Cette annonce confirme l\u2019ascension progressive du programme am\u00e9ricain \u00e0 l\u2019approche des Jeux Olympiques de Los Angeles 2028<\/strong>.<\/p>\n<p style=\"text-align: justify;\">USA Team Handball a annonc\u00e9 que l\u2019\u00e9quipe nationale masculine senior des \u00c9tats-Unis sera pr\u00e9sente sur la derni\u00e8re \u00e9tape de la Golden League 2026, qui se d\u00e9roulera du 16 au 22 mars prochains. Ce tournoi r\u00e9unit chaque ann\u00e9e des nations de tr\u00e8s haut niveau pour un affrontement de pr\u00e9paration intense au plus haut niveau, avec notamment les \u00e9quipes scandinaves.<\/p>\n<p>Team USA aux c\u00f4t\u00e9s des champions olympiques<\/p>\n<p style=\"text-align: justify;\">Les Am\u00e9ricains affronteront le Danemark, la Norv\u00e8ge et les Pays-Bas. Pour la f\u00e9d\u00e9ration am\u00e9ricaine, cette invitation est un tournant historique : elle offre une occasion unique pour les joueurs US de se mesurer \u00e0 l\u2019\u00e9lite mondiale et de mesurer concr\u00e8tement les progr\u00e8s r\u00e9alis\u00e9s ces derni\u00e8res ann\u00e9es.<\/p>\n<p style=\"text-align: justify;\">Dans un communiqu\u00e9, <strong>Michael King<\/strong>, CEO de USA Team Handball, a salu\u00e9 cette opportunit\u00e9 comme une reconnaissance du d\u00e9veloppement du sport aux \u00c9tats-Unis et un d\u00e9fi que l\u2019\u00e9quipe aborde \u00ab avec fiert\u00e9 \u00bb. Il a rappel\u00e9 que cette \u00e9tape s\u2019inscrit dans une strat\u00e9gie \u00e0 long terme visant \u00e0 structurer un syst\u00e8me national capable de rivaliser durablement sur la sc\u00e8ne internationale, en particulier en vue des Jeux de Los Angeles 2028.<\/p>\n","protected":false},"excerpt":{"rendered":"Dans une \u00e9tape majeure pour le handball am\u00e9ricain, l\u2019\u00e9quipe nationale masculine des \u00c9tats-Unis a officiellement re\u00e7u une invitation&hellip;\n","protected":false},"author":2,"featured_media":622704,"comment_status":"","ping_status":"","sticky":false,"template":"","format":"standard","meta":{"footnotes":""},"categories":[1589],"tags":[11,145,73,1866,35364,12,673,934,73196,1864,1865,1863,308],"class_list":{"0":"post-622703","1":"post","2":"type-post","3":"status-publish","4":"format-standard","5":"has-post-thumbnail","7":"category-etats-unis","8":"tag-actualites","9":"tag-danemark","10":"tag-etats-unis","11":"tag-etats-unis-damerique","12":"tag-golden-league","13":"tag-news","14":"tag-norvege","15":"tag-pays-bas","16":"tag-team-usa","17":"tag-united-states","18":"tag-united-states-of-america","19":"tag-us","20":"tag-usa"},"share_on_mastodon":{"url":"https:\/\/pubeurope.com\/@fr\/115784127535287162","error":""},"_links":{"self":[{"href":"https:\/\/www.europesays.com\/fr\/wp-json\/wp\/v2\/posts\/622703","targetHints":{"allow":["GET"]}}],"collection":[{"href":"https:\/\/www.europesays.com\/fr\/wp-json\/wp\/v2\/posts"}],"about":[{"href":"https:\/\/www.europesays.com\/fr\/wp-json\/wp\/v2\/types\/post"}],"author":[{"embeddable":true,"href":"https:\/\/www.europesays.com\/fr\/wp-json\/wp\/v2\/users\/2"}],"replies":[{"embeddable":true,"href":"https:\/\/www.europesays.com\/fr\/wp-json\/wp\/v2\/comments?post=622703"}],"version-history":[{"count":0,"href":"https:\/\/www.europesays.com\/fr\/wp-json\/wp\/v2\/posts\/622703\/revisions"}],"wp:featuredmedia":[{"embeddable":true,"href":"https:\/\/www.europesays.com\/fr\/wp-json\/wp\/v2\/media\/622704"}],"wp:attachment":[{"href":"https:\/\/www.europesays.com\/fr\/wp-json\/wp\/v2\/media?parent=622703"}],"wp:term":[{"taxonomy":"category","embeddable":true,"href":"https:\/\/www.europesays.com\/fr\/wp-json\/wp\/v2\/categories?post=622703"},{"taxonomy":"post_tag","embeddable":true,"href":"https:\/\/www.europesays.com\/fr\/wp-json\/wp\/v2\/tags?post=622703"}],"curies":[{"name":"wp","href":"https:\/\/api.w.org\/{rel}","templated":true}]}}