{"id":622705,"date":"2025-12-26T05:05:19","date_gmt":"2025-12-26T05:05:19","guid":{"rendered":"https:\/\/www.europesays.com\/fr\/622705\/"},"modified":"2025-12-26T05:05:19","modified_gmt":"2025-12-26T05:05:19","slug":"charles-iii-en-appelle-a-la-reconciliation-lors-de-son-discours-de-noel","status":"publish","type":"post","link":"https:\/\/www.europesays.com\/fr\/622705\/","title":{"rendered":"Charles III en appelle \u00e0 la \u00ab\u00a0r\u00e9conciliation\u00a0\u00bb lors de son discours de No\u00ebl"},"content":{"rendered":"<p>Le roi Charles III a appel\u00e9 \u00e0 \u00ab\u00a0ch\u00e9rir les valeurs de compassion et de r\u00e9conciliation\u00a0\u00bb dans un monde incertain qui \u00ab\u00a0semble tourner toujours plus vite\u00a0\u00bb, lors de son traditionnel discours de No\u00ebl jeudi, ax\u00e9 sur le dialogue interreligieux. Le monarque de 77\u00a0ans s\u2019est exprim\u00e9 dans un message pr\u00e9enregistr\u00e9 depuis l\u2019Abbaye de Westminster \u00e0 Londres, haut lieu de la monarchie britannique.<\/p>\n<p>Pour la deuxi\u00e8me ann\u00e9e cons\u00e9cutive, le roi s\u2019est adress\u00e9 \u00e0 ses sujets hors d\u2019une r\u00e9sidence royale. Il a ouvert son message sur le \u00ab\u00a0moment historique d\u2019unit\u00e9 spirituelle\u00a0\u00bb qu\u2019a repr\u00e9sent\u00e9 sa visite au Vatican en octobre dernier, visite au cours de laquelle il a pri\u00e9 avec le pape L\u00e9on\u00a0XIV,<a href=\"https:\/\/www.la-croix.com\/religion\/pourquoi-la-priere-commune-entre-charles-iii-et-le-pape-leon-xiv-est-un-evenement-historique-20251022\" data-tracking=\"inpage_click\" data-tracking-action=\"lire un article\" data-tracking-category=\"recirculation\" target=\"_blank\" rel=\"noopener\"> une premi\u00e8re depuis le schisme anglican au XVIe\u00a0si\u00e8cle<\/a>.<\/p>\n<p>Cette ann\u00e9e <a href=\"https:\/\/www.la-croix.com\/religion\/face-a-un-million-de-jeunes-leon-xiv-preche-l-amitie-un-chemin-vers-la-paix-20250802\" data-tracking=\"inpage_click\" data-tracking-action=\"lire un article\" data-tracking-category=\"recirculation\" target=\"_blank\" rel=\"noopener\">du Jubil\u00e9 de l\u2019\u00c9glise catholique<\/a>, c\u00e9l\u00e9br\u00e9e sur le th\u00e8me \u00ab\u00a0P\u00e8lerins de l\u2019esp\u00e9rance\u00a0\u00bb, \u00e9tait le fil conducteur du discours du monarque, gouverneur supr\u00eame de l\u2019\u00c9glise d\u2019Angleterre.<\/p>\n<p>\u00ab\u00a0Le mot p\u00e8lerinage est moins employ\u00e9 aujourd\u2019hui, mais il a une signification particuli\u00e8re pour notre monde moderne, et surtout \u00e0 No\u00ebl\u00a0: il s\u2019agit d\u2019avancer vers l\u2019avenir tout en revenant vers le pass\u00e9 pour s\u2019en souvenir et en tirer des le\u00e7ons\u00a0\u00bb, a-t-il d\u00e9clar\u00e9.<\/p>\n<p>Il a aussi \u00e9voqu\u00e9 la transmission de la m\u00e9moire de la Seconde guerre mondiale, l\u2019ann\u00e9e qui s\u2019ach\u00e8ve ayant \u00e9t\u00e9 celle du 80e anniversaire de la fin de ce conflit. \u00ab\u00a0Le courage et le sacrifice de nos militaires, ainsi que la mani\u00e8re dont les communaut\u00e9s se sont rassembl\u00e9es face \u00e0 une si grande \u00e9preuve, portent pour nous un message intemporel. Ce sont toutes ces valeurs qui ont fa\u00e7onn\u00e9 notre pays et le Commonwealth\u00a0\u00bb, a-t-il poursuivi<\/p>\n<p>La rapidit\u00e9 d\u2019une \u00e9poque \u00ab\u00a0incertaine\u00a0\u00bb<\/p>\n<p>Qualifiant l\u2019\u00e9poque actuelle d\u2019\u00ab\u00a0incertaine\u00a0\u00bb, et arguant que le \u00ab\u00a0monde semble tourner toujours plus vite\u00a0\u00bb, il a estim\u00e9 qu\u2019avec \u00ab\u00a0la grande diversit\u00e9 de nos communaut\u00e9s, nous pouvons trouver la force de faire en sorte que le bien triomphe du mal\u00a0\u00bb.<\/p>\n<p>\u00ab\u00a0Il me semble que nous devons ch\u00e9rir les valeurs de compassion et de r\u00e9conciliation\u00a0\u00bb, a-t-il expliqu\u00e9, dans une allusion \u00e0 <a href=\"https:\/\/www.la-croix.com\/international\/royaume-uni-alerte-maximum-apres-l-attaque-de-la-synagogue-de-manchester-20251003\" data-tracking=\"inpage_click\" data-tracking-action=\"lire un article\" data-tracking-category=\"recirculation\" target=\"_blank\" rel=\"noopener\">l\u2019attaque de la synagogue de Manchester<\/a>, qui a fait deux morts en Angleterre d\u00e9but octobre. Il \u00e9tait all\u00e9 rencontrer les survivants.<\/p>\n<p>\u00ab\u00a0Lorsque je rencontre des personnes de diff\u00e9rentes confessions, je trouve extr\u00eamement encourageant d\u2019entendre tout ce que nous avons en commun\u00a0: un d\u00e9sir partag\u00e9 de paix et un profond respect pour toute vie\u00a0\u00bb, a d\u00e9taill\u00e9 le roi, qui a toujours montr\u00e9 un int\u00e9r\u00eat pouss\u00e9 pour le dialogue interreligieux.<\/p>\n<p>Charles a choisi de ne pas \u00e9voquer son cancer, dont le traitement va \u00eatre \u00ab\u00a0r\u00e9duit\u00a0\u00bb en 2026, ni <a href=\"https:\/\/www.la-croix.com\/international\/la-famille-royale-a-lache-andrew-pour-sauver-sa-peau-20251101\" data-tracking=\"inpage_click\" data-tracking-action=\"lire un article\" data-tracking-category=\"recirculation\" target=\"_blank\" rel=\"noopener\">son fr\u00e8re Andrew, banni de la famille royale<\/a> \u00e0 cause de ses liens avec le p\u00e9docriminel Jeffrey Epstein, et \u00e0 qui il a retir\u00e9 tous ses titres en novembre.<\/p>\n","protected":false},"excerpt":{"rendered":"Le roi Charles III a appel\u00e9 \u00e0 \u00ab\u00a0ch\u00e9rir les valeurs de compassion et de r\u00e9conciliation\u00a0\u00bb dans un monde&hellip;\n","protected":false},"author":2,"featured_media":622706,"comment_status":"","ping_status":"","sticky":false,"template":"","format":"standard","meta":{"footnotes":""},"categories":[1588],"tags":[11,1777,674,12,473,1853,1851,1850,1852],"class_list":{"0":"post-622705","1":"post","2":"type-post","3":"status-publish","4":"format-standard","5":"has-post-thumbnail","7":"category-royaume-uni","8":"tag-actualites","9":"tag-eu","10":"tag-europe","11":"tag-news","12":"tag-royaume-uni","13":"tag-royaume-uni-de-grande-bretagne-et-dirlande-du-nord","14":"tag-uk","15":"tag-united-kingdom","16":"tag-united-kingdom-of-great-britain-and-northern-ireland"},"share_on_mastodon":{"url":"https:\/\/pubeurope.com\/@fr\/115784130470533750","error":""},"_links":{"self":[{"href":"https:\/\/www.europesays.com\/fr\/wp-json\/wp\/v2\/posts\/622705","targetHints":{"allow":["GET"]}}],"collection":[{"href":"https:\/\/www.europesays.com\/fr\/wp-json\/wp\/v2\/posts"}],"about":[{"href":"https:\/\/www.europesays.com\/fr\/wp-json\/wp\/v2\/types\/post"}],"author":[{"embeddable":true,"href":"https:\/\/www.europesays.com\/fr\/wp-json\/wp\/v2\/users\/2"}],"replies":[{"embeddable":true,"href":"https:\/\/www.europesays.com\/fr\/wp-json\/wp\/v2\/comments?post=622705"}],"version-history":[{"count":0,"href":"https:\/\/www.europesays.com\/fr\/wp-json\/wp\/v2\/posts\/622705\/revisions"}],"wp:featuredmedia":[{"embeddable":true,"href":"https:\/\/www.europesays.com\/fr\/wp-json\/wp\/v2\/media\/622706"}],"wp:attachment":[{"href":"https:\/\/www.europesays.com\/fr\/wp-json\/wp\/v2\/media?parent=622705"}],"wp:term":[{"taxonomy":"category","embeddable":true,"href":"https:\/\/www.europesays.com\/fr\/wp-json\/wp\/v2\/categories?post=622705"},{"taxonomy":"post_tag","embeddable":true,"href":"https:\/\/www.europesays.com\/fr\/wp-json\/wp\/v2\/tags?post=622705"}],"curies":[{"name":"wp","href":"https:\/\/api.w.org\/{rel}","templated":true}]}}