{"id":622708,"date":"2025-12-26T05:09:30","date_gmt":"2025-12-26T05:09:30","guid":{"rendered":"https:\/\/www.europesays.com\/fr\/622708\/"},"modified":"2025-12-26T05:09:30","modified_gmt":"2025-12-26T05:09:30","slug":"quand-leurope-sanctionne-les-idees-et-sindigne-detre-sanctionnee","status":"publish","type":"post","link":"https:\/\/www.europesays.com\/fr\/622708\/","title":{"rendered":"Quand l\u2019Europe sanctionne les id\u00e9es et s\u2019indigne d\u2019\u00eatre sanctionn\u00e9e"},"content":{"rendered":"<p>Je suis dans ma cuisine, un matin de vent et de pluie fine, ce temps breton qui invite \u00e0 la lenteur et aux plats qui prennent leur temps. Sur la table, un flanchet de b\u0153uf soigneusement par\u00e9 attend son destin. En Argentine, on l\u2019appelle\u00a0matambre, ce nom rude et tendre \u00e0 la fois, tuer la faim, qui dit bien ce qu\u2019il est, un plat de patience, roul\u00e9 sur lui-m\u00eame, farci de l\u00e9gumes simples, carottes, poivrons, \u0153ufs durs, herbes fra\u00eeches, puis serr\u00e9 comme un manuscrit ancien avant d\u2019\u00eatre confi\u00e9 au fr\u00e9missement d\u2019un court-bouillon. La cuisine, comme la politique, apprend la dur\u00e9e. Rien de bon ne sort de la pr\u00e9cipitation.<\/p>\n<p>Pendant que je dispose la farce et que je roule la viande avec le soin d\u2019un relieur, l\u2019ordinateur est ouvert sur le plan de travail. Je lis un article du\u00a0Washington Post. Il y est question de la r\u00e9action indign\u00e9e de l\u2019Union europ\u00e9enne\u00a0et du\u00a0Royaume-Uni\u00a0apr\u00e8s l\u2019annonce de sanctions am\u00e9ricaines visant cinq individus, r\u00e9sidents en Europe, accus\u00e9s d\u2019avoir jou\u00e9 un r\u00f4le actif dans des politiques de censure touchant des citoyens am\u00e9ricains, notamment des propri\u00e9taires ou des acteurs majeurs des r\u00e9seaux sociaux. Les communiqu\u00e9s officiels parlent d\u2019atteinte \u00e0 la souverainet\u00e9, d\u2019ing\u00e9rence inadmissible, de pr\u00e9c\u00e9dent dangereux. Le ton est outr\u00e9, presque offens\u00e9.<\/p>\n<p>Je souris en nouant la ficelle autour du r\u00f4ti. L\u2019indignation europ\u00e9enne a parfois la m\u00e9moire courte. Ceux qui se posent aujourd\u2019hui en victimes sont les m\u00eames qui, depuis des ann\u00e9es, pratiquent une censure id\u00e9ologique syst\u00e9matique, non seulement contre leurs propres ressortissants, mais aussi contre des \u00e9trangers jug\u00e9s infr\u00e9quentables. Il suffit d\u2019observer les r\u00e9seaux sociaux, les interdictions de conf\u00e9rences, les refus de visas, pour constater une constante, la plupart des personnes sanctionn\u00e9es se situent \u00e0 droite, hors du cercle des opinions autoris\u00e9es.<\/p>\n<p>L\u2019exemple de\u00a0<a href=\"https:\/\/www.breizh-info.com\/2025\/12\/05\/254432\/jared-taylor-et-nick-fuentes-deux-ameriques-qui-se-battent-a-fleurets-mouchetes\/\" target=\"_blank\" rel=\"noopener\">Jared Taylor<\/a>, fondateur d\u2019American Renaissance, me revient \u00e0 l\u2019esprit tandis que l\u2019eau commence \u00e0 fr\u00e9mir dans la marmite. Il fut interdit d\u2019entr\u00e9e dans l\u2019espace Schengen pour des raisons exclusivement id\u00e9ologiques, emp\u00each\u00e9 de participer \u00e0 une conf\u00e9rence, non parce qu\u2019il aurait commis un d\u00e9lit sur le sol europ\u00e9en, mais parce que ses id\u00e9es \u00e9taient jug\u00e9es inacceptables. Le m\u00eame m\u00e9canisme a frapp\u00e9\u00a0Renaud Camus, interdit d\u2019entr\u00e9e au Royaume-Uni, non pour un trouble \u00e0 l\u2019ordre public mat\u00e9riel, mais pour ce que les autorit\u00e9s appellent pudiquement le bien public, cette notion \u00e9lastique qui permet de sanctionner sans avoir \u00e0 d\u00e9montrer.<\/p>\n<p>Ces d\u00e9cisions, prises au nom de la lutte contre la haine, ne rel\u00e8vent pas du maintien de l\u2019ordre, mais de la protection d\u2019un ordre symbolique. Elles ne visent pas des actes, elles visent des paroles, des livres, des conf\u00e9rences, parfois m\u00eame des intentions suppos\u00e9es. Elles disent clairement que certaines id\u00e9es ne doivent pas circuler, m\u00eame paisiblement, m\u00eame dans le cadre d\u2019un d\u00e9bat. Et ce sont pr\u00e9cis\u00e9ment ces m\u00eames autorit\u00e9s qui crient aujourd\u2019hui \u00e0 l\u2019injustice lorsque les\u00a0\u00c9tats-Unis\u00a0d\u00e9cident, \u00e0 leur tour, de sanctionner des acteurs europ\u00e9ens impliqu\u00e9s dans la censure de citoyens am\u00e9ricains.<\/p>\n<p>Je baisse le feu sous la marmite. Le matambre doit cuire lentement, sans bouillir, sous peine de se durcir. L\u2019image me para\u00eet presque trop \u00e9vidente. L\u2019Union europ\u00e9enne et le Royaume-Uni d\u00e9couvrent soudain ce qu\u2019ils infligent depuis des ann\u00e9es, des mesures politiques d\u00e9guis\u00e9es en d\u00e9cisions administratives, des exclusions fond\u00e9es sur l\u2019id\u00e9ologie, non sur le droit commun. Leur indignation est d\u2019autant plus malvenue qu\u2019ils ont souvent justifi\u00e9 leurs propres interdictions par des arguments identiques \u00e0 ceux qu\u2019ils d\u00e9noncent aujourd\u2019hui.<\/p>\n<p><a href=\"https:\/\/www-breitbart-com.translate.goog\/europe\/2025\/12\/24\/u-s-sanctions-starmer-linked-radical-activist-ngo-boss-at-centre-of-censorship-scandal-against-breitbart\/?_x_tr_sl=en&amp;_x_tr_tl=fr&amp;_x_tr_hl=fr&amp;_x_tr_pto=sc\" target=\"_blank\" rel=\"noopener\">Je l\u2019\u00e9cris sans d\u00e9tour, je ne regrette qu\u2019une chose, c\u2019est que les \u00c9tats-Unis n\u2019aient sanctionn\u00e9 que cinq personnes.<\/a> L\u2019arsenal de la censure europ\u00e9enne est autrement plus vaste, et ses responsables autrement plus nombreux. Je le dis avec d\u2019autant plus de d\u00e9tachement que moi-m\u00eame, sans tambour ni trompette, j\u2019ai \u00e9t\u00e9 interdit d\u2019acc\u00e8s aux \u00c9tats-Unis par l\u2019administration de\u00a0Joe Biden. J\u2019ai appris cette d\u00e9cision comme on apprend une contrari\u00e9t\u00e9 bureaucratique de plus, sans col\u00e8re, mais sans illusion. La libert\u00e9 d\u2019expression n\u2019est jamais acquise, m\u00eame chez ceux qui pr\u00e9tendent l\u2019incarner.<\/p>\n<p>Lorsque je ferme la marmite et que je laisse le plat poursuivre sa lente transformation, je pense \u00e0 ce paradoxe de notre temps. L\u2019Europe, qui se veut le continent des droits et des libert\u00e9s, pratique une police des id\u00e9es de plus en plus tatillonne. Les \u00c9tats-Unis, qui sanctionnent aujourd\u2019hui, ont eux-m\u00eames leurs angles morts et leurs exclusions. Partout, le r\u00e9el g\u00eane. Partout, on pr\u00e9f\u00e8re faire taire ceux qui le nomment plut\u00f4t que de s\u2019y confronter.<\/p>\n<p>Le matambre sera pr\u00eat dans quelques heures. Il se mangera froid, en tranches nettes, r\u00e9v\u00e9lant la patience du geste initial. La politique, elle, continue de se nourrir de pr\u00e9cipitation et d\u2019hypocrisie. Entre deux tours de ficelle et un regard sur l\u2019\u00e9cran, je me dis que cuisiner reste l\u2019un des rares actes o\u00f9 l\u2019on peut encore respecter le temps long, sans d\u00e9cret, sans censure, sans indignation feinte.<\/p>\n<p>Balbino Katz<br \/>Chroniqueur des vents et des mar\u00e9es<br \/><a href=\"http:\/\/www.breizh-info.com\/cdn-cgi\/l\/email-protection#e082818c82898e8fce8b81949aa0908dce8d85\" target=\"_blank\" rel=\"noopener\">[email\u00a0protected]<\/a><\/p>\n<p>Cr\u00e9dit photo : DR (photo d\u2019illustration)<br \/>[cc] Article relu et corrig\u00e9 par ChatGPT. Breizh-info.com, 2025, d\u00e9p\u00eaches libres de copie et de diffusion sous r\u00e9serve de mention et de lien vers la source d\u2019origine<\/p>\n","protected":false},"excerpt":{"rendered":"Je suis dans ma cuisine, un matin de vent et de pluie fine, ce temps breton qui invite&hellip;\n","protected":false},"author":2,"featured_media":622709,"comment_status":"","ping_status":"","sticky":false,"template":"","format":"standard","meta":{"footnotes":""},"categories":[1586],"tags":[11,1777,674,1011,27,12,25,63209,364],"class_list":{"0":"post-622708","1":"post","2":"type-post","3":"status-publish","4":"format-standard","5":"has-post-thumbnail","7":"category-europe","8":"tag-actualites","9":"tag-eu","10":"tag-europe","11":"tag-fr","12":"tag-france","13":"tag-news","14":"tag-republique-francaise","15":"tag-taylor","16":"tag-union-europeenne"},"share_on_mastodon":{"url":"","error":""},"_links":{"self":[{"href":"https:\/\/www.europesays.com\/fr\/wp-json\/wp\/v2\/posts\/622708","targetHints":{"allow":["GET"]}}],"collection":[{"href":"https:\/\/www.europesays.com\/fr\/wp-json\/wp\/v2\/posts"}],"about":[{"href":"https:\/\/www.europesays.com\/fr\/wp-json\/wp\/v2\/types\/post"}],"author":[{"embeddable":true,"href":"https:\/\/www.europesays.com\/fr\/wp-json\/wp\/v2\/users\/2"}],"replies":[{"embeddable":true,"href":"https:\/\/www.europesays.com\/fr\/wp-json\/wp\/v2\/comments?post=622708"}],"version-history":[{"count":0,"href":"https:\/\/www.europesays.com\/fr\/wp-json\/wp\/v2\/posts\/622708\/revisions"}],"wp:featuredmedia":[{"embeddable":true,"href":"https:\/\/www.europesays.com\/fr\/wp-json\/wp\/v2\/media\/622709"}],"wp:attachment":[{"href":"https:\/\/www.europesays.com\/fr\/wp-json\/wp\/v2\/media?parent=622708"}],"wp:term":[{"taxonomy":"category","embeddable":true,"href":"https:\/\/www.europesays.com\/fr\/wp-json\/wp\/v2\/categories?post=622708"},{"taxonomy":"post_tag","embeddable":true,"href":"https:\/\/www.europesays.com\/fr\/wp-json\/wp\/v2\/tags?post=622708"}],"curies":[{"name":"wp","href":"https:\/\/api.w.org\/{rel}","templated":true}]}}