{"id":622710,"date":"2025-12-26T05:11:36","date_gmt":"2025-12-26T05:11:36","guid":{"rendered":"https:\/\/www.europesays.com\/fr\/622710\/"},"modified":"2025-12-26T05:11:36","modified_gmt":"2025-12-26T05:11:36","slug":"dominique-malonga-avoue-la-bascule-a-eu-lieu-quand-tony-parker-a-dit-ca-de-moi","status":"publish","type":"post","link":"https:\/\/www.europesays.com\/fr\/622710\/","title":{"rendered":"Dominique Malonga avoue : \u00ab\u00a0La bascule a eu lieu quand Tony Parker a dit \u00e7a de moi\u00a0\u00bb"},"content":{"rendered":"<p>\t\t\t\t<img width=\"1400\" height=\"800\" src=\"https:\/\/www.europesays.com\/fr\/wp-content\/uploads\/2025\/12\/nba-tony-parker-dominique-malonga.jpg\" class=\"attachment-full size-full wp-post-image\" alt=\"NBA Tony Parker et Dominique Malonga\" decoding=\"async\" fetchpriority=\"high\"  \/>\t\t\t\t<\/p>\n<p>\n\t\t\t\t\tSkweek (DR) \/ BeIN Sport (DR)\t\t\t\t<\/p>\n<p class=\"has-text-color has-small-font-size\" style=\"color:#747474\">Par <a href=\"https:\/\/www.parlons-basket.com\/biographie-auteur-joel-p\/\" target=\"_blank\" rel=\"noopener\">Jo\u00ebl P\u00fctz<\/a> |\u00a0Journaliste sportif<\/p>\n<p><strong><strong><strong>Grand espoir du basket-ball f\u00e9minin en France, Dominique Malonga a fait ses classes \u00e0 l\u2019ASVEL avant de traverser l\u2019Atlantique. Mais \u00e7a aurait pu se passer de mani\u00e8re tr\u00e8s diff\u00e9rente sans un \u00e9change fatidique avec Tony Parker, pr\u00e9sident du club\u2026<\/strong><\/strong><\/strong><\/p>\n<p>Tout comme l\u2019ann\u00e9e derni\u00e8re, la draft WNBA a vu d\u00e9barquer quelques \u00e9normes talents en 2025. Fait historique, Dallas a h\u00e9rit\u00e9 du first pick \u00e0 la fois en NBA et dans la ligue f\u00e9minine am\u00e9ricaine puisque c\u2019est le ph\u00e9nom\u00e8ne Paige Bueckers qui a rejoint les Wings, devenant instantan\u00e9ment leur nouvelle vitrine. Mais Seattle a \u00e9galement fait main basse sur un \u00e9norme prodige, en la personne de Dominique Malonga.<\/p>\n<p>S\u00e9lectionn\u00e9e en deuxi\u00e8me position par le Storm, la jeune Fran\u00e7ais y retrouve une compatriote en la personne de Gabby Williams. Elle incarne d\u00e9sormais l\u2019avenir de la franchise au m\u00eame titre que celui du basket f\u00e9minin en France, \u00e9tant accompagn\u00e9e d\u2019une \u00e9norme hype depuis quelques mois gr\u00e2ce \u00e0 ses prestations avec l\u2019ASVEL.<\/p>\n<p>Dominique Malonga pr\u00eate \u00e0 partir aux USA d\u00e8s 2019<\/p>\n<p>Ayant gagn\u00e9 en exp\u00e9rience professionnelle du c\u00f4t\u00e9 de Lyon-Villeurbanne, Malonga y a forc\u00e9ment c\u00f4toy\u00e9 un certain Tony Parker, pr\u00e9sident du club et toujours tr\u00e8s investi aupr\u00e8s des joueurs. C\u2019est d\u2019ailleurs lui qui l\u2019avait emp\u00each\u00e9 de partir aux \u00c9tats-Unis bien avant 2025, comme elle l\u2019a r\u00e9cemment confi\u00e9 en interview avec la First Team :<\/p>\n<p><\/p>\n<p>\t\t\t\tLire aussi<\/p>\n<p>\t\t<a class=\"next-post__link\" href=\"https:\/\/www.parlons-basket.com\/2025\/05\/07\/nba-thierry-henry-cash-sur-gregg-popovich-je-lui-demandais-toujours-ca-a-propos-de-tony-parker\/\" target=\"_blank\" rel=\"noopener\"><br \/>\nThierry Henry cash sur Gregg Popovich : \u00ab Je lui demandais toujours \u00e7a \u00e0 propos de Tony Parker \u00bb<br \/>\n<\/a><\/p>\n<p><\/p>\n<blockquote class=\"wp-block-quote is-layout-flow wp-block-quote-is-layout-flow\">\n<p>Au d\u00e9but je n\u2019\u00e9tais pas une mordue de basket, j\u2019\u00e9tais vraiment une nerd, on va dire. J\u2019adorais l\u2019\u00e9cole, j\u2019adorais les \u00e9tudes moi, je voulais faire des \u00e9tudes. Mon r\u00eave, c\u2019\u00e9tait de faire des \u00e9tudes \u00e0 Harvard, de base. Au d\u00e9but, je jouais au basket pour avoir une scholarship, pour aller \u00e0 Harvard. C\u2019\u00e9tait \u00e7a mon r\u00eave. Et puis apr\u00e8s, en fait, plus j\u2019avance dans le basket, plus je vois que \u00e7a fonctionne et je me dis : \u00ab\u00a0Ah bah en fait\u2026\u00a0\u00bb<\/p>\n<\/blockquote>\n<blockquote class=\"wp-block-quote is-layout-flow wp-block-quote-is-layout-flow\">\n<p>Parce qu\u2019en vrai moi, je voulais aux \u00c9tats-Unis, vraiment, vraiment. Je voulais aller en NCAA, du coup \u00e0 Harvard, et il y a eu le covid. Apr\u00e8s, je suis repartie \u00e0 l\u2019INSEP et en fait, cette ann\u00e9e-l\u00e0, j\u2019ai fait une plut\u00f4t bonne saison \u00e0 l\u2019INSEP et Tony Parker me contacte. Il dit : \u00ab\u00a0Bon bah elle, elle peut jouer pro d\u00e8s maintenant. Elle vient \u00e0 l\u2019ASVEL.\u00a0\u00bb Et en fait \u00e7a a \u00e9t\u00e9 \u00e7a, la bascule vraiment de tout. <\/p>\n<\/blockquote>\n<blockquote class=\"wp-block-quote is-layout-flow wp-block-quote-is-layout-flow\">\n<p>J\u2019ai dit : \u00ab\u00a0Bah oui, ok, allons \u00e0 l\u2019ASVEL !\u00a0\u00bb Et en fait de l\u00e0 j\u2019ai dit : \u00ab\u00a0bah non, l\u00e0 je reste en pro, c\u2019est fini.\u00a0\u00bb Apr\u00e8s j\u2019ai encore eu l\u2019opportunit\u00e9 de repartir en NCAA \u00e0 Stanford, sauf que j\u2019\u00e9tais l\u00e0 : \u00ab\u00a0Non, je veux vraiment rester en pro finalement.\u00a0\u00bb Parce que j\u2019ai pris go\u00fbt \u00e0 \u00e7a. Donc c\u2019est un peu \u00e7a mon histoire, comment j\u2019arrive en pro, comment je me professionnalise et je suis tr\u00e8s, tr\u00e8s contente d\u2019avoir cette voie.<\/p>\n<\/blockquote>\n","protected":false},"excerpt":{"rendered":"Skweek (DR) \/ BeIN Sport (DR) Par Jo\u00ebl P\u00fctz |\u00a0Journaliste sportif Grand espoir du basket-ball f\u00e9minin en France,&hellip;\n","protected":false},"author":2,"featured_media":622711,"comment_status":"","ping_status":"","sticky":false,"template":"","format":"standard","meta":{"footnotes":""},"categories":[1586],"tags":[11,2190,49079,1777,674,1779,1011,27,2182,12,25,73197,19370,1778,364,73198],"class_list":{"0":"post-622710","1":"post","2":"type-post","3":"status-publish","4":"format-standard","5":"has-post-thumbnail","7":"category-europe","8":"tag-actualites","9":"tag-asvel","10":"tag-dominique-malonga","11":"tag-eu","12":"tag-europe","13":"tag-european-union","14":"tag-fr","15":"tag-france","16":"tag-nba","17":"tag-news","18":"tag-republique-francaise","19":"tag-seattle-storm","20":"tag-tony-parker","21":"tag-ue","22":"tag-union-europeenne","23":"tag-wnba"},"share_on_mastodon":{"url":"https:\/\/pubeurope.com\/@fr\/115784154838410568","error":""},"_links":{"self":[{"href":"https:\/\/www.europesays.com\/fr\/wp-json\/wp\/v2\/posts\/622710","targetHints":{"allow":["GET"]}}],"collection":[{"href":"https:\/\/www.europesays.com\/fr\/wp-json\/wp\/v2\/posts"}],"about":[{"href":"https:\/\/www.europesays.com\/fr\/wp-json\/wp\/v2\/types\/post"}],"author":[{"embeddable":true,"href":"https:\/\/www.europesays.com\/fr\/wp-json\/wp\/v2\/users\/2"}],"replies":[{"embeddable":true,"href":"https:\/\/www.europesays.com\/fr\/wp-json\/wp\/v2\/comments?post=622710"}],"version-history":[{"count":0,"href":"https:\/\/www.europesays.com\/fr\/wp-json\/wp\/v2\/posts\/622710\/revisions"}],"wp:featuredmedia":[{"embeddable":true,"href":"https:\/\/www.europesays.com\/fr\/wp-json\/wp\/v2\/media\/622711"}],"wp:attachment":[{"href":"https:\/\/www.europesays.com\/fr\/wp-json\/wp\/v2\/media?parent=622710"}],"wp:term":[{"taxonomy":"category","embeddable":true,"href":"https:\/\/www.europesays.com\/fr\/wp-json\/wp\/v2\/categories?post=622710"},{"taxonomy":"post_tag","embeddable":true,"href":"https:\/\/www.europesays.com\/fr\/wp-json\/wp\/v2\/tags?post=622710"}],"curies":[{"name":"wp","href":"https:\/\/api.w.org\/{rel}","templated":true}]}}