{"id":622727,"date":"2025-12-26T05:28:14","date_gmt":"2025-12-26T05:28:14","guid":{"rendered":"https:\/\/www.europesays.com\/fr\/622727\/"},"modified":"2025-12-26T05:28:14","modified_gmt":"2025-12-26T05:28:14","slug":"ahmed-sylla-35-ans-papa-dune-petite-fille-que-sait-on-de-sa-vie-amoureuse-ultra-secrete","status":"publish","type":"post","link":"https:\/\/www.europesays.com\/fr\/622727\/","title":{"rendered":"Ahmed Sylla (35 ans) papa d&rsquo;une petite fille : que sait-on de sa vie amoureuse ultra secr\u00e8te ?"},"content":{"rendered":"<p data-start=\"300\" data-end=\"895\">\u00c0 35 ans, Ahmed Sylla encha\u00eene<br \/>\nles projets au cin\u00e9ma, \u00e0 la t\u00e9l\u00e9vision et sur sc\u00e8ne avec ses<br \/>\nspectacles. Pourtant, derri\u00e8re les projecteurs, l\u2019humoriste m\u00e8ne<br \/>\nune existence beaucoup plus discr\u00e8te, loin des r\u00e9seaux sociaux et<br \/>\ndes confidences people. Une discr\u00e9tion d\u2019autant plus intrigante<br \/>\n<strong>qu\u2019Ahmed Sylla est papa d\u2019une petite fille<\/strong>, un<br \/>\nfait qu\u2019il n\u00a0\u00bba \u00e9voqu\u00e9 publiquement qu&rsquo;une seule fois, malgr\u00e9 lui,<br \/>\ndans une \u00e9mission de t\u00e9l\u00e9vision.<\/p>\n<p data-start=\"300\" data-end=\"895\">Jusqu&rsquo;en 2017 sur le plateau de<br \/>\nTouche pas \u00e0 mon poste<br \/>\nquand <a href=\"https:\/\/www.grazia.fr\/people\/cyril-hanouna-a-quoi-ressemble-sa-villa-moderne-au-style-californien-situee-a-st-tropez-1188346.html\" rel=\"noopener\" target=\"_blank\">Cyril Hanouna<\/a> <strong>lui avait demand\u00e9 en<br \/>\ndirect,<\/strong> <strong>\u00ab\u00a0vous avez des enfants<br \/>\n?\u00a0\u00bb<\/strong>. Mal \u00e0 l&rsquo;aise et surpris, Ahmed Sylla avait d\u00fb<br \/>\ndire la v\u00e9rit\u00e9, \u00ab\u00a0oui, j\u2019ai une fille\u00a0\u00bb. Une r\u00e9ponse qui<br \/>\navait marqu\u00e9 les t\u00e9l\u00e9spectateurs, tant l\u2019humoriste semblait<br \/>\nd\u00e9stabilis\u00e9 par cette intrusion dans sa sph\u00e8re intime.<\/p>\n<p>La paternit\u00e9 d&rsquo;Ahmed Sylla<br \/>\nout\u00e9e par Cyril Hanouna dans Touche pas \u00e0 mon<br \/>\nposte\u00a0<\/p>\n<p data-start=\"1332\" data-end=\"1728\">Et pour cause ! Pas de photo,<br \/>\npas d\u2019anecdote attendrissante, pas m\u00eame une indication <strong>sur<br \/>\nl\u2019\u00e2ge ou le pr\u00e9nom de sa fille<\/strong> n&rsquo;a jamais \u00e9t\u00e9 communiqu\u00e9<br \/>\npar le comique et com\u00e9dien. D&rsquo;ailleurs, le public n&rsquo;\u00e9tait m\u00eame pas<br \/>\nau courant qu&rsquo;il \u00e9tait papa.<\/p>\n<p data-start=\"1332\" data-end=\"1728\">Interrog\u00e9 par la suite par<br \/>\nPurepeople sur cette<br \/>\ns\u00e9quence, <strong>il avait tenu \u00e0 clarifier sa r\u00e9action.<\/strong><br \/>\n\u00ab\u00a0C\u2019est la seule partie de ma vie que, pour l\u2019instant, je garde<br \/>\npour moi. J\u2019en parle tr\u00e8s rarement, donc apr\u00e8s il (Cyril Hanouna)<br \/>\ns\u2019est excus\u00e9 parce qu\u2019il sait que je ne parle pas de ma vie<br \/>\npriv\u00e9e\u00a0\u00bb, avait-il expliqu\u00e9.<\/p>\n<p><img decoding=\"async\" src=\"https:\/\/www.europesays.com\/fr\/wp-content\/uploads\/2025\/12\/1766726894_980_hqdefault.jpg\" width=\"100%\" height=\"auto\"\/><\/p>\n<p>En<br \/>\ncouple, mari\u00e9, s\u00e9par\u00e9 ? Que sait-on de la vie amoureuse d\u2019Ahmed<br \/>\nSylla ?<\/p>\n<p data-start=\"2202\" data-end=\"2604\">Cette discr\u00e9tion extr\u00eame<br \/>\nautour de sa fille nourrit in\u00e9vitablement les interrogations sur sa<br \/>\nvie amoureuse. <strong>Qui est la maman de l\u2019enfant ?<\/strong><br \/>\nAhmed Sylla est-il <a href=\"https:\/\/www.grazia.fr\/people\/sebastien-lecornu-premier-ministre-couple-1185579.html\" rel=\"noopener\" target=\"_blank\">en couple ? Mari\u00e9 ? S\u00e9par\u00e9 ?<\/a> Autant de questions<br \/>\nauxquelles l\u2019humoriste n\u2019a jamais r\u00e9pondu publiquement. \u00c0 ce jour,<br \/>\nil ne s\u2019est jamais affich\u00e9 avec une compagne lors d\u2019\u00e9v\u00e9nements<br \/>\nofficiels, ni sur les tapis rouges, ni sur les r\u00e9seaux sociaux.<\/p>\n<p data-start=\"2606\" data-end=\"3073\">En 2023, lors d\u2019une interview<br \/>\naccord\u00e9e \u00e0 <a href=\"https:\/\/www.grazia.fr\/mode\/looks-de-stars\/audrey-crespo-mara-49-ans-nous-donne-une-lecon-de-chic-exemplaire-en-tailleur-noir-cest-la-valeur-sure-elegante-a-nimporte-quel-age-1197184.html\" rel=\"noopener\" target=\"_blank\">Audrey Crespo-Mara<\/a> dans Sept \u00e0 huit, l\u2019artiste avait toutefois accept\u00e9<br \/>\nd\u2019aborder <strong>un sujet souvent comment\u00e9 : sa<br \/>\nsexualit\u00e9.<\/strong> Ahmed Sylla avait tenu \u00e0 couper court \u00e0<br \/>\ncertaines questions, \u00ab\u00a0je ne me pose tellement pas de questions<br \/>\nsur ma sexualit\u00e9 que j\u2019ai rien besoin de refouler.\u00a0Je sais que<br \/>\nje suis h\u00e9t\u00e9ro, je sais que j\u2019aime les femmes\u2026\u00a0\u00c7a peut \u00eatre<br \/>\ntr\u00e8s bizarre, m\u00eame pour mes parents. Au d\u00e9but, c\u2019\u00e9tait tr\u00e8s bizarre<br \/>\n: \u2018Est-ce qu\u2019il essaie de nous faire passer un message ? Est-ce<br \/>\nqu\u2019il veut nous dire quelque chose ?\u00a0\u00bb.<\/p>\n","protected":false},"excerpt":{"rendered":"\u00c0 35 ans, Ahmed Sylla encha\u00eene les projets au cin\u00e9ma, \u00e0 la t\u00e9l\u00e9vision et sur sc\u00e8ne avec ses&hellip;\n","protected":false},"author":2,"featured_media":622728,"comment_status":"","ping_status":"","sticky":false,"template":"","format":"standard","meta":{"footnotes":""},"categories":[1359],"tags":[58,59,1011,27,973,729],"class_list":{"0":"post-622727","1":"post","2":"type-post","3":"status-publish","4":"format-standard","5":"has-post-thumbnail","7":"category-people","8":"tag-divertissement","9":"tag-entertainment","10":"tag-fr","11":"tag-france","12":"tag-people","13":"tag-yout_video"},"share_on_mastodon":{"url":"https:\/\/pubeurope.com\/@fr\/115784221836089635","error":""},"_links":{"self":[{"href":"https:\/\/www.europesays.com\/fr\/wp-json\/wp\/v2\/posts\/622727","targetHints":{"allow":["GET"]}}],"collection":[{"href":"https:\/\/www.europesays.com\/fr\/wp-json\/wp\/v2\/posts"}],"about":[{"href":"https:\/\/www.europesays.com\/fr\/wp-json\/wp\/v2\/types\/post"}],"author":[{"embeddable":true,"href":"https:\/\/www.europesays.com\/fr\/wp-json\/wp\/v2\/users\/2"}],"replies":[{"embeddable":true,"href":"https:\/\/www.europesays.com\/fr\/wp-json\/wp\/v2\/comments?post=622727"}],"version-history":[{"count":0,"href":"https:\/\/www.europesays.com\/fr\/wp-json\/wp\/v2\/posts\/622727\/revisions"}],"wp:featuredmedia":[{"embeddable":true,"href":"https:\/\/www.europesays.com\/fr\/wp-json\/wp\/v2\/media\/622728"}],"wp:attachment":[{"href":"https:\/\/www.europesays.com\/fr\/wp-json\/wp\/v2\/media?parent=622727"}],"wp:term":[{"taxonomy":"category","embeddable":true,"href":"https:\/\/www.europesays.com\/fr\/wp-json\/wp\/v2\/categories?post=622727"},{"taxonomy":"post_tag","embeddable":true,"href":"https:\/\/www.europesays.com\/fr\/wp-json\/wp\/v2\/tags?post=622727"}],"curies":[{"name":"wp","href":"https:\/\/api.w.org\/{rel}","templated":true}]}}