{"id":622729,"date":"2025-12-26T05:29:36","date_gmt":"2025-12-26T05:29:36","guid":{"rendered":"https:\/\/www.europesays.com\/fr\/622729\/"},"modified":"2025-12-26T05:29:36","modified_gmt":"2025-12-26T05:29:36","slug":"le-louvre-renforce-sa-securite-avec-une-grille-apres-le-vol-de-bijoux","status":"publish","type":"post","link":"https:\/\/www.europesays.com\/fr\/622729\/","title":{"rendered":"Le Louvre renforce sa s\u00e9curit\u00e9 avec une grille apr\u00e8s le vol de bijoux"},"content":{"rendered":"<p>Publi\u00e923. d\u00e9cembre 2025, 11:54<\/p>\n<p>S\u00e9curit\u00e9 du mus\u00e9e: Deux mois apr\u00e8s, le Louvre installe&#8230; une grille sur la fen\u00eatre<\/p>\n<p>Une grille de protection a \u00e9t\u00e9 install\u00e9e sur la porte-fen\u00eatre de la galerie d\u2019Apollon du Louvre, emprunt\u00e9e par les cambrioleurs lors du spectaculaire vol du 19 octobre.<\/p>\n<p><img loading=\"lazy\" decoding=\"async\" src=\"https:\/\/www.europesays.com\/fr\/wp-content\/uploads\/2025\/12\/f923f621-f42d-4201-a58b-c981ad3fe492.jpg\" alt=\"En d\u00e9but de matin\u00e9e, des ouvriers install\u00e9s sur un balcon ont r\u00e9ceptionn\u00e9 une imposante grille mont\u00e9e par un camion-nacelle pour la fixer sur la porte-fen\u00eatre.\" title=\"En d\u00e9but de matin\u00e9e, des ouvriers install\u00e9s sur un balcon ont r\u00e9ceptionn\u00e9 une imposante grille mont\u00e9e par un camion-nacelle pour la fixer sur la porte-fen\u00eatre.\"  width=\"770\" height=\"513\"\/><\/p>\n<p>En d\u00e9but de matin\u00e9e, des ouvriers install\u00e9s sur un balcon ont r\u00e9ceptionn\u00e9 une imposante grille mont\u00e9e par un camion-nacelle pour la fixer sur la porte-fen\u00eatre.<\/p>\n<p>AFP<\/p>\n<p>Une grille de protection a \u00e9t\u00e9 install\u00e9e, mardi matin, sur la porte-fen\u00eatre de la galerie d\u2019Apollon du Louvre, emprunt\u00e9e par les cambrioleurs lors du spectaculaire vol de bijoux du 19 octobre, a constat\u00e9 un journaliste de l\u2019AFP. \u00abC\u2019est l\u2019une des mesures d\u2019urgence d\u00e9cid\u00e9es apr\u00e8s le vol\u202f\u00bb, a indiqu\u00e9 \u00e0 l\u2019AFP Francis Steinbock, administrateur g\u00e9n\u00e9ral adjoint du mus\u00e9e. En d\u00e9but de matin\u00e9e, des ouvriers install\u00e9s sur un balcon ont r\u00e9ceptionn\u00e9 une imposante grille mont\u00e9e par un camion-nacelle pour la fixer sur la porte-fen\u00eatre. \u00abNous avions pris l\u2019engagement de le faire avant la fin de l\u2019ann\u00e9e\u00bb, a ajout\u00e9 le responsable, pr\u00e9cisant que l\u2019op\u00e9ration avait \u00e9t\u00e9 pilot\u00e9e par Fran\u00e7ois Ch\u00e2tillon, l\u2019architecte en chef des monuments historiques du Louvre.<\/p>\n<p>Des \u00abr\u00e9flexions\u00bb sont en cours concernant la \u00abs\u00e9curisation sur les autres fen\u00eatres\u00bb, a-t-il poursuivi. La pr\u00e9sidente du Louvre, Laurence des Cars, avait assur\u00e9 la semaine derni\u00e8re devant les s\u00e9nateurs qu\u2019une grille serait repos\u00e9e \u00abavant No\u00ebl\u00bb. Elle avait pr\u00e9cis\u00e9 que la pr\u00e9c\u00e9dente avait \u00e9t\u00e9 retir\u00e9e en 2003-2004, lors d\u2019importants travaux de restauration de la galerie d\u2019Apollon.<\/p>\n<p>Un poste de police<\/p>\n<p>Comme annonc\u00e9, un poste de police mobile est d\u00e9sormais d\u00e9ploy\u00e9 dans la cour Napol\u00e9on. \u00abIl sera pr\u00e9sent pendant toute la p\u00e9riode des f\u00eates de fin d\u2019ann\u00e9e ainsi que lors des pics de fr\u00e9quentation\u202f\u00bb, a confirm\u00e9 M. Steinbock. Autre chantier majeur: le renforcement de la vid\u00e9osurveillance sur les fa\u00e7ades du palais. \u00abNous avons annonc\u00e9 un dispositif d\u2019une centaine de cam\u00e9ras positionn\u00e9es autour du palais. Le march\u00e9 a \u00e9t\u00e9 sign\u00e9 et l\u2019installation pourra d\u00e9buter tout au long de l\u2019ann\u00e9e 2026\u202f\u00bb, a-t-il pr\u00e9cis\u00e9. La semaine derni\u00e8re, le Louvre avait \u00e9galement annonc\u00e9 l\u2019ach\u00e8vement de la mise en place de dispositifs anti-intrusion autour du mus\u00e9e.<\/p>\n<p>Le 19 octobre, quatre malfaiteurs ont r\u00e9ussi \u00e0 approcher le b\u00e2timent en camion-\u00e9l\u00e9vateur et \u00e0 hisser deux d\u2019entre eux jusqu\u2019\u00e0 la galerie d\u2019Apollon gr\u00e2ce \u00e0 une nacelle. Apr\u00e8s avoir d\u00e9coup\u00e9 une fen\u00eatre \u00e0 la disqueuse, ils avaient d\u00e9rob\u00e9 huit joyaux de la Couronne de France.  Le butin, estim\u00e9 \u00e0 88\u202fmillions d\u2019euros, reste introuvable. Depuis, la s\u00e9curit\u00e9 du mus\u00e9e le plus visit\u00e9 au monde se retrouve au c\u0153ur des critiques, le braquage ayant r\u00e9v\u00e9l\u00e9 une s\u00e9rie de d\u00e9faillances.<\/p>\n<p>Les voleurs auraient pu \u00eatre stopp\u00e9s \u00ab\u00e0 30 secondes pr\u00e8s\u00bb, a notamment estim\u00e9 mi-d\u00e9cembre No\u00ebl Corbin, chef de l\u2019Inspection g\u00e9n\u00e9rale des affaires culturelles (Igac).<\/p>\n<p>Tu nous suis d\u00e9j\u00e0 sur WhatsApp?<\/p>\n<p>Abonne-toi \u00e0 notre cha\u00eene, active la petite \ud83d\udd14 et tu recevras un <strong>r\u00e9cap de l&rsquo;actu<\/strong> chaque jour en <strong>d\u00e9but de soir\u00e9e<\/strong>.<\/p>\n<p>(afp\/nc)<\/p>\n","protected":false},"excerpt":{"rendered":"Publi\u00e923. d\u00e9cembre 2025, 11:54 S\u00e9curit\u00e9 du mus\u00e9e: Deux mois apr\u00e8s, le Louvre installe&#8230; une grille sur la fen\u00eatre&hellip;\n","protected":false},"author":2,"featured_media":622730,"comment_status":"","ping_status":"","sticky":false,"template":"","format":"standard","meta":{"footnotes":""},"categories":[1358],"tags":[1348,1384,1385,1386,58,59,1011,27],"class_list":{"0":"post-622729","1":"post","2":"type-post","3":"status-publish","4":"format-standard","5":"has-post-thumbnail","7":"category-arts-et-design","8":"tag-arts","9":"tag-arts-and-design","10":"tag-arts-et-design","11":"tag-design","12":"tag-divertissement","13":"tag-entertainment","14":"tag-fr","15":"tag-france"},"share_on_mastodon":{"url":"https:\/\/pubeurope.com\/@fr\/115784225501526837","error":""},"_links":{"self":[{"href":"https:\/\/www.europesays.com\/fr\/wp-json\/wp\/v2\/posts\/622729","targetHints":{"allow":["GET"]}}],"collection":[{"href":"https:\/\/www.europesays.com\/fr\/wp-json\/wp\/v2\/posts"}],"about":[{"href":"https:\/\/www.europesays.com\/fr\/wp-json\/wp\/v2\/types\/post"}],"author":[{"embeddable":true,"href":"https:\/\/www.europesays.com\/fr\/wp-json\/wp\/v2\/users\/2"}],"replies":[{"embeddable":true,"href":"https:\/\/www.europesays.com\/fr\/wp-json\/wp\/v2\/comments?post=622729"}],"version-history":[{"count":0,"href":"https:\/\/www.europesays.com\/fr\/wp-json\/wp\/v2\/posts\/622729\/revisions"}],"wp:featuredmedia":[{"embeddable":true,"href":"https:\/\/www.europesays.com\/fr\/wp-json\/wp\/v2\/media\/622730"}],"wp:attachment":[{"href":"https:\/\/www.europesays.com\/fr\/wp-json\/wp\/v2\/media?parent=622729"}],"wp:term":[{"taxonomy":"category","embeddable":true,"href":"https:\/\/www.europesays.com\/fr\/wp-json\/wp\/v2\/categories?post=622729"},{"taxonomy":"post_tag","embeddable":true,"href":"https:\/\/www.europesays.com\/fr\/wp-json\/wp\/v2\/tags?post=622729"}],"curies":[{"name":"wp","href":"https:\/\/api.w.org\/{rel}","templated":true}]}}