{"id":622735,"date":"2025-12-26T05:34:34","date_gmt":"2025-12-26T05:34:34","guid":{"rendered":"https:\/\/www.europesays.com\/fr\/622735\/"},"modified":"2025-12-26T05:34:34","modified_gmt":"2025-12-26T05:34:34","slug":"folktales-ce-doc-inspirant-suit-des-adolescents-du-monde-entier-qui-deviennent-adultes-dans-le-grand-nord","status":"publish","type":"post","link":"https:\/\/www.europesays.com\/fr\/622735\/","title":{"rendered":"\u00ab\u00a0Folktales\u00a0\u00bb\u00a0: ce doc inspirant suit des adolescents du monde entier qui deviennent adultes dans le Grand Nord"},"content":{"rendered":"<p><a href=\"https:\/\/www.lalibre.be\/culture\/cinema\/\" target=\"_self\" class=\"ap-StoryInterstitialLink ap-StoryElement ap-StoryElement--mb js-paywall-target\" rel=\"noopener\">Toutes nos critiques \u00ab\u00a0cin\u00e9\u00a0\u00bb<\/a><\/p>\n<p class=\"ap-StoryElement ap-StoryElement--mb ap-StoryText\">Inspir\u00e9 par la mythologie nordique, Folktales suit trois d&rsquo;entre eux : les Norv\u00e9giens Helge et Bjorn et le Hollandais Romain. Tous arrivent \u00e0 Pasvik avec un vrai manque de confiance en eux. Comment sortiront-ils de cette aventure nordique ?<\/p>\n<p>Documentaire inspirant<\/p>\n<p class=\"ap-StoryElement ap-StoryElement--mb ap-StoryText\">Documentaristes am\u00e9ricaines, Heidi Ewing et Rachel Grady avaient \u00e9t\u00e9 rep\u00e9r\u00e9es d\u00e8s leur deuxi\u00e8me film, l&rsquo;impressionnant Jesus Camp en 2016. Nomm\u00e9 \u00e0 l&rsquo;oscar du meilleur documentaire, celui-ci d\u00e9crivait le quotidien dans un camp pour enfants \u00e9vang\u00e9liques n\u00e9o-charismatiques dans le Dakota du Nord. Deux d\u00e9cennies plus tard, elles s&rsquo;int\u00e9ressent \u00e0 nouveau \u00e0 l&rsquo;\u00e9ducation, mais cette fois en \u00e9tant en totale empathie avec cette exp\u00e9rience norv\u00e9gienne pas banale. O\u00f9 se m\u00ealent croyances anciennes, pratiques traditionnelles et une p\u00e9dagogie formant ces jeunes \u00e0 l&rsquo;autonomie et \u00e0 la vie en commun. Avec, comme m\u00e9taphore, celle de la meute de ces magnifiques chiens de tra\u00eeneau avec lesquels les \u00e9l\u00e8ves nouent de profonds liens.<\/p>\n<p><a href=\"https:\/\/www.lalibre.be\/culture\/2025\/12\/17\/born-to-be-wild-ce-documentaire-animalier-va-vous-faire-fondre-4KC63P5VXZEY5FBWJCG7PEZIRI\/\" target=\"_self\" class=\"ap-StoryInterstitialLink ap-StoryElement ap-StoryElement--mb\" rel=\"noopener\">\u00ab\u00a0Born to be wild\u00a0\u00bb : ce documentaire animalier va vous faire fondre<\/a><\/p>\n<p class=\"ap-StoryElement ap-StoryElement--mb ap-StoryText\">Mis en sc\u00e8ne de fa\u00e7on sensuelle \u2014 notamment quand les cin\u00e9astes illustrent la l\u00e9gende des trois Nornes tissant les fils du destin \u2014, Folktales est un documentaire inspirant, qui propose une belle r\u00e9flexion sur le passage \u00e0 l&rsquo;\u00e2ge adulte, o\u00f9 modernit\u00e9 et tradition se compl\u00e8tent. Et qui donnera peut-\u00eatre des id\u00e9es aux jeunes spectateurs\u2026<\/p>\n<p><img loading=\"lazy\" decoding=\"async\" class=\"w-full lazyload lazyload--opacity object-contain\" style=\"aspect-ratio:178 \/ 100;opacity:1\" alt=\"&quot;Folktales&quot;, documentaire sign\u00e9 Heidi Ewing et Rachel Grady, part \u00e0 la rencontre de Helge, Bjorn et Romain.\" width=\"768\" height=\"432\" fetchpriority=\"auto\" src=\"https:\/\/www.europesays.com\/fr\/wp-content\/uploads\/2025\/12\/1765951754_589_S5VKD3X55FFF3BW6V4SEHXNP7I.png\"  data- data-optimumx=\"1\"\/>Au contact des chiens de tra\u00eeneau, les adolescents cr\u00e9ent de profonds liens et apprennent le sens de la responsabilit\u00e9. \u00a9Cherry Pickers<img loading=\"lazy\" decoding=\"async\" class=\"w-full lazyload lazyload--opacity object-contain\" style=\"aspect-ratio:70 \/ 100;opacity:1\" alt=\"&quot;Folktales&quot;, documentaire sign\u00e9 Heidi Ewing et Rachel Grady, part \u00e0 la rencontre de Helge, Bjorn et Romain.\" width=\"768\" height=\"1097\" fetchpriority=\"auto\" src=\"https:\/\/www.europesays.com\/fr\/wp-content\/uploads\/2025\/12\/1765951754_589_S5VKD3X55FFF3BW6V4SEHXNP7I.png\"  data- data-optimumx=\"1\"\/> \u00a9Cherry PickersFolktales<\/p>\n<p class=\"ap-StoryElement ap-StoryElement--mb ap-StoryText\">Documentaire <b>De<\/b> Heidi Ewing et Rachel Grady <b>Photographie<\/b> Lars Erlend Tubaas \u00d8ymo <b>Musique<\/b> T. Griffin <b>Montage<\/b> Nathan Punwar <b>Dur\u00e9e<\/b> 1h45<\/p>\n","protected":false},"excerpt":{"rendered":"Toutes nos critiques \u00ab\u00a0cin\u00e9\u00a0\u00bb Inspir\u00e9 par la mythologie nordique, Folktales suit trois d&rsquo;entre eux : les Norv\u00e9giens Helge&hellip;\n","protected":false},"author":2,"featured_media":622736,"comment_status":"","ping_status":"","sticky":false,"template":"","format":"standard","meta":{"footnotes":""},"categories":[1354],"tags":[26131,27755,58,59,1346,1011,27,1360,132],"class_list":{"0":"post-622735","1":"post","2":"type-post","3":"status-publish","4":"format-standard","5":"has-post-thumbnail","7":"category-films","8":"tag-brief","9":"tag-ddh","10":"tag-divertissement","11":"tag-entertainment","12":"tag-films","13":"tag-fr","14":"tag-france","15":"tag-movies","16":"tag-russie"},"share_on_mastodon":{"url":"https:\/\/pubeurope.com\/@fr\/115784245998358197","error":""},"_links":{"self":[{"href":"https:\/\/www.europesays.com\/fr\/wp-json\/wp\/v2\/posts\/622735","targetHints":{"allow":["GET"]}}],"collection":[{"href":"https:\/\/www.europesays.com\/fr\/wp-json\/wp\/v2\/posts"}],"about":[{"href":"https:\/\/www.europesays.com\/fr\/wp-json\/wp\/v2\/types\/post"}],"author":[{"embeddable":true,"href":"https:\/\/www.europesays.com\/fr\/wp-json\/wp\/v2\/users\/2"}],"replies":[{"embeddable":true,"href":"https:\/\/www.europesays.com\/fr\/wp-json\/wp\/v2\/comments?post=622735"}],"version-history":[{"count":0,"href":"https:\/\/www.europesays.com\/fr\/wp-json\/wp\/v2\/posts\/622735\/revisions"}],"wp:featuredmedia":[{"embeddable":true,"href":"https:\/\/www.europesays.com\/fr\/wp-json\/wp\/v2\/media\/622736"}],"wp:attachment":[{"href":"https:\/\/www.europesays.com\/fr\/wp-json\/wp\/v2\/media?parent=622735"}],"wp:term":[{"taxonomy":"category","embeddable":true,"href":"https:\/\/www.europesays.com\/fr\/wp-json\/wp\/v2\/categories?post=622735"},{"taxonomy":"post_tag","embeddable":true,"href":"https:\/\/www.europesays.com\/fr\/wp-json\/wp\/v2\/tags?post=622735"}],"curies":[{"name":"wp","href":"https:\/\/api.w.org\/{rel}","templated":true}]}}