{"id":622737,"date":"2025-12-26T05:35:17","date_gmt":"2025-12-26T05:35:17","guid":{"rendered":"https:\/\/www.europesays.com\/fr\/622737\/"},"modified":"2025-12-26T05:35:17","modified_gmt":"2025-12-26T05:35:17","slug":"bourgogne-franche-comte-grippe-et-bronchiolite-sinvitent-pour-les-fetes","status":"publish","type":"post","link":"https:\/\/www.europesays.com\/fr\/622737\/","title":{"rendered":"Bourgogne-Franche-Comt\u00e9. Grippe et bronchiolite s\u2019invitent pour les f\u00eates"},"content":{"rendered":"<p>Fi\u00e8vre, frissons, toux, douleurs articulaires et musculaires, fatigue\u2026 Peut-\u00eatre les cons\u00e9quences d\u2019un r\u00e9veillon de No\u00ebl intens\u00e9ment c\u00e9l\u00e9br\u00e9, plus probablement le signe que la grippe s\u2019est invit\u00e9e pour g\u00e2cher la f\u00eate. En Bourgogne-Franche-Comt\u00e9, comme partout en France, la circulation du virus est <a href=\"https:\/\/www.bienpublic.com\/sante\/2025\/12\/22\/un-pic-attendu-pour-les-fetes-la-grippe-va-t-elle-gacher-noel\" target=\"_blank\" rel=\"noopener\">en augmentation ces derniers jours<\/a> , le pic \u00e9tant attendu entre le 22\u00a0d\u00e9cembre et le 4\u00a0janvier.<\/p>\n<p>Alors que le pays est entr\u00e9 dans la troisi\u00e8me semaine d\u2019\u00e9pid\u00e9mie, Sant\u00e9 Publique France note une \u00ab\u00a0activit\u00e9 en nette augmentation aux urgences et en ville\u00a0\u00bb dans la r\u00e9gion, anticipant une hausse de 4\u00a0% des passages aux urgences d\u2019ici le d\u00e9but d\u2019ann\u00e9e 2026. Du c\u00f4t\u00e9 de SOS M\u00e9decins, l\u2019activit\u00e9 li\u00e9e \u00e0 la grippe \u00ab\u00a0augmente fortement de 14,3\u00a0%\u00a0\u00bb, souligne \u00e9galement l\u2019organisme, soit des valeurs proches de celles observ\u00e9es l\u2019hiver dernier.<\/p>\n<p>  Bronchiolite\u00a0: +\u00a019,7\u00a0%<\/p>\n<p>Chez les plus petits, la bronchiolite continue aussi de mobiliser les services de sant\u00e9. \u00ab\u00a0L\u2019activit\u00e9 chez les moins de 1 an parmi les passages aux urgences poursuit son augmentation\u00a0\u00bb, rel\u00e8ve Sant\u00e9 Publique France dans son dernier bulletin publi\u00e9 le 24\u00a0d\u00e9cembre, \u00e9voquant une hausse de 19,7\u00a0% dans la r\u00e9gion.<\/p>\n<p>Dans ce contexte de <a href=\"https:\/\/www.bienpublic.com\/magazine-sante\/2025\/12\/17\/pourquoi-tombons-nous-malades-en-hiver-tout-se-jouerait-dans-le-nez\" target=\"_blank\" rel=\"noopener\">risque \u00e9pid\u00e9mique \u00e9lev\u00e9<\/a> , l\u2019Agence r\u00e9gionale de sant\u00e9 (ARS) de Bourgogne-Franche-Comt\u00e9 rappelle l\u2019importance des gestes barri\u00e8res d\u00e9sormais bien connus\u00a0: porter un masque en cas de sympt\u00f4mes (toux, \u00e9ternuement, fi\u00e8vre\u2026) ou de contact avec une personne malade, se laver les mains le plus fr\u00e9quemment possible, a\u00e9rer ses espaces de vie tous les jours. L\u2019ARS recommande \u00e9galement la vaccination contre la grippe saisonni\u00e8re, mais aussi contre le Covid, notamment pour les personnes \u00e2g\u00e9es de 65 ans et plus, les femmes enceintes et les personnes atteintes de certaines maladies chroniques.<\/p>\n<p>L\u2019agence insiste \u00e9galement sur les bons r\u00e9flexes pour \u00ab\u00a0contribuer \u00e0 une utilisation raisonn\u00e9e des urgences de nos h\u00f4pitaux de mani\u00e8re \u00e0 ne pas placer le syst\u00e8me de soins en forte tension\u00a0: en journ\u00e9e, contacter son m\u00e9decin en premi\u00e8re intention sauf en cas d\u2019urgence vitale\u00a0\u00bb.<\/p>\n","protected":false},"excerpt":{"rendered":"Fi\u00e8vre, frissons, toux, douleurs articulaires et musculaires, fatigue\u2026 Peut-\u00eatre les cons\u00e9quences d\u2019un r\u00e9veillon de No\u00ebl intens\u00e9ment c\u00e9l\u00e9br\u00e9, plus&hellip;\n","protected":false},"author":2,"featured_media":622738,"comment_status":"","ping_status":"","sticky":false,"template":"","format":"standard","meta":{"footnotes":""},"categories":[10],"tags":[2931,107,1011,27,72,71,104],"class_list":{"0":"post-622737","1":"post","2":"type-post","3":"status-publish","4":"format-standard","5":"has-post-thumbnail","7":"category-sante","8":"tag-cote-dor","9":"tag-fil-info","10":"tag-fr","11":"tag-france","12":"tag-health","13":"tag-sante","14":"tag-societe"},"share_on_mastodon":{"url":"https:\/\/pubeurope.com\/@fr\/115784248416015209","error":""},"_links":{"self":[{"href":"https:\/\/www.europesays.com\/fr\/wp-json\/wp\/v2\/posts\/622737","targetHints":{"allow":["GET"]}}],"collection":[{"href":"https:\/\/www.europesays.com\/fr\/wp-json\/wp\/v2\/posts"}],"about":[{"href":"https:\/\/www.europesays.com\/fr\/wp-json\/wp\/v2\/types\/post"}],"author":[{"embeddable":true,"href":"https:\/\/www.europesays.com\/fr\/wp-json\/wp\/v2\/users\/2"}],"replies":[{"embeddable":true,"href":"https:\/\/www.europesays.com\/fr\/wp-json\/wp\/v2\/comments?post=622737"}],"version-history":[{"count":0,"href":"https:\/\/www.europesays.com\/fr\/wp-json\/wp\/v2\/posts\/622737\/revisions"}],"wp:featuredmedia":[{"embeddable":true,"href":"https:\/\/www.europesays.com\/fr\/wp-json\/wp\/v2\/media\/622738"}],"wp:attachment":[{"href":"https:\/\/www.europesays.com\/fr\/wp-json\/wp\/v2\/media?parent=622737"}],"wp:term":[{"taxonomy":"category","embeddable":true,"href":"https:\/\/www.europesays.com\/fr\/wp-json\/wp\/v2\/categories?post=622737"},{"taxonomy":"post_tag","embeddable":true,"href":"https:\/\/www.europesays.com\/fr\/wp-json\/wp\/v2\/tags?post=622737"}],"curies":[{"name":"wp","href":"https:\/\/api.w.org\/{rel}","templated":true}]}}