{"id":622747,"date":"2025-12-26T05:40:17","date_gmt":"2025-12-26T05:40:17","guid":{"rendered":"https:\/\/www.europesays.com\/fr\/622747\/"},"modified":"2025-12-26T05:40:17","modified_gmt":"2025-12-26T05:40:17","slug":"il-ny-a-aucun-survivant-un-helicoptere-secrase-en-montagne-lors-dune-mission-de-sauvetage","status":"publish","type":"post","link":"https:\/\/www.europesays.com\/fr\/622747\/","title":{"rendered":"Il n\u2019y a aucun survivant\u00a0: un h\u00e9licopt\u00e8re s\u2019\u00e9crase en montagne lors d\u2019une mission de sauvetage"},"content":{"rendered":"<p>\n                                                                Les autorit\u00e9s tanzaniennes ont annonc\u00e9 ce jeudi 25\u00a0d\u00e9cembre 2025 la mort de cinq personnes qui \u00e9taient \u00e0 bord d\u2019un h\u00e9licopt\u00e8re qui s\u2019est \u00e9cras\u00e9 sur le Kilimandjaro.\n                            <\/p>\n<p>Un h\u00e9licopt\u00e8re s\u2019est \u00e9cras\u00e9 mercredi sur le Kilimandjaro, plus haut sommet d\u2019Afrique et haut lieu touristique de Tanzanie, tuant les cinq personnes \u00e0 bord, dont deux touristes tch\u00e8ques, ont annonc\u00e9 jeudi les autorit\u00e9s tanzaniennes.<\/p>\n<p>Des raisons inconnues<\/p>\n<p>L\u2019accident s\u2019est produit \u00e0 environ 4\u00a0700 m\u00e8tres d\u2019altitude au niveau du camp de Barafu, selon l\u2019autorit\u00e9 de l\u2019aviation tanzanienne.\u00a0\u00ab\u00a0L\u2019a\u00e9ronef transportait cinq personnes. Tragiquement, toutes sont mortes dans l\u2019accident\u00a0\u00bb, a indiqu\u00e9 celle-ci.\u00a0Les causes du crash ne sont pas encore connues.<\/p>\n<p>D\u2019apr\u00e8s un commandant de la police locale, Simon Maigwa, l\u2019appareil menait une mission de sauvetage quand il s\u2019est \u00e9cras\u00e9 vers 17\u00a0h\u00a030 mercredi (14\u00a0h\u00a030 GMT). Parmi les victimes se trouvent le pilote, de nationalit\u00e9 zimbabw\u00e9enne, et deux touristes tch\u00e8ques, selon cet officier de police.<\/p>\n<p>D\u2019autres crashs<\/p>\n<p>L\u2019Union europ\u00e9enne a plac\u00e9 en juin tous les transporteurs a\u00e9riens de Tanzanie sur sa liste des compagnies \u00e0 risque.<\/p>\n<p>En 2022, un avion s\u2019\u00e9tait \u00e9cras\u00e9 dans le lac Victoria, le plus grand d\u2019Afrique, tuant 19 personnes. En 1999, une douzaine de personnes, dont dix touristes am\u00e9ricains, avaient \u00e9t\u00e9 tu\u00e9es dans un accident d\u2019avion dans le nord de la Tanzanie alors qu\u2019elles effectuaient un vol entre le parc national du Serengeti et l\u2019a\u00e9roport du Kilimandjaro.<\/p>\n<p>Montagne embl\u00e9matique dont la cime enneig\u00e9e est connue \u00e0 travers le monde, surnomm\u00e9 le \u00ab\u00a0toit de l\u2019Afrique\u00a0\u00bb (5\u00a0895 m\u00e8tres), le Kilimandjaro et la zone qui l\u2019entoure sont class\u00e9s comme parc national, inscrit au Patrimoine mondial de l\u2019Unesco.<\/p>\n<p>D\u2019une superficie totale de plus de 750 kilom\u00e8tres carr\u00e9s, le parc abrite un \u00e9cosyst\u00e8me remarquable, avec une flore riche et une faune compos\u00e9e d\u2019\u00e9l\u00e9phants, buffles, antilopes.<\/p>\n","protected":false},"excerpt":{"rendered":"Les autorit\u00e9s tanzaniennes ont annonc\u00e9 ce jeudi 25\u00a0d\u00e9cembre 2025 la mort de cinq personnes qui \u00e9taient \u00e0 bord&hellip;\n","protected":false},"author":2,"featured_media":622748,"comment_status":"","ping_status":"","sticky":false,"template":"","format":"standard","meta":{"footnotes":""},"categories":[5],"tags":[11,118,1011,27,14,12,28],"class_list":{"0":"post-622747","1":"post","2":"type-post","3":"status-publish","4":"format-standard","5":"has-post-thumbnail","7":"category-international","8":"tag-actualites","9":"tag-faits-divers","10":"tag-fr","11":"tag-france","12":"tag-international","13":"tag-news","14":"tag-world"},"share_on_mastodon":{"url":"https:\/\/pubeurope.com\/@fr\/115784268139950217","error":""},"_links":{"self":[{"href":"https:\/\/www.europesays.com\/fr\/wp-json\/wp\/v2\/posts\/622747","targetHints":{"allow":["GET"]}}],"collection":[{"href":"https:\/\/www.europesays.com\/fr\/wp-json\/wp\/v2\/posts"}],"about":[{"href":"https:\/\/www.europesays.com\/fr\/wp-json\/wp\/v2\/types\/post"}],"author":[{"embeddable":true,"href":"https:\/\/www.europesays.com\/fr\/wp-json\/wp\/v2\/users\/2"}],"replies":[{"embeddable":true,"href":"https:\/\/www.europesays.com\/fr\/wp-json\/wp\/v2\/comments?post=622747"}],"version-history":[{"count":0,"href":"https:\/\/www.europesays.com\/fr\/wp-json\/wp\/v2\/posts\/622747\/revisions"}],"wp:featuredmedia":[{"embeddable":true,"href":"https:\/\/www.europesays.com\/fr\/wp-json\/wp\/v2\/media\/622748"}],"wp:attachment":[{"href":"https:\/\/www.europesays.com\/fr\/wp-json\/wp\/v2\/media?parent=622747"}],"wp:term":[{"taxonomy":"category","embeddable":true,"href":"https:\/\/www.europesays.com\/fr\/wp-json\/wp\/v2\/categories?post=622747"},{"taxonomy":"post_tag","embeddable":true,"href":"https:\/\/www.europesays.com\/fr\/wp-json\/wp\/v2\/tags?post=622747"}],"curies":[{"name":"wp","href":"https:\/\/api.w.org\/{rel}","templated":true}]}}