{"id":622749,"date":"2025-12-26T05:41:13","date_gmt":"2025-12-26T05:41:13","guid":{"rendered":"https:\/\/www.europesays.com\/fr\/622749\/"},"modified":"2025-12-26T05:41:13","modified_gmt":"2025-12-26T05:41:13","slug":"des-barrages-toujours-en-place-dans-le-sud-ouest","status":"publish","type":"post","link":"https:\/\/www.europesays.com\/fr\/622749\/","title":{"rendered":"des barrages toujours en place dans le Sud-Ouest"},"content":{"rendered":"<p class=\"fig-paragraph\">Des\u00a0<a href=\"http:\/\/www.lefigaro.fr\/actualite-france\/on-n-envoie-pas-les-blindes-avant-de-negocier-face-aux-blocages-des-agriculteurs-la-doctrine-securitaire-de-l-executif-fait-debat-20251219\" data-fig-type=\"Article\" data-gtm-custom-categorie=\"navigation\" data-gtm-custom-action=\"crossclick\" data-gtm-custom-label=\"Contextuel\" data-gtm-event=\"customEventSPE\" data-fig-domain=\"LEFIGARO\" target=\"_blank\" rel=\"noopener\">agriculteurs bloquaient<\/a>\u00a0toujours jeudi plusieurs\u00a0<a href=\"https:\/\/www.lefigaro.fr\/societes\/2014\/10\/11\/20005-20141011ARTFIG00013-un-agriculteur-du-sud-ouest-echange-foie-gras-contre-financements.php\" data-fig-type=\"Article\" data-gtm-custom-categorie=\"navigation\" data-gtm-custom-action=\"crossclick\" data-gtm-custom-label=\"Contextuel\" data-gtm-event=\"customEventSPE\" data-fig-domain=\"LEFIGARO\" target=\"_blank\" rel=\"noopener\">routes et autoroutes du Sud-Ouest<\/a>\u00a0pour protester contre la\u00a0<a href=\"http:\/\/www.lefigaro.fr\/actualite-france\/dermatose-nodulaire-bovine-apres-l-abattage-le-patient-travail-de-reconstruction-d-un-eleveur-savoyard-20251217\" data-fig-type=\"NewsFlash\" data-gtm-custom-categorie=\"navigation\" data-gtm-custom-action=\"crossclick\" data-gtm-custom-label=\"Contextuel\" data-gtm-event=\"customEventSPE\" data-fig-domain=\"LEFIGARO\" target=\"_blank\" rel=\"noopener\">gestion gouvernementale de la dermatose bovine<\/a>. Dans les Pyr\u00e9n\u00e9es-Atlantiques, la pr\u00e9fecture a toutefois annonc\u00e9 jeudi la r\u00e9ouverture partielle de certaines autoroutes qui avaient \u00e9t\u00e9 affect\u00e9es par des barrages lev\u00e9s il y a d\u00e9j\u00e0 quelques jours. Il s&rsquo;agit d&rsquo;un tron\u00e7on de l&rsquo;A64 couvrant 70 km entre le p\u00e9age de Peyrehorade (Landes) et la jonction avec l&rsquo;A65 \u00e0 l&rsquo;ouest de Pau, ainsi que d&rsquo;un autre tron\u00e7on sur l&rsquo;A65.<\/p>\n<p class=\"fig-paragraph\">La gendarmerie avait recens\u00e9 jeudi matin les m\u00eames points de blocage que la veille, concernant notamment les autoroutes A63 au sud de Bordeaux, A64 sur plusieurs points entre Toulouse et Bayonne, A65 \u00e0 Th\u00e8ze (Pyr\u00e9n\u00e9es-Atlantiques) et A75 en Loz\u00e8re et en Aveyron. Une nouvelle messe de No\u00ebl \u00e9tait programm\u00e9e jeudi en fin de journ\u00e9e sur le barrage \u00e9tabli sur l&rsquo;A63 au sud de Bordeaux, apr\u00e8s la messe de minuit et le r\u00e9veillon \u00abfa\u00e7on auberge espagnole\u00bb organis\u00e9s la veille sous le pont de l&rsquo;\u00e9changeur autoroutier \u00e0 Cestas, a fait savoir la Coordination rurale (CR) de Gironde. Mais apr\u00e8s 12 jours de pr\u00e9sence sur le barrage, \u00abla fatigue commence \u00e0 s&rsquo;installer\u00bb, t\u00e9moigne Jean-Paul Ayres, porte-parole de la CR33.<\/p>\n<p>                                            <a class=\"fig-a11y-skip\" href=\"#fig-a11y-skip-main-inarticle\" data-module=\"a11y-skip\" data-context=\"was @visible\"><br \/>\n    Passer la publicit\u00e9<br \/>\n<\/a>            <\/p>\n<p>                                            Messes, hu\u00eetres et dindes sur l\u2019autoroute<\/p>\n<p class=\"fig-paragraph\">Du c\u00f4t\u00e9 du blocage de l&rsquo;A64 dans les Pyr\u00e9n\u00e9es-Atlantiques, la Coordination rurale du d\u00e9partement pr\u00e9voyait pour sa part une parade de tracteurs dans Pau jeudi soir. Sur le barrage de Carbonne, au sud de Toulouse, les \u00abUltras de l&rsquo;A64\u00bb ont aussi organis\u00e9 mercredi soir une messe \u00e0 laquelle ont assist\u00e9 au moins 300 personnes. Ils ont \u00e9galement offert aux participants des hu\u00eetres ou des dindes et un sanglier cuit \u00e0 la broche, au milieu de sapins d\u00e9cor\u00e9s de boules et de guirlandes. De nombreux habitants des environs, dont le soutien est constant depuis l&rsquo;installation du campement, le 12 d\u00e9cembre, ont rejoint encore une fois les agriculteurs.<\/p>\n<p class=\"fig-paragraph\">De son c\u00f4t\u00e9, le ministre de l&rsquo;Int\u00e9rieur Laurent Nu\u00f1ez a adress\u00e9 ses \u00abremerciements les plus sinc\u00e8res\u00bb aux pr\u00e9fets pour leur \u00abengagement total\u00bb depuis \u00able d\u00e9but du mouvement de contestation agricole\u00bb et pour \u00able dialogue (qui) n&rsquo;a jamais \u00e9t\u00e9 rompu\u00bb avec les agriculteurs, dans un courrier envoy\u00e9 mardi. Depuis le d\u00e9but de l&rsquo;\u00e9pid\u00e9mie de dermatose nodulaire contagieuse (DNC) en Savoie cet \u00e9t\u00e9, l&rsquo;\u00c9tat tente de contenir la propagation du virus en se basant sur \u00abtrois piliers\u00bb: l&rsquo;abattage syst\u00e9matique d&rsquo;un troupeau d\u00e8s la d\u00e9tection d&rsquo;un cas, la vaccination et la restriction de mouvements.<\/p>\n<p class=\"fig-paragraph\">Une gestion fortement contest\u00e9e par une partie des agriculteurs, notamment de la Coordination rurale (deuxi\u00e8me syndicat de la profession) et de la Conf\u00e9d\u00e9ration paysanne (troisi\u00e8me), qui rejettent cette strat\u00e9gie d&rsquo;abattage des troupeaux entiers au moindre cas d\u00e9tect\u00e9. En Haute-Garonne, 72 vaches ont \u00e9t\u00e9 abattues mardi apr\u00e8s la d\u00e9tection d&rsquo;un nouveau cas de DNC, dans le village pyr\u00e9n\u00e9en de Juzet-d&rsquo;Izaut, portant le bilan national \u00e0 115 foyers depuis juin. Le dernier cas majeur de DNC remontait au 15 d\u00e9cembre, dans le d\u00e9partement voisin de l&rsquo;Aude.<\/p>\n","protected":false},"excerpt":{"rendered":"Des\u00a0agriculteurs bloquaient\u00a0toujours jeudi plusieurs\u00a0routes et autoroutes du Sud-Ouest\u00a0pour protester contre la\u00a0gestion gouvernementale de la dermatose bovine. Dans les&hellip;\n","protected":false},"author":2,"featured_media":622750,"comment_status":"","ping_status":"","sticky":false,"template":"","format":"standard","meta":{"footnotes":""},"categories":[4],"tags":[11,2572,6955,7551,1011,27,12,15830,25],"class_list":{"0":"post-622749","1":"post","2":"type-post","3":"status-publish","4":"format-standard","5":"has-post-thumbnail","7":"category-france","8":"tag-actualites","9":"tag-agriculteurs","10":"tag-autoroute","11":"tag-blocage","12":"tag-fr","13":"tag-france","14":"tag-news","15":"tag-noel","16":"tag-republique-francaise"},"share_on_mastodon":{"url":"https:\/\/pubeurope.com\/@fr\/115784272063218871","error":""},"_links":{"self":[{"href":"https:\/\/www.europesays.com\/fr\/wp-json\/wp\/v2\/posts\/622749","targetHints":{"allow":["GET"]}}],"collection":[{"href":"https:\/\/www.europesays.com\/fr\/wp-json\/wp\/v2\/posts"}],"about":[{"href":"https:\/\/www.europesays.com\/fr\/wp-json\/wp\/v2\/types\/post"}],"author":[{"embeddable":true,"href":"https:\/\/www.europesays.com\/fr\/wp-json\/wp\/v2\/users\/2"}],"replies":[{"embeddable":true,"href":"https:\/\/www.europesays.com\/fr\/wp-json\/wp\/v2\/comments?post=622749"}],"version-history":[{"count":0,"href":"https:\/\/www.europesays.com\/fr\/wp-json\/wp\/v2\/posts\/622749\/revisions"}],"wp:featuredmedia":[{"embeddable":true,"href":"https:\/\/www.europesays.com\/fr\/wp-json\/wp\/v2\/media\/622750"}],"wp:attachment":[{"href":"https:\/\/www.europesays.com\/fr\/wp-json\/wp\/v2\/media?parent=622749"}],"wp:term":[{"taxonomy":"category","embeddable":true,"href":"https:\/\/www.europesays.com\/fr\/wp-json\/wp\/v2\/categories?post=622749"},{"taxonomy":"post_tag","embeddable":true,"href":"https:\/\/www.europesays.com\/fr\/wp-json\/wp\/v2\/tags?post=622749"}],"curies":[{"name":"wp","href":"https:\/\/api.w.org\/{rel}","templated":true}]}}