{"id":622753,"date":"2025-12-26T05:43:12","date_gmt":"2025-12-26T05:43:12","guid":{"rendered":"https:\/\/www.europesays.com\/fr\/622753\/"},"modified":"2025-12-26T05:43:12","modified_gmt":"2025-12-26T05:43:12","slug":"unieux-a-la-jument-verte-la-magie-des-fetes-commence-bien-avant-de-passer-a-table","status":"publish","type":"post","link":"https:\/\/www.europesays.com\/fr\/622753\/","title":{"rendered":"Unieux. \u00c0 La Jument Verte, la magie des f\u00eates commence bien avant de passer \u00e0 table"},"content":{"rendered":"<p>\u00c0 Unieux, derri\u00e8re la fa\u00e7ade chaleureuse de La Jument Verte, se cache une histoire de famille, de passion et de transmission. Nous sommes all\u00e9s \u00e0 la rencontre de Fr\u00e9d\u00e9ric Klimenko, chef de cuisine, accompagn\u00e9 d\u2019Isabelle Gago, responsable de salle et d\u2019Oc\u00e9ane Klimenko, v\u00e9ritable trait d\u2019union entre la salle et la cuisine.<\/p>\n<p>Si le restaurant a officiellement <a href=\"https:\/\/www.leprogres.fr\/economie\/2024\/01\/08\/le-restaurant-la-jument-verte-2-a-ouvert-ses-portes\" target=\"_blank\" rel=\"noopener\">ouvert ses portes en 2023<\/a> , l\u2019aventure, elle, remonte \u00e0 bien plus longtemps. \u00ab\u00a0On \u00e9tait d\u00e9j\u00e0 l\u00e0 il y a vingt ans\u00a0\u00bb, confient-ils avec le sourire. La Jument Verte n\u2019est donc pas&#8230;<\/p>\n","protected":false},"excerpt":{"rendered":"\u00c0 Unieux, derri\u00e8re la fa\u00e7ade chaleureuse de La Jument Verte, se cache une histoire de famille, de passion&hellip;\n","protected":false},"author":2,"featured_media":622754,"comment_status":"","ping_status":"","sticky":false,"template":"","format":"standard","meta":{"footnotes":""},"categories":[9653],"tags":[1111,11,2430,1687,7539,1777,674,1011,27,12,25,4001,14024,14025],"class_list":{"0":"post-622753","1":"post","2":"type-post","3":"status-publish","4":"format-standard","5":"has-post-thumbnail","7":"category-saint-etienne","8":"tag-actu","9":"tag-actualites","10":"tag-auvergne-rhone-alpes","11":"tag-culture-loisirs","12":"tag-edition-loire-sud","13":"tag-eu","14":"tag-europe","15":"tag-fr","16":"tag-france","17":"tag-news","18":"tag-republique-francaise","19":"tag-saint-etienne","20":"tag-unieux","21":"tag-unieux-bassin"},"share_on_mastodon":{"url":"https:\/\/pubeurope.com\/@fr\/115784280000547268","error":""},"_links":{"self":[{"href":"https:\/\/www.europesays.com\/fr\/wp-json\/wp\/v2\/posts\/622753","targetHints":{"allow":["GET"]}}],"collection":[{"href":"https:\/\/www.europesays.com\/fr\/wp-json\/wp\/v2\/posts"}],"about":[{"href":"https:\/\/www.europesays.com\/fr\/wp-json\/wp\/v2\/types\/post"}],"author":[{"embeddable":true,"href":"https:\/\/www.europesays.com\/fr\/wp-json\/wp\/v2\/users\/2"}],"replies":[{"embeddable":true,"href":"https:\/\/www.europesays.com\/fr\/wp-json\/wp\/v2\/comments?post=622753"}],"version-history":[{"count":0,"href":"https:\/\/www.europesays.com\/fr\/wp-json\/wp\/v2\/posts\/622753\/revisions"}],"wp:featuredmedia":[{"embeddable":true,"href":"https:\/\/www.europesays.com\/fr\/wp-json\/wp\/v2\/media\/622754"}],"wp:attachment":[{"href":"https:\/\/www.europesays.com\/fr\/wp-json\/wp\/v2\/media?parent=622753"}],"wp:term":[{"taxonomy":"category","embeddable":true,"href":"https:\/\/www.europesays.com\/fr\/wp-json\/wp\/v2\/categories?post=622753"},{"taxonomy":"post_tag","embeddable":true,"href":"https:\/\/www.europesays.com\/fr\/wp-json\/wp\/v2\/tags?post=622753"}],"curies":[{"name":"wp","href":"https:\/\/api.w.org\/{rel}","templated":true}]}}