{"id":622755,"date":"2025-12-26T05:44:25","date_gmt":"2025-12-26T05:44:25","guid":{"rendered":"https:\/\/www.europesays.com\/fr\/622755\/"},"modified":"2025-12-26T05:44:25","modified_gmt":"2025-12-26T05:44:25","slug":"saint-etienne-apres-la-condamnation-de-gael-perdriau-une-majorite-municipale-plus-eclatee-que-jamais","status":"publish","type":"post","link":"https:\/\/www.europesays.com\/fr\/622755\/","title":{"rendered":"Saint-\u00c9tienne. Apr\u00e8s la condamnation de Ga\u00ebl Perdriau, une majorit\u00e9 municipale plus \u00e9clat\u00e9e que jamais"},"content":{"rendered":"<p>On ne conna\u00eet le programme ni des uns ni des autres pour ces f\u00eates de fin d\u2019ann\u00e9e, mais on est s\u00fbrs d\u2019une chose, c\u2019est que Siham Labich ne les passera pas avec <a href=\"https:\/\/www.leprogres.fr\/p\/marc-chassaubene\" target=\"_blank\" rel=\"noopener\">Marc Chassaub\u00e9n\u00e9<\/a>. Ni avec <a href=\"https:\/\/www.leprogres.fr\/p\/jean-pierre-berger\" target=\"_blank\" rel=\"noopener\">Jean-Pierre Berger<\/a>. Dans la majorit\u00e9 municipale, en cette p\u00e9riode de No\u00ebl, l\u2019heure n\u2019est pas franchement \u00e0 la distribution de cadeaux\u2026<\/p>\n<p>Adjoint \u00e0 la culture et au design depuis 2014, et devenu premier adjoint le 11\u00a0d\u00e9cembre dernier suite \u00e0 l\u2019\u00e9lection de Jean-Pierre Berger comme nouveau maire pour les trois mois restants du mandat, Marc Chassaub\u00e9n\u00e9 a annonc\u00e9 officiellement, mardi matin, sa candidature aux \u00e9lections municipales des 15 et 22\u00a0mars prochains.<\/p>\n<p>\u00ab\u00a0Nous d\u00e9non\u00e7ons cette m\u00e9thode unilat\u00e9rale et sans concertation\u00a0\u00bb<\/p>\n<p>Et ce qui n\u2019a \u00e9t\u00e9 une surprise \u00e0 peu pr\u00e8s pour personne l\u2019a apparemment \u00e9t\u00e9 pour Siham Labich et les autres \u00e9lus de la majorit\u00e9 qui forment, depuis le 1er&#8230;<\/p>\n","protected":false},"excerpt":{"rendered":"On ne conna\u00eet le programme ni des uns ni des autres pour ces f\u00eates de fin d\u2019ann\u00e9e, mais&hellip;\n","protected":false},"author":2,"featured_media":622756,"comment_status":"","ping_status":"","sticky":false,"template":"","format":"standard","meta":{"footnotes":""},"categories":[9653],"tags":[1111,11,2430,1984,7539,4188,1777,674,107,1011,27,3367,12,316,25,4001,7538],"class_list":{"0":"post-622755","1":"post","2":"type-post","3":"status-publish","4":"format-standard","5":"has-post-thumbnail","7":"category-saint-etienne","8":"tag-actu","9":"tag-actualites","10":"tag-auvergne-rhone-alpes","11":"tag-conseil-municipal","12":"tag-edition-loire-sud","13":"tag-elections-municipales","14":"tag-eu","15":"tag-europe","16":"tag-fil-info","17":"tag-fr","18":"tag-france","19":"tag-loire","20":"tag-news","21":"tag-politique","22":"tag-republique-francaise","23":"tag-saint-etienne","24":"tag-saint-etienne-ville"},"share_on_mastodon":{"url":"https:\/\/pubeurope.com\/@fr\/115784283766028555","error":""},"_links":{"self":[{"href":"https:\/\/www.europesays.com\/fr\/wp-json\/wp\/v2\/posts\/622755","targetHints":{"allow":["GET"]}}],"collection":[{"href":"https:\/\/www.europesays.com\/fr\/wp-json\/wp\/v2\/posts"}],"about":[{"href":"https:\/\/www.europesays.com\/fr\/wp-json\/wp\/v2\/types\/post"}],"author":[{"embeddable":true,"href":"https:\/\/www.europesays.com\/fr\/wp-json\/wp\/v2\/users\/2"}],"replies":[{"embeddable":true,"href":"https:\/\/www.europesays.com\/fr\/wp-json\/wp\/v2\/comments?post=622755"}],"version-history":[{"count":0,"href":"https:\/\/www.europesays.com\/fr\/wp-json\/wp\/v2\/posts\/622755\/revisions"}],"wp:featuredmedia":[{"embeddable":true,"href":"https:\/\/www.europesays.com\/fr\/wp-json\/wp\/v2\/media\/622756"}],"wp:attachment":[{"href":"https:\/\/www.europesays.com\/fr\/wp-json\/wp\/v2\/media?parent=622755"}],"wp:term":[{"taxonomy":"category","embeddable":true,"href":"https:\/\/www.europesays.com\/fr\/wp-json\/wp\/v2\/categories?post=622755"},{"taxonomy":"post_tag","embeddable":true,"href":"https:\/\/www.europesays.com\/fr\/wp-json\/wp\/v2\/tags?post=622755"}],"curies":[{"name":"wp","href":"https:\/\/api.w.org\/{rel}","templated":true}]}}