{"id":622761,"date":"2025-12-26T05:52:13","date_gmt":"2025-12-26T05:52:13","guid":{"rendered":"https:\/\/www.europesays.com\/fr\/622761\/"},"modified":"2025-12-26T05:52:13","modified_gmt":"2025-12-26T05:52:13","slug":"boxe-polyvalence-pilou-pilou-5-choses-a-savoir-sur-mathis-ferte-la-revelation-de-toulon","status":"publish","type":"post","link":"https:\/\/www.europesays.com\/fr\/622761\/","title":{"rendered":"boxe, polyvalence, Pilou Pilou&#8230; 5 choses \u00e0 savoir sur Mathis Fert\u00e9, la r\u00e9v\u00e9lation de Toulon"},"content":{"rendered":"<p>\n    Arriv\u00e9 de Brive \u00e0 l\u2019intersaison, le jeune et polyvalent trois-quarts s\u2019est rapidement int\u00e9gr\u00e9 au RCT, o\u00f9 il brille en cette premi\u00e8re partie de saison.<\/p>\n<p>                                    Adaptation express au RC Toulon<\/p>\n<p class=\"fig-paragraph\">Ce n\u2019\u00e9tait pas le nom le plus ronflant du recrutement du\u00a0<a href=\"http:\/\/www.lefigaro.fr\/sports\/rugby\/top-14\/ubb-toulon-jalibert-signe-un-coup-de-maitre-bielle-biarrey-au-sommet-le-rct-coule-encore-hors-de-mayol-les-tops-et-flops-du-match-de-top-14-20251221\" data-fig-type=\"NewsFlash\" data-gtm-custom-categorie=\"navigation\" data-gtm-custom-action=\"crossclick\" data-gtm-custom-label=\"Contextuel\" data-gtm-event=\"customEventSPE\" data-fig-domain=\"LEFIGARO\" target=\"_blank\" rel=\"noopener\">RC Toulon<\/a>\u00a0\u00e0 l\u2019intersaison. On a logiquement beaucoup parl\u00e9 du troisi\u00e8me-ligne anglais\u00a0<a href=\"http:\/\/www.lefigaro.fr\/sports\/rugby\/top-14\/top-14-zach-mercer-le-nouveau-destroyer-de-toulon-20250913\" data-fig-type=\"NewsFlash\" data-gtm-custom-categorie=\"navigation\" data-gtm-custom-action=\"crossclick\" data-gtm-custom-label=\"Contextuel\" data-gtm-event=\"customEventSPE\" data-fig-domain=\"LEFIGARO\" target=\"_blank\" rel=\"noopener\">Zach Mercer<\/a>\u00a0(de retour en France apr\u00e8s un passage remarqu\u00e9 \u00e0 Montpellier) ou du centre international italien\u00a0<a href=\"http:\/\/www.lefigaro.fr\/sports\/rugby\/top-14\/top-14-l-anglais-mercer-et-l-italien-brex-tetes-d-affiche-du-recrutement-de-toulon-20250523\" data-fig-type=\"NewsFlash\" data-gtm-custom-categorie=\"navigation\" data-gtm-custom-action=\"crossclick\" data-gtm-custom-label=\"Contextuel\" data-gtm-event=\"customEventSPE\" data-fig-domain=\"LEFIGARO\" target=\"_blank\" rel=\"noopener\">Juan Ignacio Brex<\/a>. On en aurait presque oubli\u00e9 la signature du jeune et prometteur Mathis Fert\u00e9 (21 ans), d\u00e9barqu\u00e9 en provenance de\u00a0<a href=\"http:\/\/www.lefigaro.fr\/sports\/rugby\/pro-d2-brive-s-en-sort-face-a-colomiers-pour-la-premiere-de-l-entraineur-pierre-henry-broncan-20251127\" data-fig-type=\"NewsFlash\" data-gtm-custom-categorie=\"navigation\" data-gtm-custom-action=\"crossclick\" data-gtm-custom-label=\"Contextuel\" data-gtm-event=\"customEventSPE\" data-fig-domain=\"LEFIGARO\" target=\"_blank\" rel=\"noopener\">Brive<\/a>\u00a0(Pro D2). L\u2019ancien \u00abCoujou\u00bb s\u2019est rapidement adapt\u00e9 au RCT, affolant les compteurs avec six essais en douze matches, dont deux doubl\u00e9s contre Toulouse et Montauban. Apr\u00e8s son coup d\u2019\u00e9clat contre le promu tarn-et-garonnais, son manager\u00a0<a href=\"http:\/\/www.lefigaro.fr\/sports\/rugby\/top-14\/pierre-mignoni-entraineur-de-toulon-mes-joueurs-je-les-aime-20250326\" data-fig-type=\"Article\" data-gtm-custom-categorie=\"navigation\" data-gtm-custom-action=\"crossclick\" data-gtm-custom-label=\"Contextuel\" data-gtm-event=\"customEventSPE\" data-fig-domain=\"LEFIGARO\" target=\"_blank\" rel=\"noopener\">Pierre Mignoni<\/a>\u00a0avait carr\u00e9ment l\u00e2ch\u00e9\u00a0: \u00abEn ce moment, il est mon meilleur joueur derri\u00e8re. Il pue le rugby. J\u2019ai rarement vu un joueur aussi talentueux dans la compr\u00e9hension du jeu. Tu peux le mettre partout, m\u00eame en 10, il sera bon.\u00bb<\/p>\n<p>                                            Une polyvalence rare \u00e0 la Arthur Reti\u00e8re<\/p>\n<p class=\"fig-paragraph\">Cette saison, Mathis Fert\u00e9 brille aussi bien \u00e0 l\u2019aile qu\u2019\u00e0 l\u2019arri\u00e8re, profitant des blessures de certains cadres (notamment\u00a0<a href=\"http:\/\/www.lefigaro.fr\/sports\/rugby\/top-14\/top-14-jaminet-forfait-huit-semaines-apres-une-blessure-a-la-main-droite-20251212\" data-fig-type=\"NewsFlash\" data-gtm-custom-categorie=\"navigation\" data-gtm-custom-action=\"crossclick\" data-gtm-custom-label=\"Contextuel\" data-gtm-event=\"customEventSPE\" data-fig-domain=\"LEFIGARO\" target=\"_blank\" rel=\"noopener\">Melvyn Jaminet<\/a>\u00a0ou\u00a0<a href=\"http:\/\/www.lefigaro.fr\/sports\/rugby\/xv-de-france\/top-14-gabin-villiere-forfait-pour-la-tournee-d-automne-avec-le-xv-de-france-20250922\" data-fig-type=\"NewsFlash\" data-gtm-custom-categorie=\"navigation\" data-gtm-custom-action=\"crossclick\" data-gtm-custom-label=\"Contextuel\" data-gtm-event=\"customEventSPE\" data-fig-domain=\"LEFIGARO\" target=\"_blank\" rel=\"noopener\">Gabin Villi\u00e8re<\/a>) pour avoir du temps de jeu. Si l\u2019expression \u00abcouteau suisse\u00bb est un peu utilis\u00e9e \u00e0 tort et travers dans le rugby, elle s\u2019applique n\u00e9anmoins parfaitement au jeune trois-quarts du RCT. Il peut en effet \u00e9voluer \u00e9galement au poste de demi de m\u00eal\u00e9e (15 fois avec Brive) et m\u00eame au centre (2 fois), malgr\u00e9 un physique plut\u00f4t \u00abl\u00e9ger\u00bb (1,75 m pour 76 kg). Vitesse, explosivit\u00e9, lecture du jeu, le n\u00e9o-Toulonnais a quasiment tout dans sa panoplie. \u00abLes gens ne le d\u00e9couvrent pas, avance l\u2019ouvreur\u00a0<a href=\"http:\/\/www.lefigaro.fr\/sports\/rugby\/top-14\/top-14-l-ouvreur-mateo-garcia-ubb-vers-le-rc-toulon-20241009\" data-fig-type=\"NewsFlash\" data-gtm-custom-categorie=\"navigation\" data-gtm-custom-action=\"crossclick\" data-gtm-custom-label=\"Contextuel\" data-gtm-event=\"customEventSPE\" data-fig-domain=\"LEFIGARO\" target=\"_blank\" rel=\"noopener\">Mateo Garcia<\/a>. Je ne suis pas surpris par ce qu\u2019il montre. Il me rappelle Arthur Reti\u00e8re\u00a0: m\u00eames qualit\u00e9s, m\u00eame profil.\u00bb<\/p>\n<p class=\"fig-body-link\">\n            \u00c0 lire aussi<br \/>\n        <a class=\"fig-body-link__link\" href=\"http:\/\/www.lefigaro.fr\/sports\/rugby\/coupe-d-europe\/rugby-champions-cup-en-video-le-succes-capital-de-toulon-contre-bath-20251214\" data-fig-type=\"NewsFlash\" data-gtm-custom-categorie=\"navigation\" data-gtm-custom-action=\"crossclick\" data-gtm-custom-label=\"Contextuel\" data-gtm-event=\"customEventSPE\" data-fig-domain=\"LEFIGARO\" target=\"_blank\" rel=\"noopener\"><\/p>\n<p>        Champions Cup\u00a0: en vid\u00e9o, le succ\u00e8s capital de Toulon contre Bath<br \/>\n    <\/a>\n<\/p>\n<p>                                            <a class=\"fig-a11y-skip\" href=\"#fig-a11y-skip-main-inarticle\" data-module=\"a11y-skip\" data-context=\"was @visible\"><br \/>\n    Passer la publicit\u00e9<br \/>\n<\/a>            <\/p>\n<p>                                            \u00abCe sport m\u2019a forg\u00e9\u00bb, d\u00e9buts remarqu\u00e9s dans la boxe<\/p>\n<p class=\"fig-paragraph\">Issu d\u2019une famille tr\u00e8s rugby, Mathis Fert\u00e9 a n\u00e9anmoins fait de la boxe au club de Cahors quand il \u00e9tait jeune, pour suivre les pas de son p\u00e8re. Il a m\u00eame remport\u00e9 six combats dans les cat\u00e9gories de jeunes, avec un titre de champion de Midi-Pyr\u00e9n\u00e9es. Comme le rapporte\u00a0<a href=\"https:\/\/www.rugbyrama.fr\/2025\/10\/02\/top-14-il-etait-doue-et-il-aurait-pu-aller-en-equipe-de-france-quand-mathis-ferte-brillait-sur-les-rings-de-boxe-12965861.php?utm_source=chatgpt.com\" target=\"_blank\" rel=\"sponsored noopener\" data-gtm-custom-categorie=\"navigation\" data-gtm-custom-action=\"crossclick\" data-gtm-custom-label=\"Contextuel\" data-gtm-event=\"customEventSPE\">Midi Olympique<\/a>, il avait m\u00eame tap\u00e9 dans l\u2019\u0153il de Mohamed Bennama, ancien mentor de\u00a0<a href=\"http:\/\/www.lefigaro.fr\/sports\/boxe\/reveillez-vous-teddy-l-ex-champion-de-boxe-mayar-monshipour-repond-a-teddy-riner-sur-le-port-du-voile-dans-le-sport-20250324\" data-fig-type=\"NewsFlash\" data-gtm-custom-categorie=\"navigation\" data-gtm-custom-action=\"crossclick\" data-gtm-custom-label=\"Contextuel\" data-gtm-event=\"customEventSPE\" data-fig-domain=\"LEFIGARO\" target=\"_blank\" rel=\"noopener\">Mahyar Monshipour<\/a>\u00a0(champion du monde des poids super-coqs WBA 2003 et 2006). Mais le jeune boxeur a d\u00fb arr\u00eater sa carri\u00e8re naissante car il venait de s\u2019engager avec Brive. Ce qui a rassur\u00e9 sa m\u00e8re, un peu apeur\u00e9e par le noble art. Mathis Fert\u00e9 en garde, en tout cas, d\u2019excellents souvenirs\u00a0: \u00abPhysiquement et mentalement, ce sport m\u2019a forg\u00e9. C\u2019est le sport le plus dur au monde.\u00bb<\/p>\n<p>    Mathis Fert\u00e9 \u00e9chappe \u00e0 Teddy Thomas.<br \/>\n                Icon Sport<\/p>\n<p>                                            Gamin, il avait appris le Pilou Pilou<\/p>\n<p class=\"fig-paragraph\">Il est des propositions que l\u2019on ne refuse pas. Quand Toulon s\u2019est int\u00e9ress\u00e9 \u00e0 lui, Mathis Fert\u00e9 \u00e9tait encore sous contrat avec le CA Brive Corr\u00e8ze jusqu\u2019en 2028, un club qu\u2019il avait rejoint en 2018 apr\u00e8s avoir d\u00e9but\u00e9 \u00e0 l\u2019US Luzech et fait ses classes au Cahors Rugby. Le joueur originaire du Lot &#8211; qui int\u00e9ressait \u00e9galement\u00a0<a href=\"http:\/\/www.lefigaro.fr\/sports\/rugby\/top-14\/top-14-a-quelle-heure-et-sur-quelle-chaine-suivre-le-choc-entre-le-toulouse-d-antoine-dupont-et-la-rochelle-20251222\" data-fig-type=\"NewsFlash\" data-gtm-custom-categorie=\"navigation\" data-gtm-custom-action=\"crossclick\" data-gtm-custom-label=\"Contextuel\" data-gtm-event=\"customEventSPE\" data-fig-domain=\"LEFIGARO\" target=\"_blank\" rel=\"noopener\">La Rochelle<\/a>\u00a0&#8211; a donc d\u00fb attendre que ses dirigeants se mettent d\u2019accord avec ceux de Toulon. Un accord financier a \u00e9t\u00e9 trouv\u00e9 entre les deux \u00e9curies et, dans le Var, il a pu retrouver d\u2019anciens co\u00e9quipiers en Corr\u00e8ze comme Enzo Herv\u00e9 ou Esteban Abadie. Le prometteur Varois a m\u00eame r\u00e9cemment confi\u00e9 qu\u2019il connaissait\u00a0<a href=\"http:\/\/www.lefigaro.fr\/sports\/rugby\/top-14\/top-14-le-rc-toulon-va-mettre-en-place-une-solution-transitoire-apres-la-mise-en-examen-du-lanceur-du-pilou-pilou-pour-viols-20251218\" data-fig-type=\"NewsFlash\" data-gtm-custom-categorie=\"navigation\" data-gtm-custom-action=\"crossclick\" data-gtm-custom-label=\"Contextuel\" data-gtm-event=\"customEventSPE\" data-fig-domain=\"LEFIGARO\" target=\"_blank\" rel=\"noopener\">le Pilou Pilou<\/a>, le chant des supporters toulonnais. \u00abJe le criais partout dans la maison. Donc, voil\u00e0, ma famille ne sera pas d\u00e9pays\u00e9e, a-t-il racont\u00e9 dans\u00a0<a href=\"https:\/\/www.rugbyrama.fr\/2025\/08\/06\/top-14-mathis-ferte-au-rct-gamin-javais-appris-par-coeur-le-pilou-pilou-12862968.php\" target=\"_blank\" rel=\"sponsored noopener\" data-gtm-custom-categorie=\"navigation\" data-gtm-custom-action=\"crossclick\" data-gtm-custom-label=\"Contextuel\" data-gtm-event=\"customEventSPE\">le Midol<\/a> . Je peux vous dire que tout le monde a bascul\u00e9 sur Toulon et le RCT. Ils vont nous supporter.\u00bb<\/p>\n<p>                                            Mignoni l\u2019annonce en \u00e9quipe de France<\/p>\n<p class=\"fig-paragraph\">Les performances de Mathis Fert\u00e9 ne passent pas inaper\u00e7ues. \u00c0 Toulon, \u00abtout est diff\u00e9rent\u00bb, comme le mart\u00e8le le slogan du club varois. La caisse de r\u00e9sonance y est bien plus importante. Pour\u00a0<a href=\"http:\/\/www.lefigaro.fr\/sports\/rugby\/top-14\/top-14-je-pense-que-c-est-peut-etre-le-match-le-plus-abouti-se-felicite-pierre-mignoni-20251020\" data-fig-type=\"NewsFlash\" data-gtm-custom-categorie=\"navigation\" data-gtm-custom-action=\"crossclick\" data-gtm-custom-label=\"Contextuel\" data-gtm-event=\"customEventSPE\" data-fig-domain=\"LEFIGARO\" target=\"_blank\" rel=\"noopener\">Pierre Mignoni<\/a>, qui n\u2019a pas l\u2019habitude de parler pour ne rien dire et de lancer des fleurs sans raison, \u00abil sera en \u00e9quipe de France dans peu de temps\u00bb. Le jeune homme &#8211; qui avait entam\u00e9 un Bachelor en gestion et commerce \u00e0 Brive-la-Gaillarde &#8211; garde la t\u00eate froide. \u00abHonn\u00eatement, il me reste du travail&#8230; Apr\u00e8s, je ne vais pas vous mentir, l\u2019\u00e9quipe de France est un objectif comme pour tous les joueurs de rugby. Je suis comp\u00e9titeur, et je veux viser le plus haut possible. Pour le moment, je ne me pose pas la question. Je travaille et je veux \u00eatre, avant tout, performant pour Toulon.\u00bb C\u2019est d\u00e9j\u00e0 le cas. De mani\u00e8re \u00e9clatante.<\/p>\n","protected":false},"excerpt":{"rendered":"Arriv\u00e9 de Brive \u00e0 l\u2019intersaison, le jeune et polyvalent trois-quarts s\u2019est rapidement int\u00e9gr\u00e9 au RCT, o\u00f9 il brille&hellip;\n","protected":false},"author":2,"featured_media":622762,"comment_status":"","ping_status":"","sticky":false,"template":"","format":"standard","meta":{"footnotes":""},"categories":[9619],"tags":[1111,11,1777,674,1011,27,12,882,3461,25,10405,2310],"class_list":{"0":"post-622761","1":"post","2":"type-post","3":"status-publish","4":"format-standard","5":"has-post-thumbnail","7":"category-toulon","8":"tag-actu","9":"tag-actualites","10":"tag-eu","11":"tag-europe","12":"tag-fr","13":"tag-france","14":"tag-news","15":"tag-provence-alpes-cote-dazur","16":"tag-rct","17":"tag-republique-francaise","18":"tag-rugby-club-toulonnais","19":"tag-toulon"},"share_on_mastodon":{"url":"https:\/\/pubeurope.com\/@fr\/115784315280897909","error":""},"_links":{"self":[{"href":"https:\/\/www.europesays.com\/fr\/wp-json\/wp\/v2\/posts\/622761","targetHints":{"allow":["GET"]}}],"collection":[{"href":"https:\/\/www.europesays.com\/fr\/wp-json\/wp\/v2\/posts"}],"about":[{"href":"https:\/\/www.europesays.com\/fr\/wp-json\/wp\/v2\/types\/post"}],"author":[{"embeddable":true,"href":"https:\/\/www.europesays.com\/fr\/wp-json\/wp\/v2\/users\/2"}],"replies":[{"embeddable":true,"href":"https:\/\/www.europesays.com\/fr\/wp-json\/wp\/v2\/comments?post=622761"}],"version-history":[{"count":0,"href":"https:\/\/www.europesays.com\/fr\/wp-json\/wp\/v2\/posts\/622761\/revisions"}],"wp:featuredmedia":[{"embeddable":true,"href":"https:\/\/www.europesays.com\/fr\/wp-json\/wp\/v2\/media\/622762"}],"wp:attachment":[{"href":"https:\/\/www.europesays.com\/fr\/wp-json\/wp\/v2\/media?parent=622761"}],"wp:term":[{"taxonomy":"category","embeddable":true,"href":"https:\/\/www.europesays.com\/fr\/wp-json\/wp\/v2\/categories?post=622761"},{"taxonomy":"post_tag","embeddable":true,"href":"https:\/\/www.europesays.com\/fr\/wp-json\/wp\/v2\/tags?post=622761"}],"curies":[{"name":"wp","href":"https:\/\/api.w.org\/{rel}","templated":true}]}}