{"id":622763,"date":"2025-12-26T05:53:12","date_gmt":"2025-12-26T05:53:12","guid":{"rendered":"https:\/\/www.europesays.com\/fr\/622763\/"},"modified":"2025-12-26T05:53:12","modified_gmt":"2025-12-26T05:53:12","slug":"vol-de-telephone-a-larrache-deux-ados-de-14-ans-interpellees-par-la-police-municipale-secteur-gare-saint-roch-a-montpellier","status":"publish","type":"post","link":"https:\/\/www.europesays.com\/fr\/622763\/","title":{"rendered":"Vol de t\u00e9l\u00e9phone \u00e0 l\u2019arrach\u00e9\u00a0: deux ados de 14 ans interpell\u00e9es par la police municipale, secteur gare Saint-Roch \u00e0 Montpellier"},"content":{"rendered":"<p>\n                                                                En fin de semaine derni\u00e8re, deux adolescentes de 14 ans ont arrach\u00e9 des mains l\u2019iPhone d\u2019une jeune femme de 17 ans qui attendait son tramway \u00e0 l\u2019arr\u00eat \u00ab\u00a0Gare Saint-Roch\u00a0\u00bb \u00e0 Montpellier. Mal leur en a pris car des policiers municipaux les ont rapidement interpell\u00e9es. Elles seront convoqu\u00e9es devant la permanence \u00e9ducative en f\u00e9vrier\u00a02026.\n                            <\/p>\n<p>Elles pensaient avoir r\u00e9ussi leur coup. Rat\u00e9. En fin de semaine derni\u00e8re, deux jeunes filles de 14 ans ont en effet tent\u00e9 un vol \u00e0 l\u2019arrach\u00e9 \u00e0 deux pas du square Planchon \u00e0 Montpellier. Mais elles n\u2019avaient pas anticip\u00e9 la pr\u00e9sence de policiers municipaux qui patrouillaient dans le secteur et qui leur ont mis le grappin dessus.<\/p>\n<p>La sc\u00e8ne s\u2019est d\u00e9roul\u00e9e\u00a0au niveau de l\u2019arr\u00eat de tramway \u00ab\u00a0Gare Saint-Roch\u00a0\u00bb o\u00f9 une adolescente de 17 ans\u00a0attendait tranquillement, son iPhone \u00e0 la main. De l\u2019autre c\u00f4t\u00e9 de la chauss\u00e9e, deux silhouettes l\u2019observaient discr\u00e8tement et pr\u00e9paraient visiblement leur approche. Mais que la victime les avait\u00a0dans son champ de vision, elle n\u2019y a pas pr\u00eat\u00e9 attention. En quelques secondes, elles ont travers\u00e9 la chauss\u00e9e, se sont approch\u00e9es d\u2019elle et lui ont arrach\u00e9\u00a0le t\u00e9l\u00e9phone avant de\u00a0prendre\u00a0la fuite en courant.<\/p>\n<p>Interpell\u00e9e en possession du portable<\/p>\n<p>D\u2019abord sous le choc, la jeune femme s\u2019est ensuite lanc\u00e9e\u00a0\u00e0 leur poursuite en criant. C\u2019est \u00e0 ce moment-l\u00e0\u00a0que les policiers municipaux ont aper\u00e7u les trois jeunes filles d\u00e9taler\u00a0dans la rue. Intrigu\u00e9s, ils les ont pris en chasse. Ils ont d\u2019abord rattrap\u00e9 la victime, rue Pagezy, qui leur\u00a0a expliqu\u00e9, essouffl\u00e9e, qu\u2019elle venait de se faire d\u00e9rober son portable.<\/p>\n<p>Poursuivant leurs efforts, ils sont parvenus \u00e0 interpeller les deux suspectes quelques centaines de m\u00e8tres plus loin. L\u2019une d\u2019elles avait toujours le t\u00e9l\u00e9phone en sa possession.<br \/>Ces deux mineures ont \u00e9t\u00e9 plac\u00e9es en garde \u00e0 vue avant d\u2019\u00eatre remises \u00e0 leurs parents. Elles devront r\u00e9pondre de leurs actes en f\u00e9vrier\u00a02026 devant la permanence \u00e9ducative aupr\u00e8s du tribunal de Montpellier.<\/p>\n","protected":false},"excerpt":{"rendered":"En fin de semaine derni\u00e8re, deux adolescentes de 14 ans ont arrach\u00e9 des mains l\u2019iPhone d\u2019une jeune femme&hellip;\n","protected":false},"author":2,"featured_media":622764,"comment_status":"","ping_status":"","sticky":false,"template":"","format":"standard","meta":{"footnotes":""},"categories":[9599],"tags":[1111,11,1777,674,118,1011,27,7089,2208,12,2680,25],"class_list":{"0":"post-622763","1":"post","2":"type-post","3":"status-publish","4":"format-standard","5":"has-post-thumbnail","7":"category-montpellier","8":"tag-actu","9":"tag-actualites","10":"tag-eu","11":"tag-europe","12":"tag-faits-divers","13":"tag-fr","14":"tag-france","15":"tag-herault","16":"tag-montpellier","17":"tag-news","18":"tag-occitanie","19":"tag-republique-francaise"},"share_on_mastodon":{"url":"https:\/\/pubeurope.com\/@fr\/115784319147644984","error":""},"_links":{"self":[{"href":"https:\/\/www.europesays.com\/fr\/wp-json\/wp\/v2\/posts\/622763","targetHints":{"allow":["GET"]}}],"collection":[{"href":"https:\/\/www.europesays.com\/fr\/wp-json\/wp\/v2\/posts"}],"about":[{"href":"https:\/\/www.europesays.com\/fr\/wp-json\/wp\/v2\/types\/post"}],"author":[{"embeddable":true,"href":"https:\/\/www.europesays.com\/fr\/wp-json\/wp\/v2\/users\/2"}],"replies":[{"embeddable":true,"href":"https:\/\/www.europesays.com\/fr\/wp-json\/wp\/v2\/comments?post=622763"}],"version-history":[{"count":0,"href":"https:\/\/www.europesays.com\/fr\/wp-json\/wp\/v2\/posts\/622763\/revisions"}],"wp:featuredmedia":[{"embeddable":true,"href":"https:\/\/www.europesays.com\/fr\/wp-json\/wp\/v2\/media\/622764"}],"wp:attachment":[{"href":"https:\/\/www.europesays.com\/fr\/wp-json\/wp\/v2\/media?parent=622763"}],"wp:term":[{"taxonomy":"category","embeddable":true,"href":"https:\/\/www.europesays.com\/fr\/wp-json\/wp\/v2\/categories?post=622763"},{"taxonomy":"post_tag","embeddable":true,"href":"https:\/\/www.europesays.com\/fr\/wp-json\/wp\/v2\/tags?post=622763"}],"curies":[{"name":"wp","href":"https:\/\/api.w.org\/{rel}","templated":true}]}}