{"id":622767,"date":"2025-12-26T05:56:51","date_gmt":"2025-12-26T05:56:51","guid":{"rendered":"https:\/\/www.europesays.com\/fr\/622767\/"},"modified":"2025-12-26T05:56:51","modified_gmt":"2025-12-26T05:56:51","slug":"controle-feux-eteints-il-circulait-sans-permis-et-sous-une-fausse-identite","status":"publish","type":"post","link":"https:\/\/www.europesays.com\/fr\/622767\/","title":{"rendered":"contr\u00f4l\u00e9 feux \u00e9teints, il circulait sans permis et sous une fausse identit\u00e9"},"content":{"rendered":"<p>\t\t\t\t\t L&rsquo;attention des policiers est attir\u00e9e par une Renault Clio circulant tous feux \u00e9teints, ce lundi soir \u00e0 Rouen, et l\u2019interceptent dans le secteur du quai de Paris. Une forte odeur de cannabis se d\u00e9gage de l\u2019habitacle. <\/p>\n<p>Le conducteur pr\u00e9sente d\u2019abord la photo d\u2019un permis qui ne lui ressemble pas. Mis en difficult\u00e9, il finit par admettre qu\u2019il n\u2019a jamais eu le permis et qu\u2019il a donn\u00e9 l\u2019identit\u00e9 d\u2019un tiers. Il remet spontan\u00e9ment un sachet de r\u00e9sine de cannabis aux policiers. <\/p>\n<p>Le d\u00e9pistage stup\u00e9fiants se r\u00e9v\u00e9lera toutefois n\u00e9gatif. Le v\u00e9hicule, appartenant \u00e0 un garage, est envoy\u00e9 en fourri\u00e8re. Une proc\u00e9dure est ouverte pour conduite sans permis, d\u00e9tention de stup\u00e9fiants et usurpation d\u2019identit\u00e9.\n\t\t\t\t <\/p>\n","protected":false},"excerpt":{"rendered":"L&rsquo;attention des policiers est attir\u00e9e par une Renault Clio circulant tous feux \u00e9teints, ce lundi soir \u00e0 Rouen,&hellip;\n","protected":false},"author":2,"featured_media":622768,"comment_status":"","ping_status":"","sticky":false,"template":"","format":"standard","meta":{"footnotes":""},"categories":[9587],"tags":[1111,11,1067,1777,674,118,1011,27,12,5161,1072,25,9590,5163],"class_list":{"0":"post-622767","1":"post","2":"type-post","3":"status-publish","4":"format-standard","5":"has-post-thumbnail","7":"category-rouen","8":"tag-actu","9":"tag-actualites","10":"tag-enquete","11":"tag-eu","12":"tag-europe","13":"tag-faits-divers","14":"tag-fr","15":"tag-france","16":"tag-news","17":"tag-normandie","18":"tag-police","19":"tag-republique-francaise","20":"tag-rouen","21":"tag-seine-maritime"},"share_on_mastodon":{"url":"https:\/\/pubeurope.com\/@fr\/115784334870524210","error":""},"_links":{"self":[{"href":"https:\/\/www.europesays.com\/fr\/wp-json\/wp\/v2\/posts\/622767","targetHints":{"allow":["GET"]}}],"collection":[{"href":"https:\/\/www.europesays.com\/fr\/wp-json\/wp\/v2\/posts"}],"about":[{"href":"https:\/\/www.europesays.com\/fr\/wp-json\/wp\/v2\/types\/post"}],"author":[{"embeddable":true,"href":"https:\/\/www.europesays.com\/fr\/wp-json\/wp\/v2\/users\/2"}],"replies":[{"embeddable":true,"href":"https:\/\/www.europesays.com\/fr\/wp-json\/wp\/v2\/comments?post=622767"}],"version-history":[{"count":0,"href":"https:\/\/www.europesays.com\/fr\/wp-json\/wp\/v2\/posts\/622767\/revisions"}],"wp:featuredmedia":[{"embeddable":true,"href":"https:\/\/www.europesays.com\/fr\/wp-json\/wp\/v2\/media\/622768"}],"wp:attachment":[{"href":"https:\/\/www.europesays.com\/fr\/wp-json\/wp\/v2\/media?parent=622767"}],"wp:term":[{"taxonomy":"category","embeddable":true,"href":"https:\/\/www.europesays.com\/fr\/wp-json\/wp\/v2\/categories?post=622767"},{"taxonomy":"post_tag","embeddable":true,"href":"https:\/\/www.europesays.com\/fr\/wp-json\/wp\/v2\/tags?post=622767"}],"curies":[{"name":"wp","href":"https:\/\/api.w.org\/{rel}","templated":true}]}}