{"id":622769,"date":"2025-12-26T06:01:29","date_gmt":"2025-12-26T06:01:29","guid":{"rendered":"https:\/\/www.europesays.com\/fr\/622769\/"},"modified":"2025-12-26T06:01:29","modified_gmt":"2025-12-26T06:01:29","slug":"en-images-la-folle-epopee-europeenne-de-grenoble-texier-a-montreal-aymoz-au-sommet-revivez-lannee-du-hockey-et-du-patinage","status":"publish","type":"post","link":"https:\/\/www.europesays.com\/fr\/622769\/","title":{"rendered":"En images. La folle \u00e9pop\u00e9e europ\u00e9enne de Grenoble, Texier \u00e0 Montr\u00e9al, Aymoz au sommet &#8230; Revivez l&rsquo;ann\u00e9e du hockey et du patinage"},"content":{"rendered":"<p>En 2025, le hockey sur glace aura rim\u00e9 avec Br\u00fbleurs de loups. Champion de France, finaliste de la Coupe de France, qualifi\u00e9 en huiti\u00e8me de finale de Ligue des champions, Grenoble aura brill\u00e9 en Europe&#8230; et m\u00eame au dela. Gr\u00e2ce \u00e0 son fils prodigue Alexandre Texier, en perdition \u00e0 Saint-Louis et transf\u00e9r\u00e9 avec succ\u00e8s au sein de la prestigieuse franchise des Canadiens de Montr\u00e9al. Lui aussi gamin de la patinoire Polesud, Kevin Aymoz a d\u00e9croch\u00e9 un premier succ\u00e8s en Grand Prix, un septi\u00e8me titre de champion de France et une cinqui\u00e8me place aux Mondiaux. Revivez l&rsquo;ann\u00e9e 2025 du hockey sur glace et du patinage artistique.<\/p>\n","protected":false},"excerpt":{"rendered":"En 2025, le hockey sur glace aura rim\u00e9 avec Br\u00fbleurs de loups. Champion de France, finaliste de la&hellip;\n","protected":false},"author":2,"featured_media":622770,"comment_status":"","ping_status":"","sticky":false,"template":"","format":"standard","meta":{"footnotes":""},"categories":[9566],"tags":[1111,11,2430,1777,674,1701,1011,27,5325,2798,9540,2731,4638,881,4133,19383,22848,35795,10145,56923,108,10146,12,41926,25,5508,517,1947],"class_list":{"0":"post-622769","1":"post","2":"type-post","3":"status-publish","4":"format-standard","5":"has-post-thumbnail","7":"category-grenoble","8":"tag-actu","9":"tag-actualites","10":"tag-auvergne-rhone-alpes","11":"tag-eu","12":"tag-europe","13":"tag-fil-info-sport","14":"tag-fr","15":"tag-france","16":"tag-galerie-media","17":"tag-galerie-photo","18":"tag-galerie-sport","19":"tag-grenoble","20":"tag-haute-savoie","21":"tag-hautes-alpes","22":"tag-hockey-sur-glace","23":"tag-hockey-sur-glace-briancon","24":"tag-hockey-sur-glace-chamonix","25":"tag-hockey-sur-glace-gap","26":"tag-hockey-sur-glace-grenoble","27":"tag-hockey-sur-glace-villard-de-lans","28":"tag-isere","29":"tag-ligue-magnus-hockey-sur-glace","30":"tag-news","31":"tag-patinage-artistique","32":"tag-republique-francaise","33":"tag-savoie","34":"tag-sport","35":"tag-sport-national"},"share_on_mastodon":{"url":"","error":"Validation failed: Text character limit of 500 exceeded"},"_links":{"self":[{"href":"https:\/\/www.europesays.com\/fr\/wp-json\/wp\/v2\/posts\/622769","targetHints":{"allow":["GET"]}}],"collection":[{"href":"https:\/\/www.europesays.com\/fr\/wp-json\/wp\/v2\/posts"}],"about":[{"href":"https:\/\/www.europesays.com\/fr\/wp-json\/wp\/v2\/types\/post"}],"author":[{"embeddable":true,"href":"https:\/\/www.europesays.com\/fr\/wp-json\/wp\/v2\/users\/2"}],"replies":[{"embeddable":true,"href":"https:\/\/www.europesays.com\/fr\/wp-json\/wp\/v2\/comments?post=622769"}],"version-history":[{"count":0,"href":"https:\/\/www.europesays.com\/fr\/wp-json\/wp\/v2\/posts\/622769\/revisions"}],"wp:featuredmedia":[{"embeddable":true,"href":"https:\/\/www.europesays.com\/fr\/wp-json\/wp\/v2\/media\/622770"}],"wp:attachment":[{"href":"https:\/\/www.europesays.com\/fr\/wp-json\/wp\/v2\/media?parent=622769"}],"wp:term":[{"taxonomy":"category","embeddable":true,"href":"https:\/\/www.europesays.com\/fr\/wp-json\/wp\/v2\/categories?post=622769"},{"taxonomy":"post_tag","embeddable":true,"href":"https:\/\/www.europesays.com\/fr\/wp-json\/wp\/v2\/tags?post=622769"}],"curies":[{"name":"wp","href":"https:\/\/api.w.org\/{rel}","templated":true}]}}