{"id":622773,"date":"2025-12-26T06:03:41","date_gmt":"2025-12-26T06:03:41","guid":{"rendered":"https:\/\/www.europesays.com\/fr\/622773\/"},"modified":"2025-12-26T06:03:41","modified_gmt":"2025-12-26T06:03:41","slug":"echeverri-kamara-blas-ca-bouge-chez-les-rouge-et-noir","status":"publish","type":"post","link":"https:\/\/www.europesays.com\/fr\/622773\/","title":{"rendered":"Echeverri, Kamara, Blas\u2026 \u00e7a bouge chez les Rouge et Noir"},"content":{"rendered":"<p><strong>Les Rennais veulent se r\u00e9ajuster en janvier. Un meneur de jeu est activement recherch\u00e9 et des ind\u00e9sirables sont pouss\u00e9s vers la sortie.<\/strong><\/p>\n<p>Selon le quotidien r\u00e9gional Ouest-France, le Stade Rennais, 6\u00e8me de Ligue 1 \u00e0 la tr\u00eave, commencerait \u00e0 s\u2019activer en vue du <a href=\"https:\/\/wesportfr.com\/mercato-rennes-reda-belahyane-la-fausse-bonne-idee-du-clan-beye\/\" data-type=\"link\" data-id=\"https:\/\/wesportfr.com\/mercato-rennes-reda-belahyane-la-fausse-bonne-idee-du-clan-beye\/\" target=\"_blank\" rel=\"noopener\">mercato hivernal<\/a>. Le club breton souhaiterait recruter un milieu offensif, profil manquant dans l\u2019\u00e9quipe d\u2019<strong>Habib Beye<\/strong> depuis le d\u00e9but de la saison.<\/p>\n<p>En ce sens, les dirigeants rennais se seraient pench\u00e9s sur le meneur de jeu de Manchester City <strong>Claudio Echeverri<\/strong> (19 ans). L\u2019international U20 argentin (12 s\u00e9lections, 6 buts) est pr\u00eat\u00e9 cette saison au Bayer Leverkusen. Une rumeur de courte dur\u00e9e puisque le natif de Resistencia devrait finalement prendre la direction de G\u00e9rone, club appartenant au City Football Group.<\/p>\n<p>Kamara et Blas exfiltr\u00e9s en janvier ?<\/p>\n<p>Toujours selon Ouest-France, le <a href=\"https:\/\/wesportfr.com\/tag\/stade-rennais\/\" data-type=\"link\" data-id=\"https:\/\/wesportfr.com\/tag\/stade-rennais\/\" target=\"_blank\" rel=\"noopener\">SRFC<\/a> travaillerait sur plusieurs dossiers en simultan\u00e9, notamment dans le sens des d\u00e9parts. Le milieu de terrain international finlandais <strong>Glen Kamara<\/strong> (70 s\u00e9lections) serait invit\u00e9 \u00e0 aller voir ailleurs cet hiver. Recrut\u00e9 le 16 juillet 2024 par <strong>Frederic Massara<\/strong>, le joueur de 30 ans est sous contrat avec les Rouge et Noir jusqu\u2019au 30 juin 2028.<\/p>\n<p><img fetchpriority=\"high\" decoding=\"async\" width=\"850\" height=\"567\" alt=\"Stade Rennais FC v Toulouse FC  \u2013 Ligue 1 MCDonald\u2019s 2024\/2025\" class=\"wp-image-15163335 lazy\" src=\"https:\/\/www.europesays.com\/fr\/wp-content\/uploads\/2025\/12\/https:\/\/media.wesportfr.com\/main\/2025\/12\/ICONSPORT_244189_0068.jpg\"\/>Ludovic Blas et Glen Kamara pourraient quitter Rennes cet hiver \u2013 Photo : Icon Sport<\/p>\n<p>Le club breton a tent\u00e9 de lui trouver une porte de sortie l\u2019\u00e9t\u00e9 dernier, sans succ\u00e8s. Il n\u2019a disput\u00e9 que 24 minutes en Ligue 1 cette saison. <strong>Ludovic Blas<\/strong> est aussi concern\u00e9 par un <a href=\"https:\/\/wesportfr.com\/mercato-rennes-habib-beye-a-deja-trouve-le-remplacant-de-ludovic-blas\/\" data-type=\"link\" data-id=\"https:\/\/wesportfr.com\/mercato-rennes-habib-beye-a-deja-trouve-le-remplacant-de-ludovic-blas\/\" target=\"_blank\" rel=\"noopener\">potentiel d\u00e9part<\/a> courant janvier. L\u2019ancien nantais a vu son temps de jeu chuter depuis sa non convocation pour le d\u00e9placement \u00e0 Toulouse le 29 octobre. Li\u00e9 au SRFC jusqu\u2019au 30 juin 2027, son imposant salaire est un v\u00e9ritable frein pour d\u2019\u00e9ventuels pr\u00e9tendants sur le march\u00e9.<\/p>\n","protected":false},"excerpt":{"rendered":"Les Rennais veulent se r\u00e9ajuster en janvier. Un meneur de jeu est activement recherch\u00e9 et des ind\u00e9sirables sont&hellip;\n","protected":false},"author":2,"featured_media":622774,"comment_status":"","ping_status":"","sticky":false,"template":"","format":"standard","meta":{"footnotes":""},"categories":[2821],"tags":[1111,11,829,1777,674,1011,27,12,584,25],"class_list":{"0":"post-622773","1":"post","2":"type-post","3":"status-publish","4":"format-standard","5":"has-post-thumbnail","7":"category-rennes","8":"tag-actu","9":"tag-actualites","10":"tag-bretagne","11":"tag-eu","12":"tag-europe","13":"tag-fr","14":"tag-france","15":"tag-news","16":"tag-rennes","17":"tag-republique-francaise"},"share_on_mastodon":{"url":"https:\/\/pubeurope.com\/@fr\/115784358819889508","error":""},"_links":{"self":[{"href":"https:\/\/www.europesays.com\/fr\/wp-json\/wp\/v2\/posts\/622773","targetHints":{"allow":["GET"]}}],"collection":[{"href":"https:\/\/www.europesays.com\/fr\/wp-json\/wp\/v2\/posts"}],"about":[{"href":"https:\/\/www.europesays.com\/fr\/wp-json\/wp\/v2\/types\/post"}],"author":[{"embeddable":true,"href":"https:\/\/www.europesays.com\/fr\/wp-json\/wp\/v2\/users\/2"}],"replies":[{"embeddable":true,"href":"https:\/\/www.europesays.com\/fr\/wp-json\/wp\/v2\/comments?post=622773"}],"version-history":[{"count":0,"href":"https:\/\/www.europesays.com\/fr\/wp-json\/wp\/v2\/posts\/622773\/revisions"}],"wp:featuredmedia":[{"embeddable":true,"href":"https:\/\/www.europesays.com\/fr\/wp-json\/wp\/v2\/media\/622774"}],"wp:attachment":[{"href":"https:\/\/www.europesays.com\/fr\/wp-json\/wp\/v2\/media?parent=622773"}],"wp:term":[{"taxonomy":"category","embeddable":true,"href":"https:\/\/www.europesays.com\/fr\/wp-json\/wp\/v2\/categories?post=622773"},{"taxonomy":"post_tag","embeddable":true,"href":"https:\/\/www.europesays.com\/fr\/wp-json\/wp\/v2\/tags?post=622773"}],"curies":[{"name":"wp","href":"https:\/\/api.w.org\/{rel}","templated":true}]}}