{"id":622775,"date":"2025-12-26T06:05:20","date_gmt":"2025-12-26T06:05:20","guid":{"rendered":"https:\/\/www.europesays.com\/fr\/622775\/"},"modified":"2025-12-26T06:05:20","modified_gmt":"2025-12-26T06:05:20","slug":"transports-stationnement-les-infos-pratiques-pour-nouvel-an-a-strasbourg","status":"publish","type":"post","link":"https:\/\/www.europesays.com\/fr\/622775\/","title":{"rendered":"Transports, stationnement&#8230; Les infos pratiques pour Nouvel an\u00a0\u00e0 Strasbourg"},"content":{"rendered":"<p class=\"wp-block-post-excerpt__excerpt\">Couvre-feu pour les mineurs, interdiction de stationnement\u2026 La pr\u00e9fecture du Bas-Rhin et l\u2019Eurom\u00e9tropole de Strasbourg ont pris des mesures pour la nuit du 31 d\u00e9cembre au 1er janvier. <\/p>\n<p class=\"font-sans\">\n\t\t\tCet article est en acc\u00e8s libre. Pour soutenir Rue89 Strasbourg,<br \/>\n\t\t\t<a class=\"underline\" href=\"https:\/\/www.rue89strasbourg.com\/abonnement\" target=\"_blank\" rel=\"noopener\">abonnez-vous<\/a>.\n\t\t<\/p>\n<p>Lole Roquet<\/p>\n<p>Publi\u00e9 le 26 d\u00e9cembre 2025\u00a0\u00a0\u00b7\u00a0\u00a0<\/p>\n<p>Imprim\u00e9 le 26 d\u00e9cembre 2025 \u00e0 07h05\u00a0\u00a0\u00b7\u00a0\u00a0<\/p>\n<p>\t\t\t\t\t2\u00a0minutes\n<\/p>\n<p>Dans la nuit du 31 d\u00e9cembre au 1er janvier, pour tenter de r\u00e9duire le nombre de voitures br\u00fbl\u00e9es et autres blessures par des feux d\u2019artifice, la pr\u00e9fecture du Bas-Rhin, l\u2019Eurom\u00e9tropole de Strasbourg et la Compagnie des Transports Strasbourgeois (CTS) mettent en place une s\u00e9rie de mesures exceptionnelles et d\u2019interdictions.<\/p>\n<p><a href=\"https:\/\/www.rue89strasbourg.com\/user\/offrez-rue89-strasbourg\" target=\"_blank\" rel=\" noreferrer noopener\"><img loading=\"lazy\" decoding=\"async\" width=\"1940\" height=\"500\" src=\"https:\/\/www.europesays.com\/fr\/wp-content\/uploads\/2025\/11\/banner-970x250px-promo-v2-.png\" alt=\"\" class=\"wp-image-367072\" style=\"object-fit:cover;width:970px;height:250px\"  \/><\/a><\/p>\n<p>Interruption du service CTS<\/p>\n<p>Dans un communiqu\u00e9, la CTS informe que la circulation des bus et trams sera interrompue dans la nuit du 31 d\u00e9cembre au 1er janvier entre 22h30 et 2h30. En dehors de ce cr\u00e9neau, les transports en commun circuleront selon un r\u00e9seau adapt\u00e9, int\u00e9grant certaines d\u00e9viations \u00e0 partir de 17h (voir la carte ci-dessous).<\/p>\n<p>Les trams circuleront toutes les 30 minutes entre 19h et 22h puis toutes les heures apr\u00e8s 2h30 du matin. Certains arr\u00eats ne seront pas desservis, dont la station souterraine de la gare centrale pour les lignes de tram A et D \u00e0 partir de 22h30 et la station de la place d\u2019Islande apr\u00e8s 19h. Les lignes de trams E et F fusionneront \u00e0 R\u00e9publique.<\/p>\n<p>Le fonctionnement du r\u00e9seau CTS reprendra jeudi 1er janvier \u00e0 5h selon les horaires sp\u00e9cifiques \u00ab\u00a0jours f\u00e9ri\u00e9s\u00a0\u00bb.<\/p>\n<p>\t\tStationnements interdits et parkings gratuits<\/p>\n<p>Pour \u00e9viter les voitures brul\u00e9es et faciliter l\u2019intervention des secours, certaines rues sont interdites au stationnement du 31 d\u00e9cembre au 1er janvier (voir les zones en jaune sur la carte ci-dessous).<\/p>\n<p>Pour prot\u00e9ger les v\u00e9hicules, 11 Parkings-Relais seront exceptionnellement gratuits et gardienn\u00e9s, de 6h du matin le mercredi 31 d\u00e9cembre \u00e0 15h le jeudi 1er janvier. Il s\u2019agit des parkings\u00a0de l\u2019\u00e9cole Schwilgu\u00e9 \u00e0 la Cit\u00e9 de l\u2019Ill, Ducs d\u2019Alsace, Elsau, Parc de la Citadelle, Parc des Romains, Stade de la Canardi\u00e8re, Baggersee, Poterie, Kibitzeneau, Jardin des Deux Rives et le parking du centre de formation de conduite \u00e0 la Musau.<\/p>\n<p>Des zones de stationnement gratuit sont aussi pr\u00e9vues dans le reste de l\u2019Eurom\u00e9tropole, \u00e0 Bischheim, H\u0153nheim, Illkirch-Graffenstaden, Lingolsheim, Schiltigheim et Ostwald. \u00a0\u00a0<\/p>\n<p>Couvre-feu pour les mineurs<\/p>\n<p>Depuis 2021, la pr\u00e9fecture impose chaque ann\u00e9e un couvre-feu pour les mineurs de moins de seize ans, non accompagn\u00e9s par un parent ou repr\u00e9sentant de l\u2019autorit\u00e9 parentale. La mesure s\u2019\u00e9tend du mercredi 31 d\u00e9cembre \u00e0 21h au jeudi 1er janvier \u00e0 6h dans les communes de Strasbourg, Hoenheim, Bischheim, Schiltigheim, IIIkirch-Graffenstaden, Lingolsheim et Ostwald.<\/p>\n<p>La vente et la consommation d\u2019alcool sur la voie publique sont \u00e9galement interdites dans l\u2019ensemble du Bas-Rhin pendant 24 heures, \u00e0 compter du 31 d\u00e9cembre \u00e0 midi.<\/p>\n<p>L\u2019achat, la vente et l\u2019utilisation des p\u00e9tards et feu d\u2019artifice sont interdits depuis le 1er d\u00e9cembre dans l\u2019ensemble du Bas-Rhin. Toutes les cat\u00e9gories de p\u00e9tards et feu d\u2019artifices sont concern\u00e9es, \u00e0 l\u2019exception de ceux de cat\u00e9gorie F1 (qui n\u2019ont pas de m\u00e8che). Enfin, jusqu\u2019au 3 janvier, vous ne pourrez pas acheter votre bidon d\u2019essence, dont la vente est \u00e9galement prohib\u00e9e.<\/p>\n","protected":false},"excerpt":{"rendered":"Couvre-feu pour les mineurs, interdiction de stationnement\u2026 La pr\u00e9fecture du Bas-Rhin et l\u2019Eurom\u00e9tropole de Strasbourg ont pris des&hellip;\n","protected":false},"author":2,"featured_media":622776,"comment_status":"","ping_status":"","sticky":false,"template":"","format":"standard","meta":{"footnotes":""},"categories":[2820],"tags":[1111,11,1777,674,1011,27,775,12,39117,25,640],"class_list":{"0":"post-622775","1":"post","2":"type-post","3":"status-publish","4":"format-standard","5":"has-post-thumbnail","7":"category-strasbourg","8":"tag-actu","9":"tag-actualites","10":"tag-eu","11":"tag-europe","12":"tag-fr","13":"tag-france","14":"tag-grand-est","15":"tag-news","16":"tag-nouvel-an","17":"tag-republique-francaise","18":"tag-strasbourg"},"share_on_mastodon":{"url":"https:\/\/pubeurope.com\/@fr\/115784367494604752","error":""},"_links":{"self":[{"href":"https:\/\/www.europesays.com\/fr\/wp-json\/wp\/v2\/posts\/622775","targetHints":{"allow":["GET"]}}],"collection":[{"href":"https:\/\/www.europesays.com\/fr\/wp-json\/wp\/v2\/posts"}],"about":[{"href":"https:\/\/www.europesays.com\/fr\/wp-json\/wp\/v2\/types\/post"}],"author":[{"embeddable":true,"href":"https:\/\/www.europesays.com\/fr\/wp-json\/wp\/v2\/users\/2"}],"replies":[{"embeddable":true,"href":"https:\/\/www.europesays.com\/fr\/wp-json\/wp\/v2\/comments?post=622775"}],"version-history":[{"count":0,"href":"https:\/\/www.europesays.com\/fr\/wp-json\/wp\/v2\/posts\/622775\/revisions"}],"wp:featuredmedia":[{"embeddable":true,"href":"https:\/\/www.europesays.com\/fr\/wp-json\/wp\/v2\/media\/622776"}],"wp:attachment":[{"href":"https:\/\/www.europesays.com\/fr\/wp-json\/wp\/v2\/media?parent=622775"}],"wp:term":[{"taxonomy":"category","embeddable":true,"href":"https:\/\/www.europesays.com\/fr\/wp-json\/wp\/v2\/categories?post=622775"},{"taxonomy":"post_tag","embeddable":true,"href":"https:\/\/www.europesays.com\/fr\/wp-json\/wp\/v2\/tags?post=622775"}],"curies":[{"name":"wp","href":"https:\/\/api.w.org\/{rel}","templated":true}]}}