{"id":62278,"date":"2025-04-29T17:00:20","date_gmt":"2025-04-29T17:00:20","guid":{"rendered":"https:\/\/www.europesays.com\/fr\/62278\/"},"modified":"2025-04-29T17:00:20","modified_gmt":"2025-04-29T17:00:20","slug":"concert-vide-greniers-theatre-10-idees-sorties-a-toulouse-pour-ce-premier-long-week-end-de-mai","status":"publish","type":"post","link":"https:\/\/www.europesays.com\/fr\/62278\/","title":{"rendered":"Concert, vide-greniers, th\u00e9\u00e2tre&#8230;10 id\u00e9es sorties \u00e0 Toulouse pour ce premier long week-end de mai"},"content":{"rendered":"<p>            Par<br \/>\n        <strong><br \/>\n            <a href=\"https:\/\/actu.fr\/auteur\/lucie-2\" title=\"Consulter tous les articles de Lucie Fraisse\" rel=\"nofollow noopener\" target=\"_blank\">Lucie Fraisse<\/a><br \/>\n        <\/strong><\/p>\n<p>        Publi\u00e9 le<\/p>\n<p>            29 avr. 2025 \u00e0 18h52        <\/p>\n<p>Voici le premier <strong>long week-end de mai 2025<\/strong> qui s\u2019annonce. Vous en profiterez peut-\u00eatre pour aller voir du pays, mais sachez que si vous restez \u00e0 <a href=\"https:\/\/actu.fr\/toulouse\/\" rel=\"nofollow noopener\" target=\"_blank\">Toulouse<\/a>, l\u2019offre culturelle et de loisirs est riche ces prochains jours ! Voici notre s\u00e9lection de sorties \u00e0 faire dans la Ville rose et aux alentours du 30 avril au 5 mai 2025.<\/p>\n<p>#1. Concert en famille \u00e0 la Halle aux grains<br \/>\n      <img   decoding=\"async\" loading=\"lazy\" src=\"https:\/\/www.europesays.com\/fr\/wp-content\/uploads\/2025\/04\/4c3b063e20766704b063e2076444b0v-960x640.jpg\" alt=\"Rendez-vous \u00e0 la Halles aux grains pour un concert pour toute la famille.\" width=\"960\" height=\"640\"\/><br \/>\n    Rendez-vous \u00e0 la Halles aux grains pour un concert pour toute la famille. (\u00a9Gabriel Kenedi)<\/p>\n<p class=\" wall-content\">Rendez-vous le dimanche 4 mai \u00e0 11 heures et 16 heures, pour des concerts en famille \u00e0 la Halle aux grains avec l\u2019Orchestre national du Capitole,<strong> \u00e0 partir de 6 ans<\/strong>. Un concert en mode \u00ab\u00a0cherche et trouve\u00a0\u00bb qui s\u2019annonce r\u00e9jouissant !\u00a0<\/p>\n<p>A la Halle aux grains, \u00e0 11 heures et 16 heures, le 4 mai. Tarifs 5 et 20 euros. Plus d\u2019infos<a href=\"https:\/\/www.orchestredechambredetoulouse.fr\/\" rel=\"nofollow noopener\" target=\"_blank\"> sur le site de l\u2019ONCT<\/a>.#2. Th\u00e9\u00e2tre jeune public au Grand rond<br \/>\n      <img   decoding=\"async\" loading=\"lazy\" src=\"https:\/\/www.europesays.com\/fr\/wp-content\/uploads\/2025\/04\/25564-181015092233372-0-960x640.jpg\" alt=\"Le th\u00e9\u00e2tre du Grand rond.\" width=\"960\" height=\"640\"\/><br \/>\n    Le th\u00e9\u00e2tre du Grand rond. (\u00a9Mathieu Arnal)<\/p>\n<p class=\" wall-content\">Rendez-vous jeune public avec<strong> l\u2019histoire de P\u00e9ronille<\/strong> que tentent de nous raconter deux s\u0153urs. P\u00e9ronille c\u2019est une chevali\u00e8re accompagn\u00e9e de Destrier, son fid\u00e8le cheval. Elle doit passer des \u00e9preuves et r\u00e9pondre \u00e0 une question : c\u2019est quoi l\u2019amour ?<\/p>\n<p>Jusqu\u2019au 10 mai, les mercredis et samedis pour les enfants d\u00e8s 5 ans. Tarif : 7 euros. Plus d\u2019infos <a href=\"https:\/\/www.grand-rond.org\/\" rel=\"nofollow noopener\" target=\"_blank\">sur le site du th\u00e9\u00e2tre<\/a>.#3. Jeux floraux et f\u00eate des fleurs<br \/>\n      <img   decoding=\"async\" loading=\"lazy\" src=\"https:\/\/www.europesays.com\/fr\/wp-content\/uploads\/2025\/04\/hoteldassezat-960x640.jpeg\" alt=\"L'h\u00f4tel d'Assezat.\" width=\"960\" height=\"640\"\/><br \/>\n    L\u2019h\u00f4tel d\u2019Assezat. (\u00a9Mar\u00e9va Laville \/ Actu Toulouse)<\/p>\n<p class=\" wall-content\">C\u2019est la 701e \u00e9dition<strong> des jeux floraux de Toulouse et leur f\u00eate des fleurs<\/strong> le 3 mai. Une journ\u00e9e qui mettra la po\u00e9sie \u00e0 l\u2019honneur avec un r\u00e9cital en musique \u00e0 la salle Cl\u00e9mence-Isaure de l\u2019h\u00f4tel d\u2019Ass\u00e9zat, \u00e0 16 heures. L\u2019acad\u00e9mie des Jeux Floraux remettra ensuite ses prix de po\u00e9sie et de prose en fran\u00e7ais et en occitan, au Capitole, \u00e0 18 h30. Un po\u00e8te de renomm\u00e9e internationale sera notamment r\u00e9compens\u00e9.<\/p>\n<p>\u00c0 partir de 16 heures, le 3 mai \u00e0 l\u2019h\u00f4tel d\u2019Ass\u00e9zat. Plus d\u2019infos <a href=\"https:\/\/jeuxfloraux.fr\/\" rel=\"nofollow noopener\" target=\"_blank\">sur le site d\u00e9di\u00e9<\/a>.#4. Pagaille \u00e0 la Cartoucherie<\/p>\n<p class=\" wall-content\">Quatre jours pour les parents, les enfants, les grands-parents : <strong>la famille est \u00e0 la f\u00eate<\/strong> \u00e0 la Halle de la Cartoucherie avec le festival Pagaille qui se tiendra du 1\u1d49\u02b3 au 4 mai. Organis\u00e9 en partenariat avec Mother in town, ce festival promet de bons moments pour toute la famille !<\/p>\n<p>1er au 4 mai 2025 \u00e0 partir de 10h \u00e0 la Halle de la Cartoucherie. Entr\u00e9e libre. Plus d\u2019infos sur <a href=\"https:\/\/halles-cartoucherie.fr\/\" rel=\"nofollow noopener\" target=\"_blank\">le site de la cartoucherie<\/a>.#5. Soa au M\u00e9tronum<br \/>\n      <img   decoding=\"async\" loading=\"lazy\" src=\"https:\/\/www.europesays.com\/fr\/wp-content\/uploads\/2025\/04\/soa-zulucorbeau-960x640.png\" alt=\"Soa sort son premier album en ce d\u00e9but de mois de mai.\" width=\"960\" height=\"640\"\/><br \/>\n    Soa sort son premier album en ce d\u00e9but de mois de mai. (\u00a9zulu.corbeau)<\/p>\n<p class=\" wall-content\">Leur premier album, Telo, sortira ce 2 mai. Pour c\u00e9l\u00e9brer sa sortie, le duo made in Toulouse se produira sur la sc\u00e8ne du Metronum ,<strong> \u00e0 Toulouse, le 3 mai<\/strong>, \u00e0 21 heures, pour une \u00a0\u00bb Release party \u00ab\u00a0.\u00a0<\/p>\n<p>#6. Echos et merveilles\u00a0<br \/>\n      <img   decoding=\"async\" loading=\"lazy\" src=\"https:\/\/www.europesays.com\/fr\/wp-content\/uploads\/2025\/04\/echos-et-merveilles-2024-mlc-4-960x640.jpg\" alt=\"Le festival Echos et merveilles revient au Bascala.\" width=\"960\" height=\"640\"\/><br \/>\n    Le festival Echos et merveilles revient au Bascala.<\/p>\n<p class=\" wall-content\">\u00c9chos et Merveilles, <strong>le festival de l\u2019imaginaire<\/strong> revient pour une 7\u1d49 \u00e9dition. Install\u00e9 \u00e0 Brugui\u00e8res (Haute-Garonne), du mercredi 30 avril au dimanche 4 mai, l\u2019\u00e9v\u00e9nement se d\u00e9roulera comme d\u2019habitude sur la sc\u00e8ne du Bascala, \u00e0 moins de 15 minutes de Toulouse, avec de nombreux concerts, un espaces d\u00e9di\u00e9s aux romans et \u00e0 la BD fantastiques, mais aussi de nombreux artisans.<\/p>\n<p>Toutes les infos <a href=\"https:\/\/www.echosetmerveilles.com\/\" rel=\"nofollow noopener\" target=\"_blank\">sur le site du festival<\/a>#7. Les serres municipales ouvrent leurs portes<br \/>\n      <img   decoding=\"async\" loading=\"lazy\" src=\"https:\/\/www.europesays.com\/fr\/wp-content\/uploads\/2025\/04\/whatsapp-image-2024-04-30-at-121550-960x640.jpeg\" alt=\"Les serres municipales habituellement ferm\u00e9es au public vont ouvrir ce week-end.\" width=\"960\" height=\"640\"\/><br \/>\n    Les serres municipales habituellement ferm\u00e9es au public vont ouvrir ce week-end. (\u00a9Marie Lamarque \/ Actu Toulouse)<\/p>\n<p class=\" wall-content\">Les serres municipales conservent une pr\u00e9cieuse collection de violettes de Toulouse horticole. Avec pr\u00e8s de 1 000 pots repr\u00e9sentant 130 vari\u00e9t\u00e9s, cette fleur embl\u00e9matique fait l\u2019objet d\u2019un soin particulier. Chaque ann\u00e9e, environ 2 000 jeunes plantes de violettes sont produites, contribuant \u00e0 la sauvegarde et \u00e0 la valorisation de ce patrimoine local unique.\u00a0<\/p>\n<p class=\" wall-content\">Le 3 et le 4 mai, venez<strong> d\u00e9couvrir les coulisses de la production v\u00e9g\u00e9tale<\/strong> dans une ambiance festive et pleine de verdure !\u00a0Au programme : ateliers ludiques, jeux pour les enfants, d\u00e9monstration de rempotage\u2026\u00a0 Et pour prolonger la visite, un charmant march\u00e9 aux fleurs et aux plants mara\u00eechers vous attend \u00e0 l\u2019entr\u00e9e par des p\u00e9pini\u00e9ristes passionn\u00e9s.\u00a0<\/p>\n<p>Les 3 et 4 mai, de 9 heures \u00e0 18 heures, 19 boulevard de la Marne<\/p>\n<p>#8. Match d\u2019impro\u00a0<br \/>\n      <img   decoding=\"async\" loading=\"lazy\" src=\"https:\/\/www.europesays.com\/fr\/wp-content\/uploads\/2025\/04\/25534-210528141151821-0-960x640.jpg\" alt=\"L'\u00e9quipe de la Bulle carr\u00e9e va affronter une \u00e9quipe venue du Qu\u00e9bec.\" width=\"960\" height=\"640\"\/><br \/>\n    L\u2019\u00e9quipe de la Bulle carr\u00e9e va affronter une \u00e9quipe venue du Qu\u00e9bec. (\u00a9La Bulle Carr\u00e9e)<\/p>\n<p class=\" wall-content\">Les amateurs d\u2019improvisation th\u00e9\u00e2trale ont rendez-vous lundi 5 mai \u00e0 La Cabane pour un match au sommet ! Les <strong>Toulousains de la Bulle carr\u00e9<\/strong> affronteront une \u00e9quipe venue du Qu\u00e9bec, terre historique des matchs d\u2019improvisation. Du beau spectacle en perspective !<\/p>\n<p>Match d\u2019impro France-Qu\u00e9, bec, lundi 5 mai, \u00e0 la Cabane, 16 ter avenue Raymond Badiou, \u00e0 20h30. Tarifs : de 14 \u00e0 28 euros. Pus d\u2019infos <a href=\"https:\/\/bullecarree.fr\/\" rel=\"nofollow noopener\" target=\"_blank\">sur le site de la Bulle carr\u00e9<\/a>.#9. F\u00eate des Capitouls<\/p>\n<p class=\" wall-content\">C\u2019est le grand retour <a href=\"https:\/\/actu.fr\/occitanie\/toulouse_31555\/fete-foraine-sur-la-piste-des-geants_62565989.html\" rel=\"nofollow noopener\" target=\"_blank\">de la F\u00eate des Capitouls<\/a>. Du <strong>30 avril au 25 mai<\/strong>, cette f\u00eate foraine familiale s\u2019installe \u00e0 Montaudran, sur la Piste des G\u00e9ants.<\/p>\n<p class=\" wall-content\">Apr\u00e8s avoir vu d\u00e9coller les pionniers de l\u2019a\u00e9ronautique, la mythique piste toulousaine va donc voir d\u00e9barquer les attractions foraines.\u00a0Man\u00e8ges, auto-tamponneuses, attractions, stands de confiseries\u2026. Il y en aura pour tous les go\u00fbts.<\/p>\n<p>Du 30 avril au 25 mai, tous les jours, sauf les lundis, de 14 heures \u00e0 20 heures, jusqu\u2019\u00e0 21 heures les vendredis, samedis, et veilles de jours f\u00e9ri\u00e9s.<\/p>\n<p>#10. Brocantes et vide-greniers<br \/>\n      <img   decoding=\"async\" loading=\"lazy\" src=\"https:\/\/www.europesays.com\/fr\/wp-content\/uploads\/2025\/04\/8e55a1c1b5e36a265a1c1b5e37665av-960x640.jpg\" alt=\"De nombreux vide-greniers sont organis\u00e9s ce week-end.\" width=\"960\" height=\"640\"\/><br \/>\n    De nombreux vide-greniers sont organis\u00e9s ce week-end. (\u00a9L\u2019\u00c9claireur \u2013 Actu.fr)<\/p>\n<p class=\" wall-content\">Ponts de mai et beau temps qui revient, c\u2019est le combo id\u00e9al pour aller chiner. D\u00e9couvrez notre s\u00e9lection de rendez-vous brocante et vide-greniers, \u00e0 Toulouse et aux alentours pour ce premier long week-end de mai, en lisant l\u2019article suivant :<\/p>\n<p class=\" wall-content\">Suivez toute l\u2019actualit\u00e9 de vos villes et m\u00e9dias favoris en vous inscrivant \u00e0 <a href=\"https:\/\/moncompte.actu.fr\" title=\"D\u00e9couvez Mon Actu\" rel=\"nofollow noopener\" data-trk=\"{&quot;cta&quot;:{&quot;action&quot;:&quot;https:\\\/\\\/moncompte.actu.fr&quot;,&quot;category&quot;:&quot;mon compte&quot;,&quot;from&quot;:&quot;article footer&quot;,&quot;name&quot;:&quot;Mon actu&quot;,&quot;type&quot;:&quot;cta&quot;}}\" target=\"_blank\">Mon Actu<\/a>.<\/p>\n","protected":false},"excerpt":{"rendered":"Par Lucie Fraisse Publi\u00e9 le 29 avr. 2025 \u00e0 18h52 Voici le premier long week-end de mai 2025&hellip;\n","protected":false},"author":2,"featured_media":62279,"comment_status":"","ping_status":"","sticky":false,"template":"","format":"standard","meta":{"footnotes":""},"categories":[2816],"tags":[1111,11,1777,674,1011,27,12,2680,25,104,1341,2312],"class_list":{"0":"post-62278","1":"post","2":"type-post","3":"status-publish","4":"format-standard","5":"has-post-thumbnail","7":"category-toulouse","8":"tag-actu","9":"tag-actualites","10":"tag-eu","11":"tag-europe","12":"tag-fr","13":"tag-france","14":"tag-news","15":"tag-occitanie","16":"tag-republique-francaise","17":"tag-societe","18":"tag-sortir-a-toulouse","19":"tag-toulouse"},"share_on_mastodon":{"url":"https:\/\/pubeurope.com\/@fr\/114422325418863343","error":""},"_links":{"self":[{"href":"https:\/\/www.europesays.com\/fr\/wp-json\/wp\/v2\/posts\/62278","targetHints":{"allow":["GET"]}}],"collection":[{"href":"https:\/\/www.europesays.com\/fr\/wp-json\/wp\/v2\/posts"}],"about":[{"href":"https:\/\/www.europesays.com\/fr\/wp-json\/wp\/v2\/types\/post"}],"author":[{"embeddable":true,"href":"https:\/\/www.europesays.com\/fr\/wp-json\/wp\/v2\/users\/2"}],"replies":[{"embeddable":true,"href":"https:\/\/www.europesays.com\/fr\/wp-json\/wp\/v2\/comments?post=62278"}],"version-history":[{"count":0,"href":"https:\/\/www.europesays.com\/fr\/wp-json\/wp\/v2\/posts\/62278\/revisions"}],"wp:featuredmedia":[{"embeddable":true,"href":"https:\/\/www.europesays.com\/fr\/wp-json\/wp\/v2\/media\/62279"}],"wp:attachment":[{"href":"https:\/\/www.europesays.com\/fr\/wp-json\/wp\/v2\/media?parent=62278"}],"wp:term":[{"taxonomy":"category","embeddable":true,"href":"https:\/\/www.europesays.com\/fr\/wp-json\/wp\/v2\/categories?post=62278"},{"taxonomy":"post_tag","embeddable":true,"href":"https:\/\/www.europesays.com\/fr\/wp-json\/wp\/v2\/tags?post=62278"}],"curies":[{"name":"wp","href":"https:\/\/api.w.org\/{rel}","templated":true}]}}