{"id":622781,"date":"2025-12-26T06:10:55","date_gmt":"2025-12-26T06:10:55","guid":{"rendered":"https:\/\/www.europesays.com\/fr\/622781\/"},"modified":"2025-12-26T06:10:55","modified_gmt":"2025-12-26T06:10:55","slug":"un-motard-decede-dans-un-accident-a-frejus-la-circulation-fortement-perturbee","status":"publish","type":"post","link":"https:\/\/www.europesays.com\/fr\/622781\/","title":{"rendered":"Un motard d\u00e9c\u00e8de dans un accident \u00e0 Fr\u00e9jus, la circulation fortement perturb\u00e9e"},"content":{"rendered":"<p class=\"fs-5 \">Dramatique la veille de No\u00ebl. Un accident de la circulation a fait unmort, cet apr\u00e8s-midi du mercredi 24 d\u00e9cembre, sur la commune de Fr\u00e9jus.<\/p>\n<p class=\"fs-5 \">Sur la route d\u00e9partementale 8, reliant le Collet Redon \u00e0 Sainte-Maxime par le massif des Petites Maures et le col de Bougnon, <strong>voie particuli\u00e8rement accidentog\u00e8ne<\/strong>, une voiture et une moto se sont violemment percut\u00e9es, faisant <strong>deux bless\u00e9s l\u00e9gers<\/strong> \u00e0 l\u2019int\u00e9rieur du v\u00e9hicule.<\/p>\n<p class=\"fs-5 \">Le conducteur de la moto, lui, est d\u00e9c\u00e9d\u00e9 des suites de ses blessures.<\/p>\n<p class=\"fs-5 \">Polytraumatis\u00e9, l\u2019homme d\u2019une quarantaine d\u2019ann\u00e9es a \u00e9t\u00e9 pris en charge par les sapeurs-pompiers. Le Smur est intervenu et la victime a \u00e9t\u00e9 <strong>transport\u00e9e au centre hospitalier intercommunal de Fr\u00e9jus<\/strong> dans un premier temps.<\/p>\n<p class=\"fs-5 \">La police nationale a s\u00e9curis\u00e9 la zone et diligente <strong>une enqu\u00eate<\/strong> pour conna\u00eetre exactement les circonstances de l\u2019accident.<\/p>\n<p class=\"fs-5 \">La circulation est <strong>coup\u00e9e dans les deux sens <\/strong>et donc tr\u00e8s difficile sur ce secteur.<\/p>\n","protected":false},"excerpt":{"rendered":"Dramatique la veille de No\u00ebl. Un accident de la circulation a fait unmort, cet apr\u00e8s-midi du mercredi 24&hellip;\n","protected":false},"author":2,"featured_media":602316,"comment_status":"","ping_status":"","sticky":false,"template":"","format":"standard","meta":{"footnotes":""},"categories":[2819],"tags":[1111,11,1777,674,1011,27,12,2401,882,25],"class_list":{"0":"post-622781","1":"post","2":"type-post","3":"status-publish","4":"format-standard","5":"has-post-thumbnail","7":"category-nice","8":"tag-actu","9":"tag-actualites","10":"tag-eu","11":"tag-europe","12":"tag-fr","13":"tag-france","14":"tag-news","15":"tag-nice","16":"tag-provence-alpes-cote-dazur","17":"tag-republique-francaise"},"share_on_mastodon":{"url":"https:\/\/pubeurope.com\/@fr\/115784389964718787","error":""},"_links":{"self":[{"href":"https:\/\/www.europesays.com\/fr\/wp-json\/wp\/v2\/posts\/622781","targetHints":{"allow":["GET"]}}],"collection":[{"href":"https:\/\/www.europesays.com\/fr\/wp-json\/wp\/v2\/posts"}],"about":[{"href":"https:\/\/www.europesays.com\/fr\/wp-json\/wp\/v2\/types\/post"}],"author":[{"embeddable":true,"href":"https:\/\/www.europesays.com\/fr\/wp-json\/wp\/v2\/users\/2"}],"replies":[{"embeddable":true,"href":"https:\/\/www.europesays.com\/fr\/wp-json\/wp\/v2\/comments?post=622781"}],"version-history":[{"count":0,"href":"https:\/\/www.europesays.com\/fr\/wp-json\/wp\/v2\/posts\/622781\/revisions"}],"wp:featuredmedia":[{"embeddable":true,"href":"https:\/\/www.europesays.com\/fr\/wp-json\/wp\/v2\/media\/602316"}],"wp:attachment":[{"href":"https:\/\/www.europesays.com\/fr\/wp-json\/wp\/v2\/media?parent=622781"}],"wp:term":[{"taxonomy":"category","embeddable":true,"href":"https:\/\/www.europesays.com\/fr\/wp-json\/wp\/v2\/categories?post=622781"},{"taxonomy":"post_tag","embeddable":true,"href":"https:\/\/www.europesays.com\/fr\/wp-json\/wp\/v2\/tags?post=622781"}],"curies":[{"name":"wp","href":"https:\/\/api.w.org\/{rel}","templated":true}]}}