{"id":622790,"date":"2025-12-26T06:18:11","date_gmt":"2025-12-26T06:18:11","guid":{"rendered":"https:\/\/www.europesays.com\/fr\/622790\/"},"modified":"2025-12-26T06:18:11","modified_gmt":"2025-12-26T06:18:11","slug":"a-toulouse-de-futurs-journalistes-apportent-un-autre-point-de-vue-sur-les-quartiers-populaires-avec-mon-quartier-ma-life","status":"publish","type":"post","link":"https:\/\/www.europesays.com\/fr\/622790\/","title":{"rendered":"\u00c0 Toulouse, de futurs journalistes apportent \u00ab\u00a0un autre point de vue\u00a0\u00bb sur les quartiers populaires avec \u00ab\u00a0Mon Quartier, Ma Life\u00a0\u00bb"},"content":{"rendered":"<p class=\"paragraph text_align_left lp-f-body-02\">Souvent mis en avant pour le trafic de drogue ou d\u2019autres faits divers, les quartiers populaires sont aussi riches d\u2019associations et d\u2019initiatives qui m\u00e9riteraient d\u2019\u00eatre davantage mises en lumi\u00e8re. C\u2019est justement l\u2019objectif du dispositif \u00ab Mon Quartier, Ma Life \u00bb, port\u00e9 par le Club de la presse Occitanie.<\/p>\n<p class=\"\">N\u00e9 il y a trois ans \u00e0 Toulouse (Haute-Garonne) d\u2019une r\u00e9flexion d\u2019adh\u00e9rents du club sur le traitement assez partiel de la vie des quartiers populaires par les m\u00e9dias, ce projet a deux objectifs, comme l\u2019explique Agn\u00e8s Maurin, la directrice g\u00e9n\u00e9rale du Club de la presse : \u00ab L\u2019id\u00e9e premi\u00e8re est d\u2019\u00eatre une sorte d\u2019agence de presse, une AFP des quartiers, pour faire remonter des sujets diff\u00e9rents aupr\u00e8s des m\u00e9dias. Ce travail est fait par des jeunes en service civique, encadr\u00e9s par deux journalistes professionnels en r\u00e9sidence. De cette collaboration d\u00e9coule la deuxi\u00e8me ambition, qui est d\u2019aider une partie de cette jeunesse \u00e0 acc\u00e9der <a href=\"https:\/\/www.leparisien.fr\/etudiant\/orientation\/ecoles\/ecoles-de-journalisme-YIY7BQS4NVJM3KLUOKTS6MHYXI.php\" target=\"_blank\" rel=\"noopener\">aux \u00e9coles de journalisme<\/a>, pour amener de la diversit\u00e9 dans les m\u00e9dias. \u00bb<\/p>\n<p class=\"\">Concr\u00e8tement, \u00ab Mon Quartier, Ma Life \u00bb accueille cette ann\u00e9e trois jeunes de 21 \u00e0 24 ans, Chemsi, Vanessa et Amaury. Ils r\u00e9digent, avec l\u2019aide de deux journalistes, Sophie Arutunian et Benjamin Bourgine, des sujets mis \u00e0 disposition de la quarantaine de professionnels abonn\u00e9s. \u00ab C\u2019est gratuit. Nous envoyons nos articles aux personnes et ils peuvent les utiliser de diff\u00e9rentes mani\u00e8res. Soit ils les publient tel quel, soit le sujet les int\u00e9resse et ils vont le traiter \u00e0 leur mani\u00e8re, notamment pour la t\u00e9l\u00e9 ou la radio, soit ils reformulent \u00e0 la mani\u00e8re du travail fait sur une d\u00e9p\u00eache AFP \u00bb, d\u00e9taille Sophie Arutunian.<\/p>\n<p>Repris par France 3, Ici Occitanie et un magazine local<\/p>\n<p class=\"\">Derri\u00e8re ces reportages qui couvrent la vie et l\u2019actualit\u00e9 des quartiers de Mirail U, Bellefontaine et La Reynerie, l\u2019id\u00e9e est aussi de donner la parole \u00e0 leurs 35 000 habitants. Le riche tissu associatif, souvent port\u00e9 par des femmes, est l\u2019une des sources de sujets, mais pas seulement, puisque les apprentis journalistes ont d\u00e9j\u00e0 propos\u00e9 le Mirail vu par les enfants, des portraits d\u2019entrepreneurs ou une enqu\u00eate au long cours sur l\u2019acc\u00e8s aux soins dans ces quartiers. \u00ab Nous proposons aujourd\u2019hui deux articles par semaine en moyenne. L\u2019an dernier, Sarah et Kam\u00e9lia ont \u00e9crit une quarantaine d\u2019articles en 6-7 mois \u00bb, pr\u00e9cise Sophie Arutunian. Des articles qu\u2019il est possible de retrouver, en partie, sur Instagram et LinkedIn, notamment.<\/p>\n<p class=\"\">Preuve que \u00ab Mon Quartier, Ma Life \u00bb fonctionne, l\u2019une des deux jeunes femmes accompagn\u00e9es l\u2019an dernier, Kam\u00e9lia, \u00e9tudie aujourd\u2019hui \u00e0 l\u2019\u00e9cole de journalisme de Marseille. Plusieurs sujets ont par ailleurs d\u00e9j\u00e0 \u00e9t\u00e9 repris par le magazine toulousain Boudu, France 3 Occitanie ou Ici Occitanie. De quoi donner des id\u00e9es \u00e0 Chemsi et Vanessa, qui r\u00eavent de ce m\u00e9tier et pr\u00e9parent toutes les deux les concours d\u2019entr\u00e9e aux \u00e9coles, l\u2019une d\u2019elles en partenariat avec la pr\u00e9pa <a href=\"https:\/\/www.lachance.media\/\" target=\"_blank\" rel=\"noreferrer noopener\">La Chance, Pour la diversit\u00e9 dans les m\u00e9dias<\/a>.<\/p>\n<p class=\"\">\u00c0 21 ans, la premi\u00e8re est titulaire d\u2019une licence LLCE obtenue au Mirail et assure n\u2019\u00eatre \u00ab jamais aussi \u00e9panouie que derri\u00e8re un stylo, un micro ou une cam\u00e9ra. Mais, au-del\u00e0 de l\u2019aspect \u00e9go\u00efste, il y a aussi une notion d\u2019utilit\u00e9. On met en lumi\u00e8re des personnes, on leur donne la parole. Et puis c\u2019est un m\u00e9tier en p\u00e9ril, qui doit notamment mener une guerre contre la d\u00e9sinformation \u00bb.<\/p>\n<p>Pour grandir le dispositif<\/p>\n<p class=\"\">Ce qui guide Vanessa, apr\u00e8s sa licence Information Communication \u00e0 Toulouse, c\u2019est la \u00ab rencontre avec l\u2019autre, comme avec Nessin, qui veut ramasser les d\u00e9chets du quartier avec des \u00e2nes \u00bb. \u00ab Avec ce m\u00e9tier, le champ des possibles est tr\u00e8s ouvert et je pense pouvoir apporter un regard diff\u00e9rent, un autre point de vue \u00bb, explique la jeune fille de 23 ans, qui a grandi pendant 15 ans \u00e0 La Vache, un autre quartier populaire de Toulouse.<\/p>\n<p class=\"\">Si l\u2019ambition d\u2019origine \u00e9tait d\u2019accompagner des jeunes du quartier du Mirail vers le m\u00e9tier de journaliste, l\u2019op\u00e9ration s\u2019av\u00e8re plus difficile que pr\u00e9vu, et des candidats d\u2019autres quartiers ont \u00e9t\u00e9 finalement recrut\u00e9s. \u00ab L\u2019an dernier, Sarah et Kam\u00e9lia venaient d\u2019ici. Mais ces jeunes sont encore un peu sous les radars \u00bb, admet Sophie Arutunian. Cette ann\u00e9e, une quinzaine de candidatures ont \u00e9t\u00e9 re\u00e7ues et trois profils ont donc \u00e9t\u00e9 retenus, en privil\u00e9giant l\u2019envie de faire du journalisme.<\/p>\n<p class=\"\">Mais \u00ab Mon Quartier, Ma Life \u00bb, financ\u00e9 par des banques et les subventions de la politique de la ville et h\u00e9berg\u00e9 par la r\u00e9gion Occitanie dans un bureau de la Maison de l\u2019orientation du quartier Bellefontaine, n\u2019oublie pas cette mission et souhaite d\u00e9velopper des partenariats avec les \u00e9coles de journalisme notamment, pour identifier des profils de futurs professionnels. Avec la volont\u00e9, t\u00f4t ou tard, de se d\u00e9ployer dans d\u2019autres quartiers, voire d\u2019autres villes d\u2019Occitanie, de proposer de la vid\u00e9o et, pourquoi pas, de trouver un v\u00e9ritable mod\u00e8le \u00e9conomique.<\/p>\n","protected":false},"excerpt":{"rendered":"Souvent mis en avant pour le trafic de drogue ou d\u2019autres faits divers, les quartiers populaires sont aussi&hellip;\n","protected":false},"author":2,"featured_media":622791,"comment_status":"","ping_status":"","sticky":false,"template":"","format":"standard","meta":{"footnotes":""},"categories":[2816],"tags":[1111,917,11,459,1777,674,1011,27,4623,12,2680,25,104,2312],"class_list":{"0":"post-622790","1":"post","2":"type-post","3":"status-publish","4":"format-standard","5":"has-post-thumbnail","7":"category-toulouse","8":"tag-actu","9":"tag-actu-locale","10":"tag-actualites","11":"tag-departements-horsidfo","12":"tag-eu","13":"tag-europe","14":"tag-fr","15":"tag-france","16":"tag-haute-garonne-31","17":"tag-news","18":"tag-occitanie","19":"tag-republique-francaise","20":"tag-societe","21":"tag-toulouse"},"share_on_mastodon":{"url":"https:\/\/pubeurope.com\/@fr\/115784417491316431","error":""},"_links":{"self":[{"href":"https:\/\/www.europesays.com\/fr\/wp-json\/wp\/v2\/posts\/622790","targetHints":{"allow":["GET"]}}],"collection":[{"href":"https:\/\/www.europesays.com\/fr\/wp-json\/wp\/v2\/posts"}],"about":[{"href":"https:\/\/www.europesays.com\/fr\/wp-json\/wp\/v2\/types\/post"}],"author":[{"embeddable":true,"href":"https:\/\/www.europesays.com\/fr\/wp-json\/wp\/v2\/users\/2"}],"replies":[{"embeddable":true,"href":"https:\/\/www.europesays.com\/fr\/wp-json\/wp\/v2\/comments?post=622790"}],"version-history":[{"count":0,"href":"https:\/\/www.europesays.com\/fr\/wp-json\/wp\/v2\/posts\/622790\/revisions"}],"wp:featuredmedia":[{"embeddable":true,"href":"https:\/\/www.europesays.com\/fr\/wp-json\/wp\/v2\/media\/622791"}],"wp:attachment":[{"href":"https:\/\/www.europesays.com\/fr\/wp-json\/wp\/v2\/media?parent=622790"}],"wp:term":[{"taxonomy":"category","embeddable":true,"href":"https:\/\/www.europesays.com\/fr\/wp-json\/wp\/v2\/categories?post=622790"},{"taxonomy":"post_tag","embeddable":true,"href":"https:\/\/www.europesays.com\/fr\/wp-json\/wp\/v2\/tags?post=622790"}],"curies":[{"name":"wp","href":"https:\/\/api.w.org\/{rel}","templated":true}]}}