{"id":622801,"date":"2025-12-26T06:30:18","date_gmt":"2025-12-26T06:30:18","guid":{"rendered":"https:\/\/www.europesays.com\/fr\/622801\/"},"modified":"2025-12-26T06:30:18","modified_gmt":"2025-12-26T06:30:18","slug":"les-chiens-simposent-dans-le-debat-des-municipales-2026","status":"publish","type":"post","link":"https:\/\/www.europesays.com\/fr\/622801\/","title":{"rendered":"les chiens s&rsquo;imposent dans le d\u00e9bat des municipales 2026"},"content":{"rendered":"<p>                    Par<br \/>\n        <strong><br \/>\n            <a href=\"https:\/\/actu.fr\/auteur\/dorinegoth\" title=\"Consulter tous les articles de Dorine Goth\" target=\"_blank\" rel=\"noopener\">Dorine Goth<\/a><br \/>\n                    <\/strong><\/p>\n<p>        Publi\u00e9 le<\/p>\n<p>            26 d\u00e9c. 2025 \u00e0 6h46        <\/p>\n<p>\u00c0 Paris, les chiens ont encore la vie dure. Certains diraient une vie de chiens. Loin d\u2019\u00eatre fatalistes, le collectif Paris Condition Canine (PARC.C) entend bien renverser la tendance et profiter des \u00e9lections municipales 2026 pour d\u00e9fendre <a href=\"https:\/\/actu.fr\/ile-de-france\/paris_75056\/a-paris-ce-chien-de-race-a-perdu-sa-place-de-favori-dans-le-coeur-des-proprietaires_61966258.html\" target=\"_blank\" rel=\"noopener\">la voix des canid\u00e9s<\/a>. Fond\u00e9 en octobre\u00a02025, il f\u00e9d\u00e8re les 11 associations parisiennes engag\u00e9es pour <a href=\"https:\/\/actu.fr\/ile-de-france\/paris_75056\/je-trouve-ca-fabuleux-a-paris-plus-de-2000-chiens-defilent-fierement-sur-les-champs-elysees_63257505.html\" target=\"_blank\" rel=\"noopener\">le bien-\u00eatre des chiens<\/a> et le vivre-ensemble dans l\u2019espace public, pour environ <strong>50\u2009000 sympathisants<\/strong>. \u00ab\u2009L\u2019objectif est de construire une communaut\u00e9 solide pour dialoguer de mani\u00e8re constructive avec les \u00e9lus, les autres associations et les habitants\u2009\u00bb, pr\u00e9sente \u00e0 actu Paris, Aline Meynard, pr\u00e9sidente de l\u2019association montmartroise Les Poilus de la Butte et cofondatrice de PARC.C.<\/p>\n<p class=\" wall-content\"><strong>actu Paris\u2009: Pourquoi avoir choisi de fonder ce collectif \u00e0 six mois des municipales\u2009?<\/strong><\/p>\n<p class=\" wall-content\"><strong>Aline Meynard<\/strong>\u2009: Paris Condition Canine repr\u00e9sente aujourd\u2019hui 11 associations parisiennes, avec plus de dix ans d\u2019exp\u00e9rience de terrain. Cela fait plusieurs ann\u00e9es que nous \u00e9changeons avec les institutions et, \u00e0 l\u2019approche des municipales, nous avons d\u00e9cid\u00e9 de nous structurer davantage.<\/p>\n<p class=\" wall-content\">Nous couvrons actuellement 12 arrondissements, ainsi que <a href=\"https:\/\/actu.fr\/tag\/bois-de-boulogne\" target=\"_blank\" rel=\"noopener\">deux bois parisiens<\/a> et deux communes limitrophes. L\u2019objectif est de construire une communaut\u00e9 solide pour dialoguer de mani\u00e8re constructive avec les \u00e9lus, les autres associations et les habitants. Le tissu associatif est essentiel\u2009: nous aidons les collectifs \u00e0 monter leurs dossiers, \u00e0 les pr\u00e9senter aux mairies d\u2019arrondissement, \u00e0 la mairie centrale et \u00e0 la Direction des espaces verts de la Ville de Paris.<\/p>\n<p class=\" wall-content\"><strong>actu Paris\u2009: Paris est-elle aujourd\u2019hui une ville hostile aux chiens\u2009?<\/strong><\/p>\n<p class=\" wall-content\"><strong>A.M<\/strong>.\u2009: Paris est une ville en progr\u00e8s, mais elle reste largement perfectible. Il y a eu des avanc\u00e9es, notamment avec l\u2019<a href=\"https:\/\/actu.fr\/ile-de-france\/paris_75056\/quelqu-un-les-a-a-l-oeil-a-paris-les-chiens-du-parc-monceau-liberes-de-leurs-laisses_62531260.html\" target=\"_blank\" rel=\"noopener\">augmentation du nombre d\u2019espaces canins<\/a>, mais le bien-\u00eatre canin <a href=\"https:\/\/actu.fr\/ile-de-france\/paris_75056\/bien-etre-des-chiens-dans-le-8e-arrondissement-on-ne-veut-plus-etre-le-parent-pauvre-de-paris_60989996.html\" target=\"_blank\" rel=\"noopener\">n\u2019est pas encore suffisamment pris en compte<\/a>.<\/p>\n<p class=\" wall-content\">Paris pr\u00e9sente encore des aspects tr\u00e8s hostiles, notamment en mati\u00e8re de s\u00e9curisation.<br \/>Les <a href=\"https:\/\/actu.fr\/ile-de-france\/paris_75056\/paris-enfer-pour-les-cyclistes-et-pietons-ce-boulevard-pourrait-etre-transforme_60658134.html\" target=\"_blank\" rel=\"noopener\">pistes cyclables sur les trottoirs<\/a>, l\u2019impossibilit\u00e9 de traverser certains parcs ou m\u00eame de faire son march\u00e9 avec un chien illustrent une r\u00e9glementation urbaine ancienne, parfois incoh\u00e9rente.<\/p>\n<p class=\" wall-content\">Dans certains quartiers, la question de la propret\u00e9 est aussi centrale. Des situations dangereuses existent, comme des d\u00e9chets alimentaires ou du verre au sol, qui peuvent mettre la vie des chiens en danger. Paris n\u2019est donc pas une ville pens\u00e9e pour le chien, mais elle peut le devenir, \u00e0 condition d\u2019accompagner ces \u00e9volutions de mani\u00e8re coh\u00e9rente et s\u00e9curis\u00e9e.<\/p>\n<p class=\" wall-content\"><strong>actu Paris\u2009: Aujourd\u2019hui, la question canine semble in\u00e9vitable pour les politiques\u2026<\/strong><\/p>\n<p class=\" wall-content\"><strong>A.M<\/strong>\u2009: La place du chien dans la soci\u00e9t\u00e9 a profond\u00e9ment \u00e9volu\u00e9. Aujourd\u2019hui, beaucoup de jeunes couples adoptent un chien avant d\u2019avoir leur premier enfant. On a 100\u2009000 chiens dans la capitale, c\u2019est plus que le nombre d\u2019enfants de moins de trois ans. C\u2019est une r\u00e9alit\u00e9 sociale.<\/p>\n<p>Votre r\u00e9gion, votre actu !<\/p>\n<p>Recevez chaque jour les infos qui comptent pour vous.<\/p>\n<p>\t<a href=\"https:\/\/actu.fr\/newsletter\" class=\"ac-btn ac-btn--corner ac-btn--medium ac-btn--blue800\" target=\"_blank\" rel=\"noopener\">S&rsquo;incrire<\/a><\/p>\n<p class=\" wall-content\">Ce que nous d\u00e9fendons, c\u2019est un changement de paradigme\u2009: Paris doit tenir compte de ces \u00e9volutions. Ce que nous cherchons, c\u2019est rendre la ville plus vivable pour le chien, mais aussi pour l\u2019ensemble des habitants. Le bien vivre ensemble est au c\u0153ur de notre d\u00e9marche.<\/p>\n<p class=\" wall-content\"><strong>actu Paris\u2009: Quelles sont vos principales propositions\u2009?<\/strong><\/p>\n<p class=\" wall-content\"><strong>A.M.<\/strong>\u2009: Nous plaidons pour un acc\u00e8s g\u00e9n\u00e9ralis\u00e9 aux espaces publics avec des chiens tenus en laisse, en inversant la logique actuelle. Nous souhaitons toutefois conserver un cadre, notamment pour respecter la biodiversit\u00e9 et les riverains.<\/p>\n<p class=\" wall-content\">Nous demandons aussi la cr\u00e9ation d\u2019espaces canins s\u00e9curis\u00e9s dans tous les quartiers. Ces lieux cr\u00e9ent du lien social, ils sont mixtes et interg\u00e9n\u00e9rationnels. Dans certains secteurs, comme \u00e0 La Chapelle, ils participent \u00e0 leur s\u00e9curisation avec la cr\u00e9ation d\u2019espaces publics apais\u00e9s.<\/p>\n<p class=\" wall-content\">Un autre enjeu majeur concerne la mobilit\u00e9\u2009: aujourd\u2019hui, les chiens sont interdits dans les bus et les tramways s\u2019ils ne sont pas dans des sacs. Nous souhaitons pouvoir acc\u00e9der \u00e0 l\u2019ensemble des transports en commun avec nos chiens.<\/p>\n<p class=\" wall-content\"><strong>actu Paris\u2009: Certains projets peuvent susciter des r\u00e9ticences, notamment autour des chiens sans laisse\u2009?<\/strong><\/p>\n<p class=\" wall-content\"><strong>A.M.<\/strong>\u2009: Nous ne d\u00e9fendons pas une ouverture totale et non encadr\u00e9e. Les projets que nous portons sont s\u00e9curis\u00e9s. \u00c0 Nation, par exemple, nous travaillons sur des espaces d\u00e9limit\u00e9s et prot\u00e9g\u00e9s. Laisser des chiens sans cadre peut cr\u00e9er des accidents, comme \u00e7a a \u00e9t\u00e9 le cas derni\u00e8rement \u00e0 Nation [le chien a \u00e9t\u00e9 \u00e9cras\u00e9 par un camion]. C\u2019est pourquoi nous insistons sur la r\u00e9glementation, la s\u00e9curisation et la responsabilisation des ma\u00eetres. Nous avons d\u2019ailleurs r\u00e9dig\u00e9 des guides de bonne conduite pour garantir des espaces apais\u00e9s, sans nuisances.<\/p>\n<p class=\" wall-content\"><strong>actu Paris\u2009: Comment vos propositions sont-elles accueillies par les \u00e9lus et les candidats aux municipales\u2009?<\/strong><\/p>\n<p class=\" wall-content\"><strong>A.M.<\/strong>\u2009: Aujourd\u2019hui, ils savent qu\u2019au bout des laisses, c\u2019est potentiellement 100\u2009000 \u00e9lecteurs. C\u2019est un sujet qui fait consensus. Tous se disent favorables \u00e0 la cause canine. En octobre, un v\u0153u sur la place du chien \u00e0 Paris a \u00e9t\u00e9 vot\u00e9 \u00e0 l\u2019unanimit\u00e9 au Conseil de Paris, et plusieurs candidats en ont fait une feuille de route.<\/p>\n<p class=\" wall-content\">Certaines formations politiques ont travaill\u00e9 le sujet de mani\u00e8re tr\u00e8s approfondie, d\u2019autres moins. On retrouve n\u00e9anmoins d\u00e9j\u00e0 plusieurs de nos id\u00e9es dans les programmes qui seront d\u00e9voil\u00e9s. Nous finalisons actuellement un livre blanc, qui sera publi\u00e9 fin janvier. Il int\u00e9grera notamment un sondage sur la place du chien \u00e0 Paris et sera remis \u00e0 l\u2019ensemble des candidats.<\/p>\n<p class=\" wall-content\">Paris a progress\u00e9, avec 43 espaces canins aujourd\u2019hui, mais le bien-\u00eatre canin reste un chantier majeur pour la prochaine mandature.<\/p>\n<p class=\" wall-content\">Personnalisez votre actualit\u00e9 en ajoutant vos villes et m\u00e9dias en favori avec <a href=\"https:\/\/moncompte.actu.fr\" title=\"D\u00e9couvez Mon Actu\" rel=\"nofollow noopener\" data-trk=\"{&quot;cta&quot;:{&quot;action&quot;:&quot;https:\\\/\\\/moncompte.actu.fr&quot;,&quot;category&quot;:&quot;mon compte&quot;,&quot;from&quot;:&quot;article footer&quot;,&quot;name&quot;:&quot;Mon actu&quot;,&quot;type&quot;:&quot;cta&quot;}}\" target=\"_blank\">Mon Actu<\/a>.<\/p>\n","protected":false},"excerpt":{"rendered":"Par Dorine Goth Publi\u00e9 le 26 d\u00e9c. 2025 \u00e0 6h46 \u00c0 Paris, les chiens ont encore la vie&hellip;\n","protected":false},"author":2,"featured_media":622802,"comment_status":"","ping_status":"","sticky":false,"template":"","format":"standard","meta":{"footnotes":""},"categories":[1888],"tags":[1111,1928,11,1927,1867,4850,1777,674,1011,27,3434,12,1926,626,1925,25,104],"class_list":{"0":"post-622801","1":"post","2":"type-post","3":"status-publish","4":"format-standard","5":"has-post-thumbnail","7":"category-paris","8":"tag-actu","9":"tag-actu-paris","10":"tag-actualites","11":"tag-actualites-paris","12":"tag-animaux","13":"tag-chien","14":"tag-eu","15":"tag-europe","16":"tag-fr","17":"tag-france","18":"tag-municipales-2026","19":"tag-news","20":"tag-news-paris","21":"tag-paris","22":"tag-paris-news","23":"tag-republique-francaise","24":"tag-societe"},"share_on_mastodon":{"url":"https:\/\/pubeurope.com\/@fr\/115784464690444114","error":""},"_links":{"self":[{"href":"https:\/\/www.europesays.com\/fr\/wp-json\/wp\/v2\/posts\/622801","targetHints":{"allow":["GET"]}}],"collection":[{"href":"https:\/\/www.europesays.com\/fr\/wp-json\/wp\/v2\/posts"}],"about":[{"href":"https:\/\/www.europesays.com\/fr\/wp-json\/wp\/v2\/types\/post"}],"author":[{"embeddable":true,"href":"https:\/\/www.europesays.com\/fr\/wp-json\/wp\/v2\/users\/2"}],"replies":[{"embeddable":true,"href":"https:\/\/www.europesays.com\/fr\/wp-json\/wp\/v2\/comments?post=622801"}],"version-history":[{"count":0,"href":"https:\/\/www.europesays.com\/fr\/wp-json\/wp\/v2\/posts\/622801\/revisions"}],"wp:featuredmedia":[{"embeddable":true,"href":"https:\/\/www.europesays.com\/fr\/wp-json\/wp\/v2\/media\/622802"}],"wp:attachment":[{"href":"https:\/\/www.europesays.com\/fr\/wp-json\/wp\/v2\/media?parent=622801"}],"wp:term":[{"taxonomy":"category","embeddable":true,"href":"https:\/\/www.europesays.com\/fr\/wp-json\/wp\/v2\/categories?post=622801"},{"taxonomy":"post_tag","embeddable":true,"href":"https:\/\/www.europesays.com\/fr\/wp-json\/wp\/v2\/tags?post=622801"}],"curies":[{"name":"wp","href":"https:\/\/api.w.org\/{rel}","templated":true}]}}