{"id":622803,"date":"2025-12-26T06:33:25","date_gmt":"2025-12-26T06:33:25","guid":{"rendered":"https:\/\/www.europesays.com\/fr\/622803\/"},"modified":"2025-12-26T06:33:25","modified_gmt":"2025-12-26T06:33:25","slug":"le-psg-et-lubb-sur-le-toit-de-leurope-le-chef-doeuvre-alcaraz-sinner-ogier-et-dalin-dans-la-legende-nos-coups-de-coeur-dune-riche-annee-de-sport","status":"publish","type":"post","link":"https:\/\/www.europesays.com\/fr\/622803\/","title":{"rendered":"Le PSG et l\u2019UBB sur le toit de l\u2019Europe, le chef-d\u2019\u0153uvre Alcaraz-Sinner, Ogier et Dalin dans la l\u00e9gende&#8230; Nos coups de c\u0153ur d\u2019une riche ann\u00e9e de sport"},"content":{"rendered":"<p>\n    D\u00e9couvrez ce qui a plu aux journalistes de la r\u00e9daction des sports du Figaro en 2025. Sacre du Paris-SG en Ligue des champions, Ousmane Demb\u00e9l\u00e9 \u00e9lu Ballon d\u2019Or, les victoires du XV de France et de l\u2019UBB&#8230; Place au bilan.<\/p>\n<p>                                    PSG, apr\u00e8s tant d\u2019ann\u00e9es, de gal\u00e8res et de combats (C.R.)<\/p>\n<p class=\"fig-paragraph\"><a href=\"http:\/\/www.lefigaro.fr\/sports\/football\/ligue-des-champions\/ligue-des-champions-le-psg-enfin-sur-le-toit-de-l-europe-ca-valait-le-coup-d-attendre-20250601\" data-fig-type=\"NewsFlash\" data-gtm-custom-categorie=\"navigation\" data-gtm-custom-action=\"crossclick\" data-gtm-custom-label=\"Contextuel\" data-gtm-event=\"customEventSPE\" data-fig-domain=\"LEFIGARO\" target=\"_blank\" rel=\"noopener\">\u00c7a valait le coup d\u2019attendre<\/a>. Objectif affich\u00e9 depuis la prise de contr\u00f4le de QSI et du Qatar, en 2011, la Ligue des champions est enfin tomb\u00e9e dans l\u2019escarcelle du PSG au printemps dernier. Apr\u00e8s tant d\u2019ann\u00e9es et de gal\u00e8res et de combats, comme le dit si bien l\u2019hymne des supporters parisiens. Le d\u00e9part de Lionel Messi, Neymar ou encore Kylian Mbapp\u00e9 a fait craindre le pire. Il a permis \u00e0 Luis Enrique de cr\u00e9er un vrai groupe, un collectif, une \u00e9quipe. Une machine \u00e0 s\u00e9duire les foules, \u00e0 renverser des montagnes, \u00e0 gagner. Apr\u00e8s avoir accroch\u00e9 Manchester City, Liverpool ou encore Arsenal \u00e0 leur tableau de chasse, les Rouge et Bleu triomphaient \u00e0 Munich le 31 mai, au terme d\u2019<a href=\"http:\/\/www.lefigaro.fr\/sports\/football\/ligue-des-champions\/les-notes-du-psg-face-a-l-inter-doue-phenomenal-vitinha-exceptionnel-dembele-delicieux-dans-un-collectif-magique-20250531\" data-fig-type=\"NewsFlash\" data-gtm-custom-categorie=\"navigation\" data-gtm-custom-action=\"crossclick\" data-gtm-custom-label=\"Contextuel\" data-gtm-event=\"customEventSPE\" data-fig-domain=\"LEFIGARO\" target=\"_blank\" rel=\"noopener\">une d\u00e9monstration face \u00e0 l\u2019Inter (5-0) en finale<\/a>. Un match en forme de symbole de ce qu\u2019est le football de Luis Enrique. Un titre\u00a0? Un r\u00e9gal.<\/p>\n<p>                                            Ousmane Demb\u00e9l\u00e9 Ballon d\u2019Or et roi des c\u0153urs (B.D.)<\/p>\n<p class=\"fig-paragraph\">Il y a des images qui marquent une vie et impriment la r\u00e9tine. Pour l\u2019\u00e9ternit\u00e9. Jusqu\u2019\u00e0 ses vieux jours,\u00a0<a href=\"http:\/\/www.lefigaro.fr\/sports\/football\/ousmane-dembele-un-ballon-d-or-qui-touche-en-plein-coeur-20250923\" data-fig-type=\"Article\" data-gtm-custom-categorie=\"navigation\" data-gtm-custom-action=\"crossclick\" data-gtm-custom-label=\"Contextuel\" data-gtm-event=\"customEventSPE\" data-fig-domain=\"LEFIGARO\" target=\"_blank\" rel=\"noopener\">Ousmane Demb\u00e9l\u00e9<\/a>\u00a0se souviendra de cette soir\u00e9e du 22 septembre 2025 sur la sc\u00e8ne du th\u00e9\u00e2tre du Ch\u00e2telet, o\u00f9 il a eu l\u2019honneur de recevoir le Ballon d\u2019Or\u00a0<a href=\"http:\/\/www.lefigaro.fr\/sports\/football\/ligue-1\/la-justice-a-tranche-les-200-000-euros-verses-par-dembele-a-sa-mere-seront-taxes-20251105\" data-fig-type=\"NewsFlash\" data-gtm-custom-categorie=\"navigation\" data-gtm-custom-action=\"crossclick\" data-gtm-custom-label=\"Contextuel\" data-gtm-event=\"customEventSPE\" data-fig-domain=\"LEFIGARO\" target=\"_blank\" rel=\"noopener\">sous les yeux de sa maman<\/a>\u00a0et de ses proches. Pour son immense saison au PaSG (Ligue des champions, Ligue 1, Coupe de France et Troph\u00e9e des champions),\u00a0<a href=\"http:\/\/www.lefigaro.fr\/sports\/football\/ligue-des-champions\/les-notes-du-psg-face-a-l-inter-doue-phenomenal-vitinha-exceptionnel-dembele-delicieux-dans-un-collectif-magique-20250531\" data-fig-type=\"NewsFlash\" data-gtm-custom-categorie=\"navigation\" data-gtm-custom-action=\"crossclick\" data-gtm-custom-label=\"Contextuel\" data-gtm-event=\"customEventSPE\" data-fig-domain=\"LEFIGARO\" target=\"_blank\" rel=\"noopener\">son empreinte de glouton<\/a>\u00a0(35 buts et 16 passes d\u00e9cisives) et l\u2019image d\u2019un ailier repositionn\u00e9 en faux num\u00e9ro 9, aussi d\u00e9cisif qu\u2019altruiste, ce troph\u00e9e r\u00e9compense une trajectoire totalement inattendue. Personne n\u2019aurait mis\u00e9 un centime sur Demb\u00e9l\u00e9 Ballon d\u2019Or encore en d\u00e9but d\u2019ann\u00e9e. Personne\u00a0! La beaut\u00e9 du sport. L\u2019incertitude du foot. Sixi\u00e8me Bleu \u00e0 d\u00e9crocher la plus grande des r\u00e9compenses individuelles apr\u00e8s Kopa, Platini (trois fois), Papin, Zidane, Benzema, Demb\u00e9l\u00e9, champion du monde 2018, restera quoi qu\u2019il arrive dans l\u2019histoire du football fran\u00e7ais. \u00c0 jamais.<\/p>\n<p class=\"fig-body-link\">\n            \u00c0 lire aussi<br \/>\n        <a class=\"fig-body-link__link\" href=\"http:\/\/www.lefigaro.fr\/sports\/football\/ballon-d-or-roi-digne-vainqueur-dembele-parmi-les-geants-le-francais-porte-aux-nues-par-la-presse-20250923\" data-fig-type=\"NewsFlash\" data-gtm-custom-categorie=\"navigation\" data-gtm-custom-action=\"crossclick\" data-gtm-custom-label=\"Contextuel\" data-gtm-event=\"customEventSPE\" data-fig-domain=\"LEFIGARO\" target=\"_blank\" rel=\"noopener\"><\/p>\n<p>        Ballon d\u2019Or\u00a0: \u00abRoi\u00bb, \u00abdigne vainqueur\u00bb, \u00abDemb\u00e9l\u00e9 parmi les g\u00e9ants\u00bb, le Fran\u00e7ais port\u00e9 aux nues par la presse<br \/>\n    <\/a>\n<\/p>\n<p>                                            <a href=\"https:\/\/photo.lefigaro.fr\/sports\/football\/ligue-1\/ousmane-dembele-ballon-d-or-les-images-d-une-soiree-historique-20250923\" target=\"_blank\" rel=\"noopener\"><\/p>\n<p class=\"fig-slideshow__title\">\n                    Ousmane Demb\u00e9l\u00e9 Ballon d\u2019Or: les images d\u2019une soir\u00e9e historique\n                <\/p>\n<p>Acc\u00e9der au diaporama (19)<\/p>\n<p>    <\/a><br \/>\n                                            <a class=\"fig-a11y-skip\" href=\"#fig-a11y-skip-main-inarticle\" data-module=\"a11y-skip\" data-context=\"was @visible\"><br \/>\n    Passer la publicit\u00e9<br \/>\n<\/a>            <\/p>\n<p>                                            Vainqueur du Tournoi, le XV de France retrouve les sommets (A.C.)<\/p>\n<p class=\"fig-paragraph\">Un deuxi\u00e8me titre pour la g\u00e9n\u00e9ration dor\u00e9e du rugby fran\u00e7ais. Apr\u00e8s avoir eu du mal en 2023 \u00e0 dig\u00e9rer la d\u00e9sillusion de la Coupe du monde en France, le XV de France &#8211; qui a inscrit\u00a0<a href=\"http:\/\/www.lefigaro.fr\/sports\/rugby\/xv-de-france\/xv-de-france-en-video-les-30-essais-du-record-des-bleus-durant-le-tournoi-des-six-nations-20250319\" data-fig-type=\"NewsFlash\" data-gtm-custom-categorie=\"navigation\" data-gtm-custom-action=\"crossclick\" data-gtm-custom-label=\"Contextuel\" data-gtm-event=\"customEventSPE\" data-fig-domain=\"LEFIGARO\" target=\"_blank\" rel=\"noopener\">un record de 30 essais lors de la m\u00eame \u00e9dition<\/a>\u00a0&#8211; a repris sa marche en avant en remportant l\u2019\u00e9dition 2025 du Tournoi des six nations, malgr\u00e9\u00a0<a href=\"http:\/\/www.lefigaro.fr\/sports\/rugby\/6-nations\/angleterre-france-les-coups-de-coeur-et-coups-de-griffe-de-notre-envoye-special-20250209\" data-fig-type=\"NewsFlash\" data-gtm-custom-categorie=\"navigation\" data-gtm-custom-action=\"crossclick\" data-gtm-custom-label=\"Contextuel\" data-gtm-event=\"customEventSPE\" data-fig-domain=\"LEFIGARO\" target=\"_blank\" rel=\"noopener\">une d\u00e9faite en Angleterre (26-25)<\/a>\u00a0et la blessure d\u2019<a href=\"http:\/\/www.lefigaro.fr\/sports\/rugby\/top-14\/toulouse-racing-92-le-retour-du-roi-dupont-meafou-et-lebel-eclatants-le-geste-honteux-de-tarrit-les-tops-et-flops-20251129\" data-fig-type=\"NewsFlash\" data-gtm-custom-categorie=\"navigation\" data-gtm-custom-action=\"crossclick\" data-gtm-custom-label=\"Contextuel\" data-gtm-event=\"customEventSPE\" data-fig-domain=\"LEFIGARO\" target=\"_blank\" rel=\"noopener\">Antoine Dupont<\/a>\u00a0contre l\u2019Irlande. Apr\u00e8s quatre deuxi\u00e8mes places dans le Tournoi, pour un seul titre avec le Grand Chelem de 2022, les Bleus de Fabien Galthi\u00e9, &#8211; que Cyril Baille avait raill\u00e9 comme des \u00ab\u00e9ternels seconds\u00bb &#8211; ont pans\u00e9, en partie, les plaies des nombreuses d\u00e9sillusions qui ont parsem\u00e9 leur histoire. \u00abLa d\u00e9faite en Angleterre nous a beaucoup aid\u00e9s \u00e0 nous remettre en question, poursuit le pilier gauche tricolore. Et on a r\u00e9ussi \u00e0 finir en boulet de canon.\u00bb \u00c0 confirmer sur la route de la prochaine Coupe du monde en Australie. \u00ab\u00catre champions du monde, c\u2019est notre ambition. De mani\u00e8re tr\u00e8s claire, a martel\u00e9\u00a0<a href=\"http:\/\/www.lefigaro.fr\/sports\/rugby\/coupe-du-monde\/xv-de-france-notre-ambition-c-est-d-etre-champion-du-monde-martele-fabien-galthie-20251203\" data-fig-type=\"NewsFlash\" data-gtm-custom-categorie=\"navigation\" data-gtm-custom-action=\"crossclick\" data-gtm-custom-label=\"Contextuel\" data-gtm-event=\"customEventSPE\" data-fig-domain=\"LEFIGARO\" target=\"_blank\" rel=\"noopener\">le s\u00e9lectionneur des Bleus<\/a>\u00a0cet automne. Ce sera tr\u00e8s difficile. C\u2019est plus facile de ne pas l\u2019\u00eatre que d\u2019obtenir ce Graal.\u00bb Un Graal qui a fui les Tricolores \u00e0 trois reprises, butant sur la derni\u00e8re marche en 1987, 1999, et 2011. Avant cela le XV de France aura un titre continental \u00e0 d\u00e9fendre, d\u00e8s le 5 f\u00e9vrier, face \u00e0 l\u2019Irlande. Un jeudi soir, dr\u00f4le de calendrier&#8230;<\/p>\n<p class=\"fig-body-link\">\n            \u00c0 lire aussi<br \/>\n        <a class=\"fig-body-link__link fig-premium-mark\" href=\"http:\/\/www.lefigaro.fr\/sports\/rugby\/6-nations\/gagner-le-tournoi-est-un-grand-bonheur-et-un-soulagement-fabien-galthie-fixe-le-cap-pour-la-coupe-du-monde-en-australie-20250318\" data-fig-type=\"Article\" data-gtm-custom-categorie=\"navigation\" data-gtm-custom-action=\"crossclick\" data-gtm-custom-label=\"Contextuel\" data-gtm-event=\"customEventSPE\" data-fig-domain=\"LEFIGARO\" target=\"_blank\" rel=\"noopener\"><\/p>\n<p>        \u00abGagner le Tournoi est un grand bonheur et un soulagement\u00bb:\u00a0Fabien Galthi\u00e9 fixe le cap pour la Coupe du monde de rugby en Australie<br \/>\n    <\/a>\n<\/p>\n<p>                                            Alcaraz-Sinner, l\u2019inoubliable finale de Roland-Garros (R.S.)<\/p>\n<p class=\"fig-paragraph\">Plus c\u2019est long, plus c\u2019est bon. Au bout de l\u2019effort et du suspense, allong\u00e9 sur la terre battue parisienne, Carlos Alcaraz, au bout de lui-m\u00eame, a pu enfin savourer. Men\u00e9 deux sets \u00e0 z\u00e9ro par l\u2019Italien Jannik Sinner,\u00a0<a href=\"http:\/\/www.lefigaro.fr\/sports\/tennis\/roland-garros\/roland-garros-carlos-alcaraz-remporte-une-finale-legendaire-en-renversant-jannik-sinner-son-deuxieme-titre-a-paris-20250608\" data-fig-type=\"NewsFlash\" data-gtm-custom-categorie=\"navigation\" data-gtm-custom-action=\"crossclick\" data-gtm-custom-label=\"Contextuel\" data-gtm-event=\"customEventSPE\" data-fig-domain=\"LEFIGARO\" target=\"_blank\" rel=\"noopener\">l\u2019Espagnol est venu \u00e0 bout de son rival en finale<\/a>\u00a04-6, 6-7 (4\/7), 6-4, 7-6 (7\/3), 7-6 (10 \/2) en 5h29, effa\u00e7ant les 4h42 de la finale record de 1982 entre Mats Wilander \u00e0 Guillermo Vilas. Men\u00e9 deux sets \u00e0 z\u00e9ro, le tenant du titre\u00a0<a href=\"http:\/\/www.lefigaro.fr\/sports\/tennis\/roland-garros\/roland-garros-points-de-mutant-balles-de-match-sauvees-5h30-de-jeu-le-resume-video-d-une-finale-mythique-remportee-par-alcaraz-20250608\" data-fig-type=\"NewsFlash\" data-gtm-custom-categorie=\"navigation\" data-gtm-custom-action=\"crossclick\" data-gtm-custom-label=\"Contextuel\" data-gtm-event=\"customEventSPE\" data-fig-domain=\"LEFIGARO\" target=\"_blank\" rel=\"noopener\">a su renverser Sinner.<\/a>\u00a0\u00c0 5-3 dans le quatri\u00e8me set contre lui, il a effac\u00e9 trois balles de matches, avant de survoler le super tie-break de la derni\u00e8re manche avec l\u2019art et la mani\u00e8re. Le choc au sommet que tout le monde esp\u00e9rait entre les num\u00e9ros 1 et le num\u00e9ro 2 mondiaux, a \u00e9t\u00e9 d\u2019abord un peu d\u00e9cousu, puis intense, somptueux, sublime, compl\u00e8tement dingue. Et historique. Les deux nouveaux patrons du tennis mondial se sont rendus coup sur coup et ont mis KO les t\u00e9moins privil\u00e9gi\u00e9s de cet inoubliable chef-d\u2019\u0153uvre en cinq actes.<\/p>\n<p>                                            Lando Norris, la cons\u00e9cration d\u2019un attachant champion (C.C.)<\/p>\n<p class=\"fig-paragraph\">Lando Norris a mis un terme \u00e0 l\u2019h\u00e9g\u00e9monie de Max Verstappen sur le monde de la Formule 1. Apr\u00e8s quatre ann\u00e9es de r\u00e8gne,\u00a0<a href=\"http:\/\/www.lefigaro.fr\/sports\/formule-1\/formule-1-max-verstappen-le-panache-du-champion-meme-quand-il-ne-l-est-pas-20251207\" data-fig-type=\"NewsFlash\" data-gtm-custom-categorie=\"navigation\" data-gtm-custom-action=\"crossclick\" data-gtm-custom-label=\"Contextuel\" data-gtm-event=\"customEventSPE\" data-fig-domain=\"LEFIGARO\" target=\"_blank\" rel=\"noopener\">le N\u00e9erlandais a d\u00fb s\u2019incliner<\/a>, non sans avoir r\u00e9ussi \u00e0 maintenir le suspense jusqu\u2019au bout au gr\u00e9 d\u2019une folle remontada. Mais le Britannique de 26 ans n\u2019a pas craqu\u00e9. Malgr\u00e9 la pression. Malgr\u00e9 ses propres tourments int\u00e9rieurs.\u00a0<a href=\"http:\/\/www.lefigaro.fr\/sports\/formule-1\/formule-1-cela-a-ete-un-long-voyage-cette-saison-en-larmes-lando-norris-savoure-son-premier-titre-video-20251207\" data-fig-type=\"NewsFlash\" data-gtm-custom-categorie=\"navigation\" data-gtm-custom-action=\"crossclick\" data-gtm-custom-label=\"Contextuel\" data-gtm-event=\"customEventSPE\" data-fig-domain=\"LEFIGARO\" target=\"_blank\" rel=\"noopener\">Son \u00e9motion en disait long sur son bonheur<\/a>\u00a0apr\u00e8s avoir franchi en 3e position \u00e0 Abou Dabi. Mais aussi sur son soulagement. Alors certes, dans cette discipline \u00e0 la m\u00e9canique d\u2019horloger, le m\u00e9rite est souvent partag\u00e9 entre le talent du pilote et la qualit\u00e9 de sa monoplace. Et avec la McLaren, Norris a \u00e9t\u00e9 g\u00e2t\u00e9. Mais il n\u2019en demeure pas moins qu\u2019il fallait r\u00e9sister au stress, au poids des attentes.\u00a0<a href=\"http:\/\/www.lefigaro.fr\/sports\/formule-1\/formule-1-lando-norris-champion-du-monde-la-consecration-d-un-ancien-fragile-20251207\" data-fig-type=\"Article\" data-gtm-custom-categorie=\"navigation\" data-gtm-custom-action=\"crossclick\" data-gtm-custom-label=\"Contextuel\" data-gtm-event=\"customEventSPE\" data-fig-domain=\"LEFIGARO\" target=\"_blank\" rel=\"noopener\">D\u2019ancien fragile, Norris est devenu champion du monde en 2025<\/a>.<\/p>\n<p>                                            Valentin Paret-Peintre, un virage dans la l\u00e9gende du Tour (J.J.E)<\/p>\n<p class=\"fig-paragraph\"><a href=\"http:\/\/www.lefigaro.fr\/sports\/cyclisme\/tour-de-france\/tour-de-france-valentin-paret-peintre-hisse-le-drapeau-bleu-blanc-rouge-au-sommet-du-ventoux-20250722\" data-fig-type=\"Article\" data-gtm-custom-categorie=\"navigation\" data-gtm-custom-action=\"crossclick\" data-gtm-custom-label=\"Contextuel\" data-gtm-event=\"customEventSPE\" data-fig-domain=\"LEFIGARO\" target=\"_blank\" rel=\"noopener\">Valentin Paret-Peintre<\/a>. Le Tour de France attaquait sa troisi\u00e8me et derni\u00e8re semaine, les supporters tricolores suivaient avec attention K\u00e9vin Vauquelin, bien d\u00e9cid\u00e9 \u00e0 rester dans le Top 10 du classement (finalement 7e) mais esp\u00e9raient toujours une premi\u00e8re victoire d\u2019\u00e9tape. La 16e \u00e9tape du Tour de France rev\u00eatait un caract\u00e8re particulier, en conduisant de Montpellier au Mont Ventoux. Un haut lieu du Tour. Une terre d\u2019exploits et de drames.\u00a0<a href=\"http:\/\/www.lefigaro.fr\/sports\/cyclisme\/tour-de-france\/tour-de-france-allez-valentin-pour-les-livres-d-histoire-la-video-fabuleuse-dans-la-voiture-suiveuse-de-paret-peintre-a-l-arrivee-du-ventoux-20250723\" data-fig-type=\"NewsFlash\" data-gtm-custom-categorie=\"navigation\" data-gtm-custom-action=\"crossclick\" data-gtm-custom-label=\"Contextuel\" data-gtm-event=\"customEventSPE\" data-fig-domain=\"LEFIGARO\" target=\"_blank\" rel=\"noopener\">Valentin Paret-Peintre<\/a>\u00a0(24 ans ; Soudal Quick-Step), le grimpeur fran\u00e7ais a, avec du souffle, des jambes de feu et une bonne de sang-froid, pris le meilleur sur le coriace Irlandais Ben Healy dans les derniers m\u00e8tres pour signer un premier succ\u00e8s sur le Tour. Une victoire de prestige. La montagne pouvait laisser courir l\u2019\u00e9cho d\u2019un plaisir contagieux. Apr\u00e8s Raymond Poulidor (1965), Bernard Th\u00e9venet (1972), Jean-Fran\u00e7ois Bernard (1987) et Richard Virenque (2002), un Fran\u00e7ais venait de dompter l\u2019une des ascensions les plus mythiques de la Grande Boucle.<\/p>\n<p class=\"fig-body-link\">\n            \u00c0 lire aussi<br \/>\n        <a class=\"fig-body-link__link\" href=\"http:\/\/www.lefigaro.fr\/sports\/cyclisme\/tour-de-france\/tour-de-france-coureur-bordelique-la-miette-poids-de-forme-a-52kg-qui-est-valentin-paret-peintre-heros-francais-au-ventoux-20250722\" data-fig-type=\"NewsFlash\" data-gtm-custom-categorie=\"navigation\" data-gtm-custom-action=\"crossclick\" data-gtm-custom-label=\"Contextuel\" data-gtm-event=\"customEventSPE\" data-fig-domain=\"LEFIGARO\" target=\"_blank\" rel=\"noopener\"><\/p>\n<p>        Tour de France\u00a0: poids plume de 52 kg, \u00abla miette\u00bb, coureur bord\u00e9lique&#8230; Qui est Valentin Paret-Peintre, h\u00e9ros fran\u00e7ais au Ventoux\u00a0?<br \/>\n    <\/a>\n<\/p>\n<p>                                            La premi\u00e8re et savoureuse \u00e9toile de l\u2019UBB (L.F.)<\/p>\n<p class=\"fig-paragraph\">Le 24 mai 2025 \u00e0 jamais dans les c\u0153urs girondins. Si les Bordelais pleurent leur sort d\u2019une \u00e9quipe de foot en plein d\u00e9clin, le rugby a pu leur remonter le moral. Apr\u00e8s (seulement) 19 ans d\u2019existence (fusion en 2006, NDLR.), l\u2019Union Bordeaux-B\u00e8gles a remport\u00e9, en mai dernier,\u00a0<a href=\"http:\/\/www.lefigaro.fr\/sports\/rugby\/coupe-d-europe\/champions-cup-de-rugby-l-ubb-remporte-son-premier-titre-europeen-face-a-northampton-20250524\" target=\"_blank\" data-fig-type=\"NewsFlash\" rel=\"noopener\" data-gtm-custom-categorie=\"navigation\" data-gtm-custom-action=\"crossclick\" data-gtm-custom-label=\"Contextuel\" data-gtm-event=\"customEventSPE\" data-fig-domain=\"LEFIGARO\">le premier titre de son histoire<\/a>. Si les Unionistes n\u2019arrivent pas \u00e0 rivaliser avec l\u2019ogre du Stade Toulousain en Top 14, Louis Bielle-Biarrey et sa bande se sont pay\u00e9 le luxe\u00a0<a href=\"http:\/\/www.lefigaro.fr\/sports\/rugby\/coupe-d-europe\/rugby-champions-cup-l-ubb-vient-a-bout-de-toulouse-et-jouera-une-premiere-finale-europeenne-20250504\" target=\"_blank\" data-fig-type=\"NewsFlash\" rel=\"noopener\" data-gtm-custom-categorie=\"navigation\" data-gtm-custom-action=\"crossclick\" data-gtm-custom-label=\"Contextuel\" data-gtm-event=\"customEventSPE\" data-fig-domain=\"LEFIGARO\">d\u2019\u00e9liminer les Toulousains (35-18)<\/a>\u00a0en demies de la Champions Cup, avec la mani\u00e8re. S\u2019imposant face \u00e0 Northampton \u00e0 Cardiff (28-20) en finale, la liesse s\u2019est rapidement empar\u00e9e place des Quinconces. Un engouement s\u2019est alors cr\u00e9\u00e9 \u00e0 Bordeaux, entra\u00eenant de nombreux jours de c\u00e9l\u00e9bration. Un premier titre important pour le club, qui confirme sa bonne lanc\u00e9e et le projet ambitieux.<\/p>\n<p>                                            <a class=\"fig-a11y-skip\" href=\"#fig-a11y-skip-main-inarticle_mtf\" data-module=\"a11y-skip\" data-context=\"was @visible\"><br \/>\n    Passer la publicit\u00e9<br \/>\n<\/a>            <\/p>\n<p>                                            Paris Basketball, la success-story (C.R.)<\/p>\n<p class=\"fig-paragraph\">De sa naissance, en 2018, \u00e0 son premier titre de champion, en 2025,\u00a0<a href=\"http:\/\/www.lefigaro.fr\/sports\/basket\/le-paris-basketball-champion-de-france-naissance-premieres-apotheose-recit-d-une-odyssee-vers-les-etoiles-20250625\" data-fig-type=\"NewsFlash\" data-gtm-custom-categorie=\"navigation\" data-gtm-custom-action=\"crossclick\" data-gtm-custom-label=\"Contextuel\" data-gtm-event=\"customEventSPE\" data-fig-domain=\"LEFIGARO\" target=\"_blank\" rel=\"noopener\">le Paris Basketball a gravi les \u00e9chelons \u00e0 la vitesse grand V<\/a>. Pari gagnant. Promu en Betclic Elite en 2021, le club de David Kahn et Eric Schwarz faisait le pari du coach finlandais Tuomas Lisalo, qui arrivait de Bonn avec plusieurs de ses anciens joueurs dans ses bagages, dont TJ Shorts. Un jeu tout feu tout flamme qui a secou\u00e9 la France et l\u2019Europe et qui a perdur\u00e9 sous Tiago Splitter la saison pass\u00e9e. 2024, les premiers troph\u00e9es, la Coupe de France et l\u2019Eurocoupe. 2025, l\u2019apoth\u00e9ose, une campagne exceptionnelle en Euroligue et le titre de champion de France, face \u00e0 Monaco, apr\u00e8s une s\u00e9rie \u00e0 suspense qui s\u2019est achev\u00e9e au match 5, dans une\u00a0<a href=\"http:\/\/www.lefigaro.fr\/sports\/basket\/basket-sponsors-visibilite-experience-comment-l-adidas-arena-a-change-la-vie-du-paris-basketball-20250211\" data-fig-type=\"Article\" data-gtm-custom-categorie=\"navigation\" data-gtm-custom-action=\"crossclick\" data-gtm-custom-label=\"Contextuel\" data-gtm-event=\"customEventSPE\" data-fig-domain=\"LEFIGARO\" target=\"_blank\" rel=\"noopener\">Adidas Arena qui a souvent fait le plein depuis son inauguration, en f\u00e9vrier dernier<\/a>. Success story. La r\u00e9ussite d\u2019une id\u00e9e de jeu, d\u2019un groupe, d\u2019un club, avec un chef de file nomm\u00e9\u00a0<a href=\"http:\/\/www.lefigaro.fr\/sports\/basket\/oubliez-sa-taille-d-1-75m-c-est-un-geant-qui-est-tj-shorts-le-meneur-americain-qui-a-place-paris-au-sommet-du-basket-francais-20250625\" data-fig-type=\"NewsFlash\" data-gtm-custom-categorie=\"navigation\" data-gtm-custom-action=\"crossclick\" data-gtm-custom-label=\"Contextuel\" data-gtm-event=\"customEventSPE\" data-fig-domain=\"LEFIGARO\" target=\"_blank\" rel=\"noopener\">TJ Shorts, peut-\u00eatre le meilleur \u00e9tranger de l\u2019histoire du championnat<\/a>.<\/p>\n<p>                                            S\u00e9bastien Ogier, dans la l\u00e9gende aux c\u00f4t\u00e9s de S\u00e9bastien Loeb (G.F.)<\/p>\n<p class=\"fig-paragraph\">Le Haut-Alpin a a d\u00e9croch\u00e9 cette ann\u00e9e\u00a0<a href=\"https:\/\/photo.lefigaro.fr\/sports\/rallye\/clash-avec-loeb-neuf-sacres-mondiaux-et-couple-star-avec-une-vedette-de-la-television-la-carriere-d-ogier-en-images-20251129\" data-fig-type=\"SlideShowResource\" data-gtm-custom-categorie=\"navigation\" data-gtm-custom-action=\"crossclick\" data-gtm-custom-label=\"Contextuel\" data-gtm-event=\"customEventSPE\" data-fig-domain=\"LEFIGARO\" target=\"_blank\" rel=\"noopener\">une neuvi\u00e8me couronne mondiale<\/a>\u00a0quatre ans apr\u00e8s son dernier sacre. Une nouvelle cons\u00e9cration qui lui permet d\u2019\u00e9galer la l\u00e9gende S\u00e9bastien Loeb obtenue alors que, contrairement \u00e0 ses adversaires, il n\u2019a pas disput\u00e9 l\u2019int\u00e9gralit\u00e9 du championnat (11 manches seulement sur 14). Un exploit qui montre \u00e0 quel point le Fran\u00e7ais r\u00e8gne sur la discipline. Le pilote Toyota (41 ans), install\u00e9 en Allemagne depuis plusieurs ann\u00e9es, pourrait devenir l\u2019an prochain le recordman du nombre de titres mondiaux, toujours avec Toyota et encore avec un programme partiel.<\/p>\n<p>                                            Charlie Dalin, dans la grande histoire du Vend\u00e9e Globe, malgr\u00e9 un cancer (M.C.)<\/p>\n<p class=\"fig-paragraph\">Deuxi\u00e8me de la pr\u00e9c\u00e9dente \u00e9dition (apr\u00e8s avoir coup\u00e9 la ligne en premier, rappelons-le), Charlie Dalin a (enfin) r\u00e9ussi \u00e0 triompher le 14 janvier dernier dans une dixi\u00e8me \u00e9dition du Vend\u00e9e Globe de tous les records. A la barre de son monocoque Macif Sant\u00e9 Pr\u00e9voyance, le Normand a tout simplement pulv\u00e9ris\u00e9 le record du tour du monde de plus de neuf jours. Une performance d\u2019autant plus exceptionnelle qui a d\u00fb batailler avec un f\u00e9roce cancer de l\u2019intestin qui l\u2019a oblig\u00e9 \u00e0 beaucoup se reposer et dont il a seulement r\u00e9v\u00e9l\u00e9 son existence en octobre dernier. Logiquement \u00e9lu\u00a0<a href=\"http:\/\/www.lefigaro.fr\/sports\/voile\/il-a-touche-le-coeur-des-gens-charlie-dalin-elu-marin-de-l-annee-2025-comme-une-evidence-20251215\" data-fig-type=\"NewsFlash\" data-gtm-custom-categorie=\"navigation\" data-gtm-custom-action=\"crossclick\" data-gtm-custom-label=\"Contextuel\" data-gtm-event=\"customEventSPE\" data-fig-domain=\"LEFIGARO\" target=\"_blank\" rel=\"noopener\">Marin de l\u2019ann\u00e9e 2025<\/a>, le 15 d\u00e9cembre, Charlie Dalin a forc\u00e9 l\u2019admiration de tous. \u00abIl a touch\u00e9 le coeur des gens\u00bb, a applaudi Tony Estanguet, le patron des Jeux de Paris 2024 .<\/p>\n<p>                                            Rory McIlroy, une premi\u00e8re veste verte de champion \u00e0 l\u00e9gende (R.S.)<\/p>\n<p class=\"fig-paragraph\">Difficile de ne pas avoir eu la gorge serr\u00e9e quand le Nord-Irlandais est tomb\u00e9 en larmes \u00e0 genoux sur le green du 18 du parcours d\u2019Augusta.\u00a0<a href=\"http:\/\/golf.lefigaro.fr\/masters-d-augusta-rory-mcilroy-un-champion-devenu-une-legende-de-la-petite-balle-blanche-20250414\" data-fig-type=\"Article\" data-gtm-custom-categorie=\"navigation\" data-gtm-custom-action=\"crossclick\" data-gtm-custom-label=\"Contextuel\" data-gtm-event=\"customEventSPE\" data-fig-domain=\"GOLF\" target=\"_blank\" rel=\"noopener\">En remportant le Masters,<\/a>\u00a0Rory McIlroy est devenu \u00e0 34 ans le sixi\u00e8me golfeur de l\u2019histoire \u00e0 s\u2019imposer dans les quatre \u00e9preuves du Grand Chelem. McIlroy a \u00e9galement mis fin \u00e0 une mal\u00e9diction. Il n\u2019avait plus triomph\u00e9 dans un tournoi du Grand Chelem depuis 11 ans (lUSPGA 2014). \u00c0 l\u2019image de sa carri\u00e8re, il a connu lors du\u00a0<a href=\"http:\/\/golf.lefigaro.fr\/actualite\/majeurs\/masters-d-augusta-mcilroy-s-offre-sa-premiere-verte-et-rejoint-les-legendes-du-golf-20250414\" data-fig-type=\"NewsFlash\" data-gtm-custom-categorie=\"navigation\" data-gtm-custom-action=\"crossclick\" data-gtm-custom-label=\"Contextuel\" data-gtm-event=\"customEventSPE\" data-fig-domain=\"GOLF\" target=\"_blank\" rel=\"noopener\">dernier tour du Masters<\/a>\u00a0des sommets avec plusieurs coups exceptionnels, mais aussi des ab\u00eemes. \u00ab Une v\u00e9ritable montagne d\u2019\u00e9motions\u00a0\u00bb, a-t-il r\u00e9sum\u00e9. Cet hypersensible a \u00e9t\u00e9 emport\u00e9 par les larmes \u00e0 l\u2019\u00e9vocation de ses parents quand il a re\u00e7u, comme le veut la tradition, la veste verte, taille 38, du vainqueur des mains de Scottie Scheffler, laur\u00e9at en 2024. \u00c9motion partag\u00e9e.<\/p>\n<p>                                            Valentin Vacherot, l\u2019invit\u00e9 surprise devenu une \u00e9vidence (E.C)<\/p>\n<p class=\"fig-paragraph\">Valentin Vacherot est peut-\u00eatre la plus belle histoire de cette saison tennistique. Tranquillement, presque en dehors des radars, le Mon\u00e9gasque a transform\u00e9 l\u2019improbable en l\u00e9gende vivante\u00a0: de la 204e place \u00e0\u00a0<a href=\"http:\/\/www.lefigaro.fr\/sports\/tennis\/tennis-vacherot-vient-a-bout-de-son-cousin-arthur-rinderknech-a-shanghai-20251012\" target=\"_blank\" data-fig-type=\"NewsFlash\" rel=\"noopener\" data-gtm-custom-categorie=\"navigation\" data-gtm-custom-action=\"crossclick\" data-gtm-custom-label=\"Contextuel\" data-gtm-event=\"customEventSPE\" data-fig-domain=\"LEFIGARO\">champion d\u2019un Masters 1000 \u00e0 Shanghai<\/a>, il a sign\u00e9 l\u2019une des plus grandes surprises de cette ann\u00e9e. Entr\u00e9 en qualification comme ultime alternative, il a align\u00e9 neuf victoires cons\u00e9cutives, encha\u00eenant les grands noms\u00a0: Bublik, Machac, Rune et m\u00eame Novak Djokovic. Il soul\u00e8vera ensuite le troph\u00e9e\u00a0<a href=\"http:\/\/www.lefigaro.fr\/sports\/tennis\/tennis-vacherot-et-rinderknech-la-fabuleuse-histoire-des-cousins-a-shanghai-20251012\" target=\"_blank\" data-fig-type=\"Article\" rel=\"noopener\" data-gtm-custom-categorie=\"navigation\" data-gtm-custom-action=\"crossclick\" data-gtm-custom-label=\"Contextuel\" data-gtm-event=\"customEventSPE\" data-fig-domain=\"LEFIGARO\">face \u00e0 son cousin, Arthur Rinderknech,\u00a0<\/a>alors que personne ne l\u2019attendait l\u00e0. Il est ainsi devenu le joueur le moins bien class\u00e9 \u00e0 remporter un Masters 1000. Au-del\u00e0 du chiffre, c\u2019est une claque d\u2019\u00e9motion pure\u00a0: ce n\u2019est pas seulement une victoire, mais une histoire de r\u00e9silience, de travail et de foi. Que ce soit \u00e0 Shanghai ou ensuite \u00e0 Paris, o\u00f9\u00a0<a href=\"http:\/\/www.lefigaro.fr\/sports\/je-savais-que-je-jouais-mieux-que-ca-apres-son-elimination-au-rolex-paris-masters-valentin-vacherot-prouve-qu-il-n-est-pas-un-feu-de-paille-20251031\" target=\"_blank\" data-fig-type=\"Article\" rel=\"noopener\" data-gtm-custom-categorie=\"navigation\" data-gtm-custom-action=\"crossclick\" data-gtm-custom-label=\"Contextuel\" data-gtm-event=\"customEventSPE\" data-fig-domain=\"LEFIGARO\">il a confirm\u00e9 qu\u2019il n\u2019\u00e9tait pas qu\u2019un feu de paille<\/a>, Vacherot a incarn\u00e9 l\u2019underdog moderne, transformant 2025 en son ann\u00e9e.<\/p>\n","protected":false},"excerpt":{"rendered":"D\u00e9couvrez ce qui a plu aux journalistes de la r\u00e9daction des sports du Figaro en 2025. Sacre du&hellip;\n","protected":false},"author":2,"featured_media":622804,"comment_status":"","ping_status":"","sticky":false,"template":"","format":"standard","meta":{"footnotes":""},"categories":[1888],"tags":[1111,1928,11,1927,7779,57230,1777,674,1011,27,20859,12,1926,2782,626,2179,1925,93,25,5079,7974,513],"class_list":{"0":"post-622803","1":"post","2":"type-post","3":"status-publish","4":"format-standard","5":"has-post-thumbnail","7":"category-paris","8":"tag-actu","9":"tag-actu-paris","10":"tag-actualites","11":"tag-actualites-paris","12":"tag-carlos-alcaraz","13":"tag-charlie-dalin","14":"tag-eu","15":"tag-europe","16":"tag-fr","17":"tag-france","18":"tag-jannik-sinner","19":"tag-news","20":"tag-news-paris","21":"tag-ousmane-dembele","22":"tag-paris","23":"tag-paris-basketball","24":"tag-paris-news","25":"tag-psg","26":"tag-republique-francaise","27":"tag-rory-mcilroy","28":"tag-union-bordeaux-begles","29":"tag-xv-de-france"},"share_on_mastodon":{"url":"https:\/\/pubeurope.com\/@fr\/115784476571680831","error":""},"_links":{"self":[{"href":"https:\/\/www.europesays.com\/fr\/wp-json\/wp\/v2\/posts\/622803","targetHints":{"allow":["GET"]}}],"collection":[{"href":"https:\/\/www.europesays.com\/fr\/wp-json\/wp\/v2\/posts"}],"about":[{"href":"https:\/\/www.europesays.com\/fr\/wp-json\/wp\/v2\/types\/post"}],"author":[{"embeddable":true,"href":"https:\/\/www.europesays.com\/fr\/wp-json\/wp\/v2\/users\/2"}],"replies":[{"embeddable":true,"href":"https:\/\/www.europesays.com\/fr\/wp-json\/wp\/v2\/comments?post=622803"}],"version-history":[{"count":0,"href":"https:\/\/www.europesays.com\/fr\/wp-json\/wp\/v2\/posts\/622803\/revisions"}],"wp:featuredmedia":[{"embeddable":true,"href":"https:\/\/www.europesays.com\/fr\/wp-json\/wp\/v2\/media\/622804"}],"wp:attachment":[{"href":"https:\/\/www.europesays.com\/fr\/wp-json\/wp\/v2\/media?parent=622803"}],"wp:term":[{"taxonomy":"category","embeddable":true,"href":"https:\/\/www.europesays.com\/fr\/wp-json\/wp\/v2\/categories?post=622803"},{"taxonomy":"post_tag","embeddable":true,"href":"https:\/\/www.europesays.com\/fr\/wp-json\/wp\/v2\/tags?post=622803"}],"curies":[{"name":"wp","href":"https:\/\/api.w.org\/{rel}","templated":true}]}}