{"id":622815,"date":"2025-12-26T06:40:38","date_gmt":"2025-12-26T06:40:38","guid":{"rendered":"https:\/\/www.europesays.com\/fr\/622815\/"},"modified":"2025-12-26T06:40:38","modified_gmt":"2025-12-26T06:40:38","slug":"royaume-uni-arrestation-dune-femme-agee-pro-gaza-a-londres","status":"publish","type":"post","link":"https:\/\/www.europesays.com\/fr\/622815\/","title":{"rendered":"Royaume-Uni: arrestation d\u2019une femme \u00e2g\u00e9e pro-Gaza \u00e0 Londres"},"content":{"rendered":"<p>#Royaume-Uni<\/p>\n<p>#police britannique<\/p>\n<p>#manifestation pro-palestinienne<\/p>\n<p>#Gaza<\/p>\n<p>#g\u00e9nocide isra\u00e9lien<\/p>\n<p>#arrestation manifestants<\/p>\n<p>#Palestine Action<\/p>\n<p>#d\u00e9tention sans proc\u00e8s<\/p>\n<p>#droits humains<\/p>\n<p>#libert\u00e9s publiques<\/p>\n<p>#r\u00e9pression polici\u00e8re<\/p>\n<p>#soutien \u00e0 la Palestine<\/p>\n<p>#Londres<\/p>\n<p>#gr\u00e8ve de la faim<\/p>\n<p>#militants pro-Gaza<\/p>\n<p>#manifestations Royaume-Uni<\/p>\n<p>#police Londres<\/p>\n<p>#activistes palestiniens<\/p>\n<p>#r\u00e9pression manifestations<\/p>\n<p>#conflit isra\u00e9lo-palestinien<\/p>\n","protected":false},"excerpt":{"rendered":"#Royaume-Uni #police britannique #manifestation pro-palestinienne #Gaza #g\u00e9nocide isra\u00e9lien #arrestation manifestants #Palestine Action #d\u00e9tention sans proc\u00e8s #droits humains #libert\u00e9s&hellip;\n","protected":false},"author":2,"featured_media":622816,"comment_status":"","ping_status":"","sticky":false,"template":"","format":"standard","meta":{"footnotes":""},"categories":[1588],"tags":[73210,11,73205,3259,73206,4625,1777,674,665,73204,5937,12029,4534,73203,73208,73207,12,38577,19504,73209,73211,27563,473,1853,72999,1851,1850,1852],"class_list":{"0":"post-622815","1":"post","2":"type-post","3":"status-publish","4":"format-standard","5":"has-post-thumbnail","7":"category-royaume-uni","8":"tag-activistes-palestiniens","9":"tag-actualites","10":"tag-arrestation-manifestants","11":"tag-conflit-israelo-palestinien","12":"tag-detention-sans-proces","13":"tag-droits-humains","14":"tag-eu","15":"tag-europe","16":"tag-gaza","17":"tag-genocide-israelien","18":"tag-greve-de-la-faim","19":"tag-libertes-publiques","20":"tag-londres","21":"tag-manifestation-pro-palestinienne","22":"tag-manifestations-royaume-uni","23":"tag-militants-pro-gaza","24":"tag-news","25":"tag-palestine-action","26":"tag-police-britannique","27":"tag-police-londres","28":"tag-repression-manifestations","29":"tag-repression-policiere","30":"tag-royaume-uni","31":"tag-royaume-uni-de-grande-bretagne-et-dirlande-du-nord","32":"tag-soutien-a-la-palestine","33":"tag-uk","34":"tag-united-kingdom","35":"tag-united-kingdom-of-great-britain-and-northern-ireland"},"share_on_mastodon":{"url":"","error":"Validation failed: Text character limit of 500 exceeded"},"_links":{"self":[{"href":"https:\/\/www.europesays.com\/fr\/wp-json\/wp\/v2\/posts\/622815","targetHints":{"allow":["GET"]}}],"collection":[{"href":"https:\/\/www.europesays.com\/fr\/wp-json\/wp\/v2\/posts"}],"about":[{"href":"https:\/\/www.europesays.com\/fr\/wp-json\/wp\/v2\/types\/post"}],"author":[{"embeddable":true,"href":"https:\/\/www.europesays.com\/fr\/wp-json\/wp\/v2\/users\/2"}],"replies":[{"embeddable":true,"href":"https:\/\/www.europesays.com\/fr\/wp-json\/wp\/v2\/comments?post=622815"}],"version-history":[{"count":0,"href":"https:\/\/www.europesays.com\/fr\/wp-json\/wp\/v2\/posts\/622815\/revisions"}],"wp:featuredmedia":[{"embeddable":true,"href":"https:\/\/www.europesays.com\/fr\/wp-json\/wp\/v2\/media\/622816"}],"wp:attachment":[{"href":"https:\/\/www.europesays.com\/fr\/wp-json\/wp\/v2\/media?parent=622815"}],"wp:term":[{"taxonomy":"category","embeddable":true,"href":"https:\/\/www.europesays.com\/fr\/wp-json\/wp\/v2\/categories?post=622815"},{"taxonomy":"post_tag","embeddable":true,"href":"https:\/\/www.europesays.com\/fr\/wp-json\/wp\/v2\/tags?post=622815"}],"curies":[{"name":"wp","href":"https:\/\/api.w.org\/{rel}","templated":true}]}}